{"id":3619,"date":"2024-07-19T14:25:57","date_gmt":"2024-07-19T12:25:57","guid":{"rendered":"https:\/\/projects.atxeit.ch\/syndicom\/?post_type=article&#038;p=3619"},"modified":"2025-07-23T16:13:51","modified_gmt":"2025-07-23T14:13:51","slug":"cct-infrastructure-de-reseau-duree-de-validite","status":"publish","type":"article","link":"https:\/\/syndicom.ch\/fr\/article-guide\/cct-infrastructure-de-reseau-duree-de-validite\/","title":{"rendered":"CCT Infrastructure de r\u00e9seau \u2013 dur\u00e9e de validit\u00e9"},"content":{"rendered":"\n<div class=\"wp-block-group alignfull has-background-color has-primary-background-color has-text-color has-background has-link-color wp-elements-fc65c9a048c7a33cdee48508cfd98522 is-layout-constrained wp-block-group-is-layout-constrained\">\n<div class=\"wp-block-group is-style-narrow is-layout-constrained wp-block-group-is-layout-constrained\">\n<p class=\"is-style-lead\">Je travaille comme \u00e9lectricien de r\u00e9seau pour une entreprise dont le si\u00e8ge se trouve dans le canton de Berne. Mon chef indiquait en automne 2022 qu\u2019il n\u2019\u00e9tait pas certain que le Conseil f\u00e9d\u00e9ral approuve dans les d\u00e9lais la prolongation de la d\u00e9claration de force obligatoire (DFO) de la convention collective de travail pour la branche infrastructure de r\u00e9seau (ci-apr\u00e8s : CCT Infrastructure de r\u00e9seau), afin de garantir sa p\u00e9rennit\u00e9. Des rumeurs laissaient entendre que les conditions de salaire et de travail risquaient donc de se d\u00e9t\u00e9riorer. <\/p>\n<\/div>\n<\/div>\n\n\n\n<div class=\"wp-block-group alignfull has-background-background-color has-background is-layout-constrained wp-block-group-is-layout-constrained\">\n<div class=\"wp-block-group is-style-narrow is-layout-constrained wp-block-group-is-layout-constrained\">\n<h2 class=\"wp-block-heading\"><strong>La CCT Infrastructure de r\u00e9seau est-elle encore valable ?<\/strong><\/h2>\n\n\n\n<p>Le 16 d\u00e9cembre 2022, le Conseil f\u00e9d\u00e9ral a d\u00e9cid\u00e9 de prolonger la DFO de la CCT Infrastructure de r\u00e9seau sans interruption jusqu\u2019au 31 d\u00e9cembre 2026. Du fait de cette prolongation, le champ d\u2019application de la CCT reste applicable \u00e0 tous les employ\u00e9-es et employeurs de la branche infrastructure de r\u00e9seau. Tous les employeurs de la branche Infrastructure de r\u00e9seau sont donc tenus de continuer \u00e0 garantir les conditions de salaire et de travail fix\u00e9es dans la CCT Infrastructure de r\u00e9seau.<\/p>\n<\/div>\n<\/div>\n","protected":false},"excerpt":{"rendered":"<p>La validit\u00e9 de la CCT de la branche des infrastructures de r\u00e9seau<\/p>\n","protected":false},"featured_media":0,"template":"","meta":{"_acf_changed":false,"inline_featured_image":false,"_coblocks_attr":"","_coblocks_dimensions":"","_coblocks_responsive_height":"","_coblocks_accordion_ie_support":"","footnotes":""},"article-category":[],"class_list":["post-3619","article","type-article","status-publish","hentry"],"acf":[],"yoast_head":"<!-- This site is optimized with the Yoast SEO plugin v27.3 - https:\/\/yoast.com\/product\/yoast-seo-wordpress\/ -->\n<title>CCT Infrastructure de r\u00e9seau \u2013 dur\u00e9e de validit\u00e9 - syndicom<\/title>\n<meta name=\"description\" content=\"Combien de temps la CCT pour la branche des infrastructures de r\u00e9seau est-elle encore valable ? Le syndicat syndicom informe.\" \/>\n<meta name=\"robots\" content=\"index, follow, max-snippet:-1, max-image-preview:large, max-video-preview:-1\" \/>\n<link rel=\"canonical\" href=\"https:\/\/syndicom.ch\/fr\/article-guide\/cct-infrastructure-de-reseau-duree-de-validite\/\" \/>\n<meta property=\"og:locale\" content=\"fr_FR\" \/>\n<meta property=\"og:type\" content=\"article\" \/>\n<meta property=\"og:title\" content=\"CCT Infrastructure de r\u00e9seau \u2013 dur\u00e9e de validit\u00e9 - syndicom\" \/>\n<meta property=\"og:description\" content=\"Combien de temps la CCT pour la branche des infrastructures de r\u00e9seau est-elle encore valable ? Le syndicat syndicom informe.\" \/>\n<meta property=\"og:url\" content=\"https:\/\/syndicom.ch\/fr\/article-guide\/cct-infrastructure-de-reseau-duree-de-validite\/\" \/>\n<meta property=\"og:site_name\" content=\"syndicom\" \/>\n<meta property=\"article:modified_time\" content=\"2025-07-23T14:13:51+00:00\" \/>\n<meta name=\"twitter:card\" content=\"summary_large_image\" \/>\n<meta name=\"twitter:label1\" content=\"Dur\u00e9e de lecture estim\u00e9e\" \/>\n\t<meta name=\"twitter:data1\" content=\"1 minute\" \/>\n<script type=\"application\/ld+json\" class=\"yoast-schema-graph\">{\"@context\":\"https:\\\/\\\/schema.org\",\"@graph\":[{\"@type\":\"WebPage\",\"@id\":\"https:\\\/\\\/syndicom.ch\\\/fr\\\/article-guide\\\/cct-infrastructure-de-reseau-duree-de-validite\\\/\",\"url\":\"https:\\\/\\\/syndicom.ch\\\/fr\\\/article-guide\\\/cct-infrastructure-de-reseau-duree-de-validite\\\/\",\"name\":\"CCT Infrastructure de r\u00e9seau \u2013 dur\u00e9e de validit\u00e9 - syndicom\",\"isPartOf\":{\"@id\":\"https:\\\/\\\/syndicom.ch\\\/fr\\\/#website\"},\"datePublished\":\"2024-07-19T12:25:57+00:00\",\"dateModified\":\"2025-07-23T14:13:51+00:00\",\"description\":\"Combien de temps la CCT pour la branche des infrastructures de r\u00e9seau est-elle encore valable ? Le syndicat syndicom informe.\",\"breadcrumb\":{\"@id\":\"https:\\\/\\\/syndicom.ch\\\/fr\\\/article-guide\\\/cct-infrastructure-de-reseau-duree-de-validite\\\/#breadcrumb\"},\"inLanguage\":\"fr-FR\",\"potentialAction\":[{\"@type\":\"ReadAction\",\"target\":[\"https:\\\/\\\/syndicom.ch\\\/fr\\\/article-guide\\\/cct-infrastructure-de-reseau-duree-de-validite\\\/\"]}]},{\"@type\":\"BreadcrumbList\",\"@id\":\"https:\\\/\\\/syndicom.ch\\\/fr\\\/article-guide\\\/cct-infrastructure-de-reseau-duree-de-validite\\\/#breadcrumb\",\"itemListElement\":[{\"@type\":\"ListItem\",\"position\":1,\"name\":\"Page d'accueil\",\"item\":\"https:\\\/\\\/syndicom.ch\\\/fr\\\/\"},{\"@type\":\"ListItem\",\"position\":2,\"name\":\"CCT Infrastructure de r\u00e9seau \u2013 dur\u00e9e de validit\u00e9\"}]},{\"@type\":\"WebSite\",\"@id\":\"https:\\\/\\\/syndicom.ch\\\/fr\\\/#website\",\"url\":\"https:\\\/\\\/syndicom.ch\\\/fr\\\/\",\"name\":\"syndicom\",\"description\":\"\",\"publisher\":{\"@id\":\"https:\\\/\\\/syndicom.ch\\\/fr\\\/#organization\"},\"potentialAction\":[{\"@type\":\"SearchAction\",\"target\":{\"@type\":\"EntryPoint\",\"urlTemplate\":\"https:\\\/\\\/syndicom.ch\\\/fr\\\/?s={search_term_string}\"},\"query-input\":{\"@type\":\"PropertyValueSpecification\",\"valueRequired\":true,\"valueName\":\"search_term_string\"}}],\"inLanguage\":\"fr-FR\"},{\"@type\":\"Organization\",\"@id\":\"https:\\\/\\\/syndicom.ch\\\/fr\\\/#organization\",\"name\":\"syndicom\",\"url\":\"https:\\\/\\\/syndicom.ch\\\/fr\\\/\",\"logo\":{\"@type\":\"ImageObject\",\"inLanguage\":\"fr-FR\",\"@id\":\"https:\\\/\\\/syndicom.ch\\\/fr\\\/#\\\/schema\\\/logo\\\/image\\\/\",\"url\":\"https:\\\/\\\/syndicom.ch\\\/app\\\/uploads\\\/2024\\\/06\\\/logo.svg\",\"contentUrl\":\"https:\\\/\\\/syndicom.ch\\\/app\\\/uploads\\\/2024\\\/06\\\/logo.svg\",\"width\":297,\"height\":51,\"caption\":\"syndicom\"},\"image\":{\"@id\":\"https:\\\/\\\/syndicom.ch\\\/fr\\\/#\\\/schema\\\/logo\\\/image\\\/\"}}]}<\/script>\n<!-- \/ Yoast SEO plugin. -->","yoast_head_json":{"title":"CCT Infrastructure de r\u00e9seau \u2013 dur\u00e9e de validit\u00e9 - syndicom","description":"Combien de temps la CCT pour la branche des infrastructures de r\u00e9seau est-elle encore valable ? Le syndicat syndicom informe.","robots":{"index":"index","follow":"follow","max-snippet":"max-snippet:-1","max-image-preview":"max-image-preview:large","max-video-preview":"max-video-preview:-1"},"canonical":"https:\/\/syndicom.ch\/fr\/article-guide\/cct-infrastructure-de-reseau-duree-de-validite\/","og_locale":"fr_FR","og_type":"article","og_title":"CCT Infrastructure de r\u00e9seau \u2013 dur\u00e9e de validit\u00e9 - syndicom","og_description":"Combien de temps la CCT pour la branche des infrastructures de r\u00e9seau est-elle encore valable ? Le syndicat syndicom informe.","og_url":"https:\/\/syndicom.ch\/fr\/article-guide\/cct-infrastructure-de-reseau-duree-de-validite\/","og_site_name":"syndicom","article_modified_time":"2025-07-23T14:13:51+00:00","twitter_card":"summary_large_image","twitter_misc":{"Dur\u00e9e de lecture estim\u00e9e":"1 minute"},"schema":{"@context":"https:\/\/schema.org","@graph":[{"@type":"WebPage","@id":"https:\/\/syndicom.ch\/fr\/article-guide\/cct-infrastructure-de-reseau-duree-de-validite\/","url":"https:\/\/syndicom.ch\/fr\/article-guide\/cct-infrastructure-de-reseau-duree-de-validite\/","name":"CCT Infrastructure de r\u00e9seau \u2013 dur\u00e9e de validit\u00e9 - syndicom","isPartOf":{"@id":"https:\/\/syndicom.ch\/fr\/#website"},"datePublished":"2024-07-19T12:25:57+00:00","dateModified":"2025-07-23T14:13:51+00:00","description":"Combien de temps la CCT pour la branche des infrastructures de r\u00e9seau est-elle encore valable ? Le syndicat syndicom informe.","breadcrumb":{"@id":"https:\/\/syndicom.ch\/fr\/article-guide\/cct-infrastructure-de-reseau-duree-de-validite\/#breadcrumb"},"inLanguage":"fr-FR","potentialAction":[{"@type":"ReadAction","target":["https:\/\/syndicom.ch\/fr\/article-guide\/cct-infrastructure-de-reseau-duree-de-validite\/"]}]},{"@type":"BreadcrumbList","@id":"https:\/\/syndicom.ch\/fr\/article-guide\/cct-infrastructure-de-reseau-duree-de-validite\/#breadcrumb","itemListElement":[{"@type":"ListItem","position":1,"name":"Page d'accueil","item":"https:\/\/syndicom.ch\/fr\/"},{"@type":"ListItem","position":2,"name":"CCT Infrastructure de r\u00e9seau \u2013 dur\u00e9e de validit\u00e9"}]},{"@type":"WebSite","@id":"https:\/\/syndicom.ch\/fr\/#website","url":"https:\/\/syndicom.ch\/fr\/","name":"syndicom","description":"","publisher":{"@id":"https:\/\/syndicom.ch\/fr\/#organization"},"potentialAction":[{"@type":"SearchAction","target":{"@type":"EntryPoint","urlTemplate":"https:\/\/syndicom.ch\/fr\/?s={search_term_string}"},"query-input":{"@type":"PropertyValueSpecification","valueRequired":true,"valueName":"search_term_string"}}],"inLanguage":"fr-FR"},{"@type":"Organization","@id":"https:\/\/syndicom.ch\/fr\/#organization","name":"syndicom","url":"https:\/\/syndicom.ch\/fr\/","logo":{"@type":"ImageObject","inLanguage":"fr-FR","@id":"https:\/\/syndicom.ch\/fr\/#\/schema\/logo\/image\/","url":"https:\/\/syndicom.ch\/app\/uploads\/2024\/06\/logo.svg","contentUrl":"https:\/\/syndicom.ch\/app\/uploads\/2024\/06\/logo.svg","width":297,"height":51,"caption":"syndicom"},"image":{"@id":"https:\/\/syndicom.ch\/fr\/#\/schema\/logo\/image\/"}}]}},"_links":{"self":[{"href":"https:\/\/syndicom.ch\/fr\/wp-json\/wp\/v2\/article\/3619","targetHints":{"allow":["GET"]}}],"collection":[{"href":"https:\/\/syndicom.ch\/fr\/wp-json\/wp\/v2\/article"}],"about":[{"href":"https:\/\/syndicom.ch\/fr\/wp-json\/wp\/v2\/types\/article"}],"version-history":[{"count":7,"href":"https:\/\/syndicom.ch\/fr\/wp-json\/wp\/v2\/article\/3619\/revisions"}],"predecessor-version":[{"id":42928,"href":"https:\/\/syndicom.ch\/fr\/wp-json\/wp\/v2\/article\/3619\/revisions\/42928"}],"wp:attachment":[{"href":"https:\/\/syndicom.ch\/fr\/wp-json\/wp\/v2\/media?parent=3619"}],"wp:term":[{"taxonomy":"article-category","embeddable":true,"href":"https:\/\/syndicom.ch\/fr\/wp-json\/wp\/v2\/article-category?post=3619"}],"curies":[{"name":"wp","href":"https:\/\/api.w.org\/{rel}","templated":true}]}}