{"id":3625,"date":"2023-11-01T14:12:40","date_gmt":"2023-11-01T13:12:40","guid":{"rendered":"https:\/\/projects.atxeit.ch\/syndicom\/?post_type=article&#038;p=3625"},"modified":"2025-07-29T10:55:50","modified_gmt":"2025-07-29T08:55:50","slug":"mes-droits-en-tant-que-stagiaire","status":"publish","type":"article","link":"https:\/\/syndicom.ch\/fr\/article-guide\/mes-droits-en-tant-que-stagiaire\/","title":{"rendered":"Mes droits en tant que stagiaire"},"content":{"rendered":"\n<div class=\"wp-block-group alignfull has-background-color has-primary-background-color has-text-color has-background has-link-color wp-elements-3c22843bb131a8fd290b0a55c6178e55 is-layout-constrained wp-block-group-is-layout-constrained\">\n<div class=\"wp-block-group is-style-narrow is-layout-constrained wp-block-group-is-layout-constrained\">\n<p class=\"is-style-lead\">J\u2019ai obtenu mon bachelor en design graphique en juin 2022. Ne trouvant pas de travail de conceptrice graphiste, j&rsquo;ai accept\u00e9 en d\u00e9but d&rsquo;ann\u00e9e un poste de stagiaire au sein du service pr\u00e9presse d&rsquo;une imprimerie. Il \u00e9tait convenu d\u2019effectuer un stage de six mois qui d\u00e9boucherait ensuite sur une embauche. <\/p>\n<\/div>\n<\/div>\n\n\n\n<div class=\"wp-block-group alignfull has-background-background-color has-background is-layout-constrained wp-block-group-is-layout-constrained\">\n<div class=\"wp-block-group is-style-narrow is-layout-constrained wp-block-group-is-layout-constrained\">\n<h3 class=\"wp-block-heading\"><strong>Quels sont mes droits en tant que stagiaire?<\/strong><\/h3>\n\n\n\n<p>Comme il n\u2019existe pas de dispositions l\u00e9gales qui r\u00e9gissent la relation de travail pendant le stage, il est toujours conseill\u00e9 d\u2019insister pour obtenir un contrat de stage \u00e9crit. Celui-ci doit r\u00e9glementer les points contractuels essentiels, notamment le salaire, une p\u00e9riode d&rsquo;essai et les possibilit\u00e9s de licenciement, celles-ci n\u2019\u00e9tant pas l\u00e9galement pr\u00e9vues dans les relations de travail \u00e0 dur\u00e9e d\u00e9termin\u00e9e. <\/p>\n\n\n\n<p>Si tu n\u2019obtiens pas de contrat de stage, tu as, en tant que stagiaire, droit \u00e0 des vacances pay\u00e9es, \u00e0 un certificat de travail, au respect de la dur\u00e9e maximale hebdomadaire de travail et \u00e0 une assurance-accidents comme n\u2019importe quel-le employ\u00e9-e. Si le volume de travail est sup\u00e9rieur \u00e0 huit heures par semaine, une assurance contre les accidents non professionnels est \u00e9galement obligatoire. <\/p>\n\n\n\n<p>En outre, les dispositions du <a href=\"https:\/\/syndicom.ch\/fr\/conventions-collectives-de-travail-cct\/\" target=\"_blank\" rel=\"noreferrer noopener\">contrat collective de travail (CCT)<\/a> pour l\u2019industrie graphique s\u2019appliquent aux stagiaires si l\u2019entreprise tombe dans son champ d\u2019application. Selon le CCT les stagiaires b\u00e9n\u00e9ficient d&rsquo;au moins cinq semaines de vacances par ann\u00e9e civile et d&rsquo;une dur\u00e9e de travail maximale de 40&nbsp;heures par semaine.<\/p>\n\n\n\n<h3 class=\"wp-block-heading\"><strong>En juin, le patron m\u2019a propos\u00e9 un autre contrat de stage de trois mois avec les m\u00eames conditions salariales, au lieu du contrat de travail \u00e0 dur\u00e9e ind\u00e9termin\u00e9e. Apr\u00e8s six mois d\u2019exp\u00e9rience professionnelle, n\u2019ai-je pas droit \u00e0 un emploi permanent et \u00e0 un salaire plus \u00e9lev\u00e9?<\/strong><\/h3>\n\n\n\n<p>Pendant six mois, tu as effectu\u00e9 la prestation de travail pr\u00e9vue dans le cadre du contrat de stage, l&#8217;employeur doit donc justifier pourquoi tes performances ne sont pas suffisantes pour obtenir un poste permanent. C&rsquo;est pourquoi les objectifs devraient \u00e9galement \u00eatre d\u00e9finis dans un contrat de stage. La r\u00e9mun\u00e9ration n&rsquo;est pas non plus r\u00e9glement\u00e9e par la loi. \u00c9tant donn\u00e9 que le stage est bas\u00e9 sur le caract\u00e8re de formation, un salaire inf\u00e9rieur est justifi\u00e9. Le salaire du stage n&rsquo;est qu&rsquo;une question de n\u00e9gociation. <\/p>\n\n\n\n<p>Si le <a href=\"https:\/\/syndicom.ch\/fr\/conventions-collectives-de-travail-cct\/\" target=\"_blank\" rel=\"noreferrer noopener\">CCT<\/a> s&rsquo;applique, les dispositions relatives \u00e0 la r\u00e9mun\u00e9ration de la main-d&rsquo;\u0153uvre non qualifi\u00e9e et des apprenant-es peuvent tout au plus servir de base de n\u00e9gociation. Dans tous les cas, il faut prendre en compte les salaires de la branche.<\/p>\n\n\n\n<h3 class=\"wp-block-heading\"><strong>En septembre, on m&rsquo;a de nouveau propos\u00e9 un contrat de stage. Est-ce permis?<\/strong><\/h3>\n\n\n\n<p>Un stage sert \u00e0 la formation. Il n\u2019est donc pas permis d\u2019effectuer plusieurs stages successifs dans la m\u00eame entreprise, dans le m\u00eame domaine d\u2019activit\u00e9 et avec les m\u00eames conditions de travail. Comme le stipule la jurisprudence du Tribunal f\u00e9d\u00e9ral concernant les relations de travail \u00e0 dur\u00e9e d\u00e9termin\u00e9e, il s\u2019agit de contrats de travail en cha\u00eene, ce qui est interdit. C\u2019est juste un moyen de contourner les droits l\u00e9gaux en mati\u00e8re de protection des salari\u00e9-es.<\/p>\n\n\n\n<p>Tu peux te d\u00e9fendre contre ces pratiques et syndicom se fera un plaisir de te conseiller, si tu es membre. Notre<a href=\"https:\/\/syndicom.ch\/fr\/jeunesse\/\" target=\"_blank\" rel=\"noreferrer noopener\"> secr\u00e9taire de la jeunesse<\/a> \u00e9galement contre de tels abus.<\/p>\n<\/div>\n<\/div>\n","protected":false},"excerpt":{"rendered":"<p>Quels sont mes droits en tant que stagiaire ?<\/p>\n","protected":false},"featured_media":0,"template":"","meta":{"_acf_changed":false,"inline_featured_image":false,"_coblocks_attr":"","_coblocks_dimensions":"","_coblocks_responsive_height":"","_coblocks_accordion_ie_support":"","footnotes":""},"article-category":[306,297],"class_list":["post-3625","article","type-article","status-publish","hentry","article-category-formation-continue","article-category-jeunesse"],"acf":[],"yoast_head":"<!-- This site is optimized with the Yoast SEO plugin v27.3 - https:\/\/yoast.com\/product\/yoast-seo-wordpress\/ -->\n<title>Mes droits en tant que stagiaire - syndicom<\/title>\n<meta name=\"description\" content=\"Quels sont mes droits en tant que stagiaire ? Qu&#039;est-ce qui est pr\u00e9vu dans la CCT ? Le syndicat syndicom te renseigne et t&#039;aide.\" \/>\n<meta name=\"robots\" content=\"index, follow, max-snippet:-1, max-image-preview:large, max-video-preview:-1\" \/>\n<link rel=\"canonical\" href=\"https:\/\/syndicom.ch\/fr\/article-guide\/mes-droits-en-tant-que-stagiaire\/\" \/>\n<meta property=\"og:locale\" content=\"fr_FR\" \/>\n<meta property=\"og:type\" content=\"article\" \/>\n<meta property=\"og:title\" content=\"Mes droits en tant que stagiaire - syndicom\" \/>\n<meta property=\"og:description\" content=\"Quels sont mes droits en tant que stagiaire ? Qu&#039;est-ce qui est pr\u00e9vu dans la CCT ? Le syndicat syndicom te renseigne et t&#039;aide.\" \/>\n<meta property=\"og:url\" content=\"https:\/\/syndicom.ch\/fr\/article-guide\/mes-droits-en-tant-que-stagiaire\/\" \/>\n<meta property=\"og:site_name\" content=\"syndicom\" \/>\n<meta property=\"article:modified_time\" content=\"2025-07-29T08:55:50+00:00\" \/>\n<meta name=\"twitter:card\" content=\"summary_large_image\" \/>\n<meta name=\"twitter:label1\" content=\"Dur\u00e9e de lecture estim\u00e9e\" \/>\n\t<meta name=\"twitter:data1\" content=\"3 minutes\" \/>\n<script type=\"application\/ld+json\" class=\"yoast-schema-graph\">{\"@context\":\"https:\\\/\\\/schema.org\",\"@graph\":[{\"@type\":\"WebPage\",\"@id\":\"https:\\\/\\\/syndicom.ch\\\/fr\\\/article-guide\\\/mes-droits-en-tant-que-stagiaire\\\/\",\"url\":\"https:\\\/\\\/syndicom.ch\\\/fr\\\/article-guide\\\/mes-droits-en-tant-que-stagiaire\\\/\",\"name\":\"Mes droits en tant que stagiaire - syndicom\",\"isPartOf\":{\"@id\":\"https:\\\/\\\/syndicom.ch\\\/fr\\\/#website\"},\"datePublished\":\"2023-11-01T13:12:40+00:00\",\"dateModified\":\"2025-07-29T08:55:50+00:00\",\"description\":\"Quels sont mes droits en tant que stagiaire ? Qu'est-ce qui est pr\u00e9vu dans la CCT ? Le syndicat syndicom te renseigne et t'aide.\",\"breadcrumb\":{\"@id\":\"https:\\\/\\\/syndicom.ch\\\/fr\\\/article-guide\\\/mes-droits-en-tant-que-stagiaire\\\/#breadcrumb\"},\"inLanguage\":\"fr-FR\",\"potentialAction\":[{\"@type\":\"ReadAction\",\"target\":[\"https:\\\/\\\/syndicom.ch\\\/fr\\\/article-guide\\\/mes-droits-en-tant-que-stagiaire\\\/\"]}]},{\"@type\":\"BreadcrumbList\",\"@id\":\"https:\\\/\\\/syndicom.ch\\\/fr\\\/article-guide\\\/mes-droits-en-tant-que-stagiaire\\\/#breadcrumb\",\"itemListElement\":[{\"@type\":\"ListItem\",\"position\":1,\"name\":\"Page d'accueil\",\"item\":\"https:\\\/\\\/syndicom.ch\\\/fr\\\/\"},{\"@type\":\"ListItem\",\"position\":2,\"name\":\"Mes droits en tant que stagiaire\"}]},{\"@type\":\"WebSite\",\"@id\":\"https:\\\/\\\/syndicom.ch\\\/fr\\\/#website\",\"url\":\"https:\\\/\\\/syndicom.ch\\\/fr\\\/\",\"name\":\"syndicom\",\"description\":\"\",\"publisher\":{\"@id\":\"https:\\\/\\\/syndicom.ch\\\/fr\\\/#organization\"},\"potentialAction\":[{\"@type\":\"SearchAction\",\"target\":{\"@type\":\"EntryPoint\",\"urlTemplate\":\"https:\\\/\\\/syndicom.ch\\\/fr\\\/?s={search_term_string}\"},\"query-input\":{\"@type\":\"PropertyValueSpecification\",\"valueRequired\":true,\"valueName\":\"search_term_string\"}}],\"inLanguage\":\"fr-FR\"},{\"@type\":\"Organization\",\"@id\":\"https:\\\/\\\/syndicom.ch\\\/fr\\\/#organization\",\"name\":\"syndicom\",\"url\":\"https:\\\/\\\/syndicom.ch\\\/fr\\\/\",\"logo\":{\"@type\":\"ImageObject\",\"inLanguage\":\"fr-FR\",\"@id\":\"https:\\\/\\\/syndicom.ch\\\/fr\\\/#\\\/schema\\\/logo\\\/image\\\/\",\"url\":\"https:\\\/\\\/syndicom.ch\\\/app\\\/uploads\\\/2024\\\/06\\\/logo.svg\",\"contentUrl\":\"https:\\\/\\\/syndicom.ch\\\/app\\\/uploads\\\/2024\\\/06\\\/logo.svg\",\"width\":297,\"height\":51,\"caption\":\"syndicom\"},\"image\":{\"@id\":\"https:\\\/\\\/syndicom.ch\\\/fr\\\/#\\\/schema\\\/logo\\\/image\\\/\"}}]}<\/script>\n<!-- \/ Yoast SEO plugin. -->","yoast_head_json":{"title":"Mes droits en tant que stagiaire - syndicom","description":"Quels sont mes droits en tant que stagiaire ? Qu'est-ce qui est pr\u00e9vu dans la CCT ? Le syndicat syndicom te renseigne et t'aide.","robots":{"index":"index","follow":"follow","max-snippet":"max-snippet:-1","max-image-preview":"max-image-preview:large","max-video-preview":"max-video-preview:-1"},"canonical":"https:\/\/syndicom.ch\/fr\/article-guide\/mes-droits-en-tant-que-stagiaire\/","og_locale":"fr_FR","og_type":"article","og_title":"Mes droits en tant que stagiaire - syndicom","og_description":"Quels sont mes droits en tant que stagiaire ? Qu'est-ce qui est pr\u00e9vu dans la CCT ? Le syndicat syndicom te renseigne et t'aide.","og_url":"https:\/\/syndicom.ch\/fr\/article-guide\/mes-droits-en-tant-que-stagiaire\/","og_site_name":"syndicom","article_modified_time":"2025-07-29T08:55:50+00:00","twitter_card":"summary_large_image","twitter_misc":{"Dur\u00e9e de lecture estim\u00e9e":"3 minutes"},"schema":{"@context":"https:\/\/schema.org","@graph":[{"@type":"WebPage","@id":"https:\/\/syndicom.ch\/fr\/article-guide\/mes-droits-en-tant-que-stagiaire\/","url":"https:\/\/syndicom.ch\/fr\/article-guide\/mes-droits-en-tant-que-stagiaire\/","name":"Mes droits en tant que stagiaire - syndicom","isPartOf":{"@id":"https:\/\/syndicom.ch\/fr\/#website"},"datePublished":"2023-11-01T13:12:40+00:00","dateModified":"2025-07-29T08:55:50+00:00","description":"Quels sont mes droits en tant que stagiaire ? Qu'est-ce qui est pr\u00e9vu dans la CCT ? Le syndicat syndicom te renseigne et t'aide.","breadcrumb":{"@id":"https:\/\/syndicom.ch\/fr\/article-guide\/mes-droits-en-tant-que-stagiaire\/#breadcrumb"},"inLanguage":"fr-FR","potentialAction":[{"@type":"ReadAction","target":["https:\/\/syndicom.ch\/fr\/article-guide\/mes-droits-en-tant-que-stagiaire\/"]}]},{"@type":"BreadcrumbList","@id":"https:\/\/syndicom.ch\/fr\/article-guide\/mes-droits-en-tant-que-stagiaire\/#breadcrumb","itemListElement":[{"@type":"ListItem","position":1,"name":"Page d'accueil","item":"https:\/\/syndicom.ch\/fr\/"},{"@type":"ListItem","position":2,"name":"Mes droits en tant que stagiaire"}]},{"@type":"WebSite","@id":"https:\/\/syndicom.ch\/fr\/#website","url":"https:\/\/syndicom.ch\/fr\/","name":"syndicom","description":"","publisher":{"@id":"https:\/\/syndicom.ch\/fr\/#organization"},"potentialAction":[{"@type":"SearchAction","target":{"@type":"EntryPoint","urlTemplate":"https:\/\/syndicom.ch\/fr\/?s={search_term_string}"},"query-input":{"@type":"PropertyValueSpecification","valueRequired":true,"valueName":"search_term_string"}}],"inLanguage":"fr-FR"},{"@type":"Organization","@id":"https:\/\/syndicom.ch\/fr\/#organization","name":"syndicom","url":"https:\/\/syndicom.ch\/fr\/","logo":{"@type":"ImageObject","inLanguage":"fr-FR","@id":"https:\/\/syndicom.ch\/fr\/#\/schema\/logo\/image\/","url":"https:\/\/syndicom.ch\/app\/uploads\/2024\/06\/logo.svg","contentUrl":"https:\/\/syndicom.ch\/app\/uploads\/2024\/06\/logo.svg","width":297,"height":51,"caption":"syndicom"},"image":{"@id":"https:\/\/syndicom.ch\/fr\/#\/schema\/logo\/image\/"}}]}},"_links":{"self":[{"href":"https:\/\/syndicom.ch\/fr\/wp-json\/wp\/v2\/article\/3625","targetHints":{"allow":["GET"]}}],"collection":[{"href":"https:\/\/syndicom.ch\/fr\/wp-json\/wp\/v2\/article"}],"about":[{"href":"https:\/\/syndicom.ch\/fr\/wp-json\/wp\/v2\/types\/article"}],"version-history":[{"count":8,"href":"https:\/\/syndicom.ch\/fr\/wp-json\/wp\/v2\/article\/3625\/revisions"}],"predecessor-version":[{"id":43119,"href":"https:\/\/syndicom.ch\/fr\/wp-json\/wp\/v2\/article\/3625\/revisions\/43119"}],"wp:attachment":[{"href":"https:\/\/syndicom.ch\/fr\/wp-json\/wp\/v2\/media?parent=3625"}],"wp:term":[{"taxonomy":"article-category","embeddable":true,"href":"https:\/\/syndicom.ch\/fr\/wp-json\/wp\/v2\/article-category?post=3625"}],"curies":[{"name":"wp","href":"https:\/\/api.w.org\/{rel}","templated":true}]}}