{"id":3894,"date":"2021-03-01T15:56:15","date_gmt":"2021-03-01T14:56:15","guid":{"rendered":"https:\/\/projects.atxeit.ch\/syndicom\/?post_type=article&#038;p=3894"},"modified":"2025-07-29T11:21:34","modified_gmt":"2025-07-29T09:21:34","slug":"horaires-de-travail-en-teletravail","status":"publish","type":"article","link":"https:\/\/syndicom.ch\/fr\/article-guide\/horaires-de-travail-en-teletravail\/","title":{"rendered":"Horaires de travail en t\u00e9l\u00e9travail"},"content":{"rendered":"\n<div class=\"wp-block-group alignfull has-background-color has-primary-background-color has-text-color has-background has-link-color wp-elements-be7454df1be2b6cf55e6ea1c35d4cb93 is-layout-constrained wp-block-group-is-layout-constrained\">\n<div class=\"wp-block-group is-style-narrow is-layout-constrained wp-block-group-is-layout-constrained\">\n<p class=\"is-style-lead\">Je t\u00e9l\u00e9travaille trois jours par semaine dans le cadre de mon emploi \u00e0 plein temps. <\/p>\n<\/div>\n<\/div>\n\n\n\n<div class=\"wp-block-group alignfull has-background-background-color has-background is-layout-constrained wp-block-group-is-layout-constrained\">\n<div class=\"wp-block-group is-style-narrow is-layout-constrained wp-block-group-is-layout-constrained\">\n<h3 class=\"wp-block-heading\"><strong>Quelle libert\u00e9 ai-je d\u2019am\u00e9nager mon temps de travail ? Puis-je accomplir mon travail de bonne heure le matin et tard le soir si je ne suis pas disponible pendant la journ\u00e9e pour des raisons priv\u00e9es?<\/strong><\/h3>\n\n\n\n<ul class=\"wp-block-list\">\n<li>La flexibilit\u00e9 avec laquelle tu peux am\u00e9nager ton temps de travail (en t\u00e9l\u00e9travail) d\u00e9pend d\u2019abord d\u2019une \u00e9ventuelle r\u00e9glementation contractuelle.\n<ul class=\"wp-block-list\">\n<li>Si ton contrat de travail, la <a href=\"https:\/\/syndicom.ch\/fr\/conventions-collectives-de-travail-cct\/\" target=\"_blank\" rel=\"noreferrer noopener\">convention collective de travail (CCT)<\/a> ou le r\u00e8glement du personnel pr\u00e9voient des horaires de travail fixes (aussi) en t\u00e9l\u00e9travail, il convient de les respecter. <\/li>\n\n\n\n<li>Sinon, les dispositions l\u00e9gales r\u00e9gissant la protection de la sant\u00e9 et la pratique dans ton entreprise restreignent la flexibilit\u00e9, respectivement ton temps de travail. Le travail de jour et de soir, y compris les pauses et le temps suppl\u00e9mentaire, doit \u00eatre effectu\u00e9 en l\u2019espace de 14 heures et entre 6h00 et 23h00. En outre, apr\u00e8s une journ\u00e9e de travail, tu as droit \u00e0 une p\u00e9riode de repos d\u2019au moins onze heures, que tu dois \u00e9galement observer.<\/li>\n<\/ul>\n<\/li>\n<\/ul>\n\n\n\n<ul class=\"wp-block-list\">\n<li>Il convient aussi de respecter toute pratique en vigueur dans l\u2019entreprise ou tout accord sur la <strong>disponibilit\u00e9 et la joignabilit\u00e9<\/strong> pass\u00e9 avec ta sup\u00e9rieure hi\u00e9rarchique. Si huit heures de travail par jour \u00e0 domicile sont pr\u00e9vues sans horaires fixes, tu peux par exemple effectuer tes heures de 6h00 \u00e0 10h00 et de 16h00 \u00e0 20h00, \u00e0 condition que rien d\u2019autre n\u2019ait \u00e9t\u00e9 convenu et que ta sup\u00e9rieure en ait \u00e9t\u00e9 inform\u00e9e.<\/li>\n<\/ul>\n\n\n\n<ul class=\"wp-block-list\">\n<li>En fin de compte, l\u2019<strong>obligation l\u00e9gale d\u2019enregistrer son temps<\/strong> de travail s\u2019applique aussi au t\u00e9l\u00e9travail. En principe, l\u2019employeur est tenu de saisir le temps de travail de ses employ\u00e9-es. Il peut toutefois en d\u00e9l\u00e9guer la saisie au personnel.<\/li>\n<\/ul>\n\n\n\n<h3 class=\"wp-block-heading\"><strong>Puis-je t\u00e9l\u00e9travailler sans pause et terminer plus t\u00f4t le travail ?<\/strong><\/h3>\n\n\n\n<p>Non, cela ne correspond pas au sens et au but des pauses, qui, selon la loi, sont cens\u00e9es servir \u00e0 se reposer et \u00e0 se restaurer. <\/p>\n\n\n\n<p>En r\u00e8gle g\u00e9n\u00e9rale, les pauses prennent place au milieu du temps de travail quotidien. Le temps de pause minimum prescrit par la loi doit \u00eatre respect\u00e9 ; travailler sans pause n\u2019est pas autoris\u00e9, car la sant\u00e9 peut \u00eatre mise en danger. <\/p>\n\n\n\n<p>Si cet aspect n\u2019est pas r\u00e9gl\u00e9 contractuellement, il s\u2019agit de respecter la dur\u00e9e l\u00e9gale minimale : un quart d\u2019heure de pause si la journ\u00e9e de travail a plus de cinq heures et demie, une demi-heure si la journ\u00e9e de travail d\u00e9passe sept heures ou une heure si la journ\u00e9e de travail compte neuf heures ou plus.<\/p>\n<\/div>\n<\/div>\n","protected":false},"excerpt":{"rendered":"<p>\u00c0 quel point je peux organiser librement mon temps de travail quand je suis en t\u00e9l\u00e9travail ?<\/p>\n","protected":false},"featured_media":0,"template":"","meta":{"_acf_changed":false,"inline_featured_image":false,"_coblocks_attr":"","_coblocks_dimensions":"","_coblocks_responsive_height":"","_coblocks_accordion_ie_support":"","footnotes":""},"article-category":[322],"class_list":["post-3894","article","type-article","status-publish","hentry","article-category-teletravail"],"acf":[],"yoast_head":"<!-- This site is optimized with the Yoast SEO plugin v27.3 - https:\/\/yoast.com\/product\/yoast-seo-wordpress\/ -->\n<title>Horaires de travail en t\u00e9l\u00e9travail - syndicom<\/title>\n<meta name=\"description\" content=\"Dans quelle mesure puis-je organiser librement mes horaires de travail en t\u00e9l\u00e9travail ? Ton syndicat syndicom renseigne.\" \/>\n<meta name=\"robots\" content=\"index, follow, max-snippet:-1, max-image-preview:large, max-video-preview:-1\" \/>\n<link rel=\"canonical\" href=\"https:\/\/syndicom.ch\/fr\/article-guide\/horaires-de-travail-en-teletravail\/\" \/>\n<meta property=\"og:locale\" content=\"fr_FR\" \/>\n<meta property=\"og:type\" content=\"article\" \/>\n<meta property=\"og:title\" content=\"Horaires de travail en t\u00e9l\u00e9travail - syndicom\" \/>\n<meta property=\"og:description\" content=\"Dans quelle mesure puis-je organiser librement mes horaires de travail en t\u00e9l\u00e9travail ? Ton syndicat syndicom renseigne.\" \/>\n<meta property=\"og:url\" content=\"https:\/\/syndicom.ch\/fr\/article-guide\/horaires-de-travail-en-teletravail\/\" \/>\n<meta property=\"og:site_name\" content=\"syndicom\" \/>\n<meta property=\"article:modified_time\" content=\"2025-07-29T09:21:34+00:00\" \/>\n<meta name=\"twitter:card\" content=\"summary_large_image\" \/>\n<meta name=\"twitter:label1\" content=\"Dur\u00e9e de lecture estim\u00e9e\" \/>\n\t<meta name=\"twitter:data1\" content=\"3 minutes\" \/>\n<script type=\"application\/ld+json\" class=\"yoast-schema-graph\">{\"@context\":\"https:\\\/\\\/schema.org\",\"@graph\":[{\"@type\":\"WebPage\",\"@id\":\"https:\\\/\\\/syndicom.ch\\\/fr\\\/article-guide\\\/horaires-de-travail-en-teletravail\\\/\",\"url\":\"https:\\\/\\\/syndicom.ch\\\/fr\\\/article-guide\\\/horaires-de-travail-en-teletravail\\\/\",\"name\":\"Horaires de travail en t\u00e9l\u00e9travail - syndicom\",\"isPartOf\":{\"@id\":\"https:\\\/\\\/syndicom.ch\\\/fr\\\/#website\"},\"datePublished\":\"2021-03-01T14:56:15+00:00\",\"dateModified\":\"2025-07-29T09:21:34+00:00\",\"description\":\"Dans quelle mesure puis-je organiser librement mes horaires de travail en t\u00e9l\u00e9travail ? Ton syndicat syndicom renseigne.\",\"breadcrumb\":{\"@id\":\"https:\\\/\\\/syndicom.ch\\\/fr\\\/article-guide\\\/horaires-de-travail-en-teletravail\\\/#breadcrumb\"},\"inLanguage\":\"fr-FR\",\"potentialAction\":[{\"@type\":\"ReadAction\",\"target\":[\"https:\\\/\\\/syndicom.ch\\\/fr\\\/article-guide\\\/horaires-de-travail-en-teletravail\\\/\"]}]},{\"@type\":\"BreadcrumbList\",\"@id\":\"https:\\\/\\\/syndicom.ch\\\/fr\\\/article-guide\\\/horaires-de-travail-en-teletravail\\\/#breadcrumb\",\"itemListElement\":[{\"@type\":\"ListItem\",\"position\":1,\"name\":\"Page d'accueil\",\"item\":\"https:\\\/\\\/syndicom.ch\\\/fr\\\/\"},{\"@type\":\"ListItem\",\"position\":2,\"name\":\"Horaires de travail en t\u00e9l\u00e9travail\"}]},{\"@type\":\"WebSite\",\"@id\":\"https:\\\/\\\/syndicom.ch\\\/fr\\\/#website\",\"url\":\"https:\\\/\\\/syndicom.ch\\\/fr\\\/\",\"name\":\"syndicom\",\"description\":\"\",\"publisher\":{\"@id\":\"https:\\\/\\\/syndicom.ch\\\/fr\\\/#organization\"},\"potentialAction\":[{\"@type\":\"SearchAction\",\"target\":{\"@type\":\"EntryPoint\",\"urlTemplate\":\"https:\\\/\\\/syndicom.ch\\\/fr\\\/?s={search_term_string}\"},\"query-input\":{\"@type\":\"PropertyValueSpecification\",\"valueRequired\":true,\"valueName\":\"search_term_string\"}}],\"inLanguage\":\"fr-FR\"},{\"@type\":\"Organization\",\"@id\":\"https:\\\/\\\/syndicom.ch\\\/fr\\\/#organization\",\"name\":\"syndicom\",\"url\":\"https:\\\/\\\/syndicom.ch\\\/fr\\\/\",\"logo\":{\"@type\":\"ImageObject\",\"inLanguage\":\"fr-FR\",\"@id\":\"https:\\\/\\\/syndicom.ch\\\/fr\\\/#\\\/schema\\\/logo\\\/image\\\/\",\"url\":\"https:\\\/\\\/syndicom.ch\\\/app\\\/uploads\\\/2024\\\/06\\\/logo.svg\",\"contentUrl\":\"https:\\\/\\\/syndicom.ch\\\/app\\\/uploads\\\/2024\\\/06\\\/logo.svg\",\"width\":297,\"height\":51,\"caption\":\"syndicom\"},\"image\":{\"@id\":\"https:\\\/\\\/syndicom.ch\\\/fr\\\/#\\\/schema\\\/logo\\\/image\\\/\"}}]}<\/script>\n<!-- \/ Yoast SEO plugin. -->","yoast_head_json":{"title":"Horaires de travail en t\u00e9l\u00e9travail - syndicom","description":"Dans quelle mesure puis-je organiser librement mes horaires de travail en t\u00e9l\u00e9travail ? Ton syndicat syndicom renseigne.","robots":{"index":"index","follow":"follow","max-snippet":"max-snippet:-1","max-image-preview":"max-image-preview:large","max-video-preview":"max-video-preview:-1"},"canonical":"https:\/\/syndicom.ch\/fr\/article-guide\/horaires-de-travail-en-teletravail\/","og_locale":"fr_FR","og_type":"article","og_title":"Horaires de travail en t\u00e9l\u00e9travail - syndicom","og_description":"Dans quelle mesure puis-je organiser librement mes horaires de travail en t\u00e9l\u00e9travail ? Ton syndicat syndicom renseigne.","og_url":"https:\/\/syndicom.ch\/fr\/article-guide\/horaires-de-travail-en-teletravail\/","og_site_name":"syndicom","article_modified_time":"2025-07-29T09:21:34+00:00","twitter_card":"summary_large_image","twitter_misc":{"Dur\u00e9e de lecture estim\u00e9e":"3 minutes"},"schema":{"@context":"https:\/\/schema.org","@graph":[{"@type":"WebPage","@id":"https:\/\/syndicom.ch\/fr\/article-guide\/horaires-de-travail-en-teletravail\/","url":"https:\/\/syndicom.ch\/fr\/article-guide\/horaires-de-travail-en-teletravail\/","name":"Horaires de travail en t\u00e9l\u00e9travail - syndicom","isPartOf":{"@id":"https:\/\/syndicom.ch\/fr\/#website"},"datePublished":"2021-03-01T14:56:15+00:00","dateModified":"2025-07-29T09:21:34+00:00","description":"Dans quelle mesure puis-je organiser librement mes horaires de travail en t\u00e9l\u00e9travail ? Ton syndicat syndicom renseigne.","breadcrumb":{"@id":"https:\/\/syndicom.ch\/fr\/article-guide\/horaires-de-travail-en-teletravail\/#breadcrumb"},"inLanguage":"fr-FR","potentialAction":[{"@type":"ReadAction","target":["https:\/\/syndicom.ch\/fr\/article-guide\/horaires-de-travail-en-teletravail\/"]}]},{"@type":"BreadcrumbList","@id":"https:\/\/syndicom.ch\/fr\/article-guide\/horaires-de-travail-en-teletravail\/#breadcrumb","itemListElement":[{"@type":"ListItem","position":1,"name":"Page d'accueil","item":"https:\/\/syndicom.ch\/fr\/"},{"@type":"ListItem","position":2,"name":"Horaires de travail en t\u00e9l\u00e9travail"}]},{"@type":"WebSite","@id":"https:\/\/syndicom.ch\/fr\/#website","url":"https:\/\/syndicom.ch\/fr\/","name":"syndicom","description":"","publisher":{"@id":"https:\/\/syndicom.ch\/fr\/#organization"},"potentialAction":[{"@type":"SearchAction","target":{"@type":"EntryPoint","urlTemplate":"https:\/\/syndicom.ch\/fr\/?s={search_term_string}"},"query-input":{"@type":"PropertyValueSpecification","valueRequired":true,"valueName":"search_term_string"}}],"inLanguage":"fr-FR"},{"@type":"Organization","@id":"https:\/\/syndicom.ch\/fr\/#organization","name":"syndicom","url":"https:\/\/syndicom.ch\/fr\/","logo":{"@type":"ImageObject","inLanguage":"fr-FR","@id":"https:\/\/syndicom.ch\/fr\/#\/schema\/logo\/image\/","url":"https:\/\/syndicom.ch\/app\/uploads\/2024\/06\/logo.svg","contentUrl":"https:\/\/syndicom.ch\/app\/uploads\/2024\/06\/logo.svg","width":297,"height":51,"caption":"syndicom"},"image":{"@id":"https:\/\/syndicom.ch\/fr\/#\/schema\/logo\/image\/"}}]}},"_links":{"self":[{"href":"https:\/\/syndicom.ch\/fr\/wp-json\/wp\/v2\/article\/3894","targetHints":{"allow":["GET"]}}],"collection":[{"href":"https:\/\/syndicom.ch\/fr\/wp-json\/wp\/v2\/article"}],"about":[{"href":"https:\/\/syndicom.ch\/fr\/wp-json\/wp\/v2\/types\/article"}],"version-history":[{"count":11,"href":"https:\/\/syndicom.ch\/fr\/wp-json\/wp\/v2\/article\/3894\/revisions"}],"predecessor-version":[{"id":43136,"href":"https:\/\/syndicom.ch\/fr\/wp-json\/wp\/v2\/article\/3894\/revisions\/43136"}],"wp:attachment":[{"href":"https:\/\/syndicom.ch\/fr\/wp-json\/wp\/v2\/media?parent=3894"}],"wp:term":[{"taxonomy":"article-category","embeddable":true,"href":"https:\/\/syndicom.ch\/fr\/wp-json\/wp\/v2\/article-category?post=3894"}],"curies":[{"name":"wp","href":"https:\/\/api.w.org\/{rel}","templated":true}]}}