{"id":3938,"date":"2024-04-01T13:56:05","date_gmt":"2024-04-01T11:56:05","guid":{"rendered":"https:\/\/projects.atxeit.ch\/syndicom\/?post_type=article&#038;p=3938"},"modified":"2025-07-23T16:18:27","modified_gmt":"2025-07-23T14:18:27","slug":"un-salaire-de-subsistance-est-il-un-droit-fondamental","status":"publish","type":"article","link":"https:\/\/syndicom.ch\/fr\/article-guide\/un-salaire-de-subsistance-est-il-un-droit-fondamental\/","title":{"rendered":"Salaire de subsistance"},"content":{"rendered":"\n<div class=\"wp-block-group alignfull has-background-color has-primary-background-color has-text-color has-background has-link-color wp-elements-b991b66d968ed91accda4a61a233cb6c is-layout-constrained wp-block-group-is-layout-constrained\">\n<div class=\"wp-block-group is-style-narrow is-layout-constrained wp-block-group-is-layout-constrained\">\n<p class=\"is-style-lead\">N\u2019existe-t-il donc pas un droit fondamental \u00e0 un revenu de base garantissant l\u2019existence\u2009?<\/p>\n<\/div>\n<\/div>\n\n\n\n<div class=\"wp-block-group alignfull has-background-background-color has-background is-layout-constrained wp-block-group-is-layout-constrained\">\n<div class=\"wp-block-group is-style-narrow is-layout-constrained wp-block-group-is-layout-constrained\">\n<p>Le droit fondamental \u00e0 des conditions minimales d\u2019existence selon l\u2019art.&nbsp;12 de la Constitution f\u00e9d\u00e9rale&nbsp;ne garantit pas un revenu minimum, mais uniquement la couverture des besoins \u00e9l\u00e9mentaires pour survivre d\u2019une mani\u00e8re conforme aux exigences de la dignit\u00e9 humaine, telles que la nourriture, le logement, l\u2019habillement et les soins m\u00e9dicaux de base. Cette disposition&nbsp;se limite malheureusement \u00e0 ce qui est n\u00e9cessaire pour assurer une survie d\u00e9cente afin de ne pas \u00eatre abandonn\u00e9 \u00e0 la rue et r\u00e9duit \u00e0 la mendicit\u00e9.<\/p>\n<\/div>\n<\/div>\n","protected":false},"excerpt":{"rendered":"<p>La d\u00e9finition du salaire minimum par l&rsquo;Assembl\u00e9e f\u00e9d\u00e9rale<\/p>\n","protected":false},"featured_media":0,"template":"","meta":{"_acf_changed":false,"inline_featured_image":false,"_coblocks_attr":"","_coblocks_dimensions":"","_coblocks_responsive_height":"","_coblocks_accordion_ie_support":"","footnotes":""},"article-category":[301],"class_list":["post-3938","article","type-article","status-publish","hentry","article-category-salaire"],"acf":[],"yoast_head":"<!-- This site is optimized with the Yoast SEO plugin v27.3 - https:\/\/yoast.com\/product\/yoast-seo-wordpress\/ -->\n<title>Salaire de subsistance - syndicom<\/title>\n<meta name=\"description\" content=\"Que d\u00e9finit la Constitution f\u00e9d\u00e9rale sur le th\u00e8me du salaire minimum ? Le syndicat syndicom informe et clarifie.\" \/>\n<meta name=\"robots\" content=\"index, follow, max-snippet:-1, max-image-preview:large, max-video-preview:-1\" \/>\n<link rel=\"canonical\" href=\"https:\/\/syndicom.ch\/fr\/article-guide\/un-salaire-de-subsistance-est-il-un-droit-fondamental\/\" \/>\n<meta property=\"og:locale\" content=\"fr_FR\" \/>\n<meta property=\"og:type\" content=\"article\" \/>\n<meta property=\"og:title\" content=\"Salaire de subsistance - syndicom\" \/>\n<meta property=\"og:description\" content=\"Que d\u00e9finit la Constitution f\u00e9d\u00e9rale sur le th\u00e8me du salaire minimum ? Le syndicat syndicom informe et clarifie.\" \/>\n<meta property=\"og:url\" content=\"https:\/\/syndicom.ch\/fr\/article-guide\/un-salaire-de-subsistance-est-il-un-droit-fondamental\/\" \/>\n<meta property=\"og:site_name\" content=\"syndicom\" \/>\n<meta property=\"article:modified_time\" content=\"2025-07-23T14:18:27+00:00\" \/>\n<meta name=\"twitter:card\" content=\"summary_large_image\" \/>\n<meta name=\"twitter:label1\" content=\"Dur\u00e9e de lecture estim\u00e9e\" \/>\n\t<meta name=\"twitter:data1\" content=\"1 minute\" \/>\n<script type=\"application\/ld+json\" class=\"yoast-schema-graph\">{\"@context\":\"https:\\\/\\\/schema.org\",\"@graph\":[{\"@type\":\"WebPage\",\"@id\":\"https:\\\/\\\/syndicom.ch\\\/fr\\\/article-guide\\\/un-salaire-de-subsistance-est-il-un-droit-fondamental\\\/\",\"url\":\"https:\\\/\\\/syndicom.ch\\\/fr\\\/article-guide\\\/un-salaire-de-subsistance-est-il-un-droit-fondamental\\\/\",\"name\":\"Salaire de subsistance - syndicom\",\"isPartOf\":{\"@id\":\"https:\\\/\\\/syndicom.ch\\\/fr\\\/#website\"},\"datePublished\":\"2024-04-01T11:56:05+00:00\",\"dateModified\":\"2025-07-23T14:18:27+00:00\",\"description\":\"Que d\u00e9finit la Constitution f\u00e9d\u00e9rale sur le th\u00e8me du salaire minimum ? Le syndicat syndicom informe et clarifie.\",\"breadcrumb\":{\"@id\":\"https:\\\/\\\/syndicom.ch\\\/fr\\\/article-guide\\\/un-salaire-de-subsistance-est-il-un-droit-fondamental\\\/#breadcrumb\"},\"inLanguage\":\"fr-FR\",\"potentialAction\":[{\"@type\":\"ReadAction\",\"target\":[\"https:\\\/\\\/syndicom.ch\\\/fr\\\/article-guide\\\/un-salaire-de-subsistance-est-il-un-droit-fondamental\\\/\"]}]},{\"@type\":\"BreadcrumbList\",\"@id\":\"https:\\\/\\\/syndicom.ch\\\/fr\\\/article-guide\\\/un-salaire-de-subsistance-est-il-un-droit-fondamental\\\/#breadcrumb\",\"itemListElement\":[{\"@type\":\"ListItem\",\"position\":1,\"name\":\"Page d'accueil\",\"item\":\"https:\\\/\\\/syndicom.ch\\\/fr\\\/\"},{\"@type\":\"ListItem\",\"position\":2,\"name\":\"Salaire de subsistance\"}]},{\"@type\":\"WebSite\",\"@id\":\"https:\\\/\\\/syndicom.ch\\\/fr\\\/#website\",\"url\":\"https:\\\/\\\/syndicom.ch\\\/fr\\\/\",\"name\":\"syndicom\",\"description\":\"\",\"publisher\":{\"@id\":\"https:\\\/\\\/syndicom.ch\\\/fr\\\/#organization\"},\"potentialAction\":[{\"@type\":\"SearchAction\",\"target\":{\"@type\":\"EntryPoint\",\"urlTemplate\":\"https:\\\/\\\/syndicom.ch\\\/fr\\\/?s={search_term_string}\"},\"query-input\":{\"@type\":\"PropertyValueSpecification\",\"valueRequired\":true,\"valueName\":\"search_term_string\"}}],\"inLanguage\":\"fr-FR\"},{\"@type\":\"Organization\",\"@id\":\"https:\\\/\\\/syndicom.ch\\\/fr\\\/#organization\",\"name\":\"syndicom\",\"url\":\"https:\\\/\\\/syndicom.ch\\\/fr\\\/\",\"logo\":{\"@type\":\"ImageObject\",\"inLanguage\":\"fr-FR\",\"@id\":\"https:\\\/\\\/syndicom.ch\\\/fr\\\/#\\\/schema\\\/logo\\\/image\\\/\",\"url\":\"https:\\\/\\\/syndicom.ch\\\/app\\\/uploads\\\/2024\\\/06\\\/logo.svg\",\"contentUrl\":\"https:\\\/\\\/syndicom.ch\\\/app\\\/uploads\\\/2024\\\/06\\\/logo.svg\",\"width\":297,\"height\":51,\"caption\":\"syndicom\"},\"image\":{\"@id\":\"https:\\\/\\\/syndicom.ch\\\/fr\\\/#\\\/schema\\\/logo\\\/image\\\/\"}}]}<\/script>\n<!-- \/ Yoast SEO plugin. -->","yoast_head_json":{"title":"Salaire de subsistance - syndicom","description":"Que d\u00e9finit la Constitution f\u00e9d\u00e9rale sur le th\u00e8me du salaire minimum ? Le syndicat syndicom informe et clarifie.","robots":{"index":"index","follow":"follow","max-snippet":"max-snippet:-1","max-image-preview":"max-image-preview:large","max-video-preview":"max-video-preview:-1"},"canonical":"https:\/\/syndicom.ch\/fr\/article-guide\/un-salaire-de-subsistance-est-il-un-droit-fondamental\/","og_locale":"fr_FR","og_type":"article","og_title":"Salaire de subsistance - syndicom","og_description":"Que d\u00e9finit la Constitution f\u00e9d\u00e9rale sur le th\u00e8me du salaire minimum ? Le syndicat syndicom informe et clarifie.","og_url":"https:\/\/syndicom.ch\/fr\/article-guide\/un-salaire-de-subsistance-est-il-un-droit-fondamental\/","og_site_name":"syndicom","article_modified_time":"2025-07-23T14:18:27+00:00","twitter_card":"summary_large_image","twitter_misc":{"Dur\u00e9e de lecture estim\u00e9e":"1 minute"},"schema":{"@context":"https:\/\/schema.org","@graph":[{"@type":"WebPage","@id":"https:\/\/syndicom.ch\/fr\/article-guide\/un-salaire-de-subsistance-est-il-un-droit-fondamental\/","url":"https:\/\/syndicom.ch\/fr\/article-guide\/un-salaire-de-subsistance-est-il-un-droit-fondamental\/","name":"Salaire de subsistance - syndicom","isPartOf":{"@id":"https:\/\/syndicom.ch\/fr\/#website"},"datePublished":"2024-04-01T11:56:05+00:00","dateModified":"2025-07-23T14:18:27+00:00","description":"Que d\u00e9finit la Constitution f\u00e9d\u00e9rale sur le th\u00e8me du salaire minimum ? Le syndicat syndicom informe et clarifie.","breadcrumb":{"@id":"https:\/\/syndicom.ch\/fr\/article-guide\/un-salaire-de-subsistance-est-il-un-droit-fondamental\/#breadcrumb"},"inLanguage":"fr-FR","potentialAction":[{"@type":"ReadAction","target":["https:\/\/syndicom.ch\/fr\/article-guide\/un-salaire-de-subsistance-est-il-un-droit-fondamental\/"]}]},{"@type":"BreadcrumbList","@id":"https:\/\/syndicom.ch\/fr\/article-guide\/un-salaire-de-subsistance-est-il-un-droit-fondamental\/#breadcrumb","itemListElement":[{"@type":"ListItem","position":1,"name":"Page d'accueil","item":"https:\/\/syndicom.ch\/fr\/"},{"@type":"ListItem","position":2,"name":"Salaire de subsistance"}]},{"@type":"WebSite","@id":"https:\/\/syndicom.ch\/fr\/#website","url":"https:\/\/syndicom.ch\/fr\/","name":"syndicom","description":"","publisher":{"@id":"https:\/\/syndicom.ch\/fr\/#organization"},"potentialAction":[{"@type":"SearchAction","target":{"@type":"EntryPoint","urlTemplate":"https:\/\/syndicom.ch\/fr\/?s={search_term_string}"},"query-input":{"@type":"PropertyValueSpecification","valueRequired":true,"valueName":"search_term_string"}}],"inLanguage":"fr-FR"},{"@type":"Organization","@id":"https:\/\/syndicom.ch\/fr\/#organization","name":"syndicom","url":"https:\/\/syndicom.ch\/fr\/","logo":{"@type":"ImageObject","inLanguage":"fr-FR","@id":"https:\/\/syndicom.ch\/fr\/#\/schema\/logo\/image\/","url":"https:\/\/syndicom.ch\/app\/uploads\/2024\/06\/logo.svg","contentUrl":"https:\/\/syndicom.ch\/app\/uploads\/2024\/06\/logo.svg","width":297,"height":51,"caption":"syndicom"},"image":{"@id":"https:\/\/syndicom.ch\/fr\/#\/schema\/logo\/image\/"}}]}},"_links":{"self":[{"href":"https:\/\/syndicom.ch\/fr\/wp-json\/wp\/v2\/article\/3938","targetHints":{"allow":["GET"]}}],"collection":[{"href":"https:\/\/syndicom.ch\/fr\/wp-json\/wp\/v2\/article"}],"about":[{"href":"https:\/\/syndicom.ch\/fr\/wp-json\/wp\/v2\/types\/article"}],"version-history":[{"count":4,"href":"https:\/\/syndicom.ch\/fr\/wp-json\/wp\/v2\/article\/3938\/revisions"}],"predecessor-version":[{"id":42929,"href":"https:\/\/syndicom.ch\/fr\/wp-json\/wp\/v2\/article\/3938\/revisions\/42929"}],"wp:attachment":[{"href":"https:\/\/syndicom.ch\/fr\/wp-json\/wp\/v2\/media?parent=3938"}],"wp:term":[{"taxonomy":"article-category","embeddable":true,"href":"https:\/\/syndicom.ch\/fr\/wp-json\/wp\/v2\/article-category?post=3938"}],"curies":[{"name":"wp","href":"https:\/\/api.w.org\/{rel}","templated":true}]}}