{"id":41170,"date":"2025-03-15T16:04:00","date_gmt":"2025-03-15T15:04:00","guid":{"rendered":"https:\/\/syndicom.ch\/?post_type=article&#038;p=41170"},"modified":"2025-07-23T15:59:47","modified_gmt":"2025-07-23T13:59:47","slug":"travailler-dans-un-centre-dappels-tes-droits-en-suisse","status":"publish","type":"article","link":"https:\/\/syndicom.ch\/fr\/article-guide\/travailler-dans-un-centre-dappels-tes-droits-en-suisse\/","title":{"rendered":"Travailler dans un centre d&rsquo;appels : Tes droits en Suisse"},"content":{"rendered":"\n<div class=\"wp-block-group alignfull has-background-color has-primary-background-color has-text-color has-background has-link-color wp-elements-bc2a722cebd494d5ccf6de4245427740 is-layout-constrained wp-block-group-is-layout-constrained\">\n<div class=\"wp-block-group is-style-narrow is-layout-constrained wp-block-group-is-layout-constrained\">\n<p class=\"is-style-lead\">Je travaille dans un centre d\u2019appels et suis membre de syndicom. Mon employeur cherche de nouveaux employ\u00e9-es polyglottes directement dans les pays concern\u00e9s, entre autres en Italie.<\/p>\n\n\n\n<p class=\"is-style-lead\">Je crains qu\u2019il engage des travailleurs-euses de l\u2019\u00e9tranger \u00e0 moindre salaire et que le mien soit r\u00e9duit en cons\u00e9quence ou m\u00eame qu\u2019on me licencie.<\/p>\n<\/div>\n<\/div>\n\n\n\n<div class=\"wp-block-group alignfull has-background-background-color has-background is-layout-constrained wp-block-group-is-layout-constrained\">\n<div class=\"wp-block-group is-style-narrow is-layout-constrained wp-block-group-is-layout-constrained\">\n<h3 class=\"wp-block-heading\"><strong>Est-il possible que des travailleurs-euses de l\u2019\u00e9tranger aient une activit\u00e9 professionnelle en Suisse, et comment suis-je prot\u00e9g\u00e9-e ?<\/strong><\/h3>\n\n\n\n<p>Les ressortissant-es d\u2019\u00c9tats membres de l\u2019UE ou de l\u2019AELE peuvent travailler de mani\u00e8re relativement peu compliqu\u00e9e en Suisse en vertu de l\u2019accord sur la libre circulation conclu avec la Suisse.<\/p>\n\n\n\n<p>Dans les 14 jours qui suivent leur arriv\u00e9e en Suisse et avant leur entr\u00e9e en poste, ils et elles doivent s\u2019annoncer aupr\u00e8s de leur commune de r\u00e9sidence et demander une autorisation de s\u00e9jour. Pour ce faire, il leur faut un contrat de travail valable ou une confirmation d\u2019engagement \u00e9crite de l\u2019employeur.<\/p>\n\n\n\n<p>Aucune autorisation n\u2019est n\u00e9cessaire pour une activit\u00e9 lucrative <strong>inf\u00e9rieure \u00e0 trois mois<\/strong>, mais l\u2019employeur doit l\u2019annoncer dans les huit jours (bient\u00f4t dans un d\u00e9lai de quatre jours) au service cantonal comp\u00e9tent.<\/p>\n\n\n\n<p>Pour un contrat de travail \u00e0 dur\u00e9e ind\u00e9termin\u00e9e <strong>d\u2019au moins douze mois<\/strong>, une autorisation de s\u00e9jour B est d\u00e9livr\u00e9e pour cinq ans. \u00c0 d\u00e9faut, une autorisation de s\u00e9jour<br>de courte dur\u00e9e est \u00e9tablie pour un an au maximum.<\/p>\n\n\n\n<h3 class=\"wp-block-heading\"><strong>Une convention collective de travail s\u2019applique-t-elle dans le domaine des centres d\u2019appels ?<\/strong><\/h3>\n\n\n\n<p>Oui, <a href=\"https:\/\/syndicom.ch\/fr\/entree-glossaire\/centres-dappel-et-de-contact\/\" target=\"_blank\" rel=\"noreferrer noopener\">la convention collective d\u00e9clar\u00e9e de force obligatoire g\u00e9n\u00e9rale pour la branche des centres de contacts et d\u2019appels<\/a> s\u2019applique dans ce domaine. Les dispositions d\u00e9clar\u00e9es de force obligatoire dans la convention collective de travail garantissent que les conditions de travail minimales sont les m\u00eames pour tous les employ\u00e9-es de cette branche en Suisse.<\/p>\n\n\n\n<p>\u00c0 partir du 1er avril 2025, un salaire mensuel d\u2019au moins 4152 francs est pr\u00e9vu pour le niveau 1a, c\u2019est-\u00e0-dire pour les collaboratrices-teurs en premi\u00e8re ann\u00e9e d\u2019engagement. Ce salaire ne peut pas \u00eatre revu \u00e0 la baisse par l\u2019employeur. Ce dernier ne peut donc pas verser un salaire plus bas aux travailleurs-euses de l\u2019UE ou de l\u2019\u00e9tranger et ne peut pas r\u00e9silier ton contrat de travail pour cette raison. Cela reviendrait \u00e0 contourner la convention collective de travail.<\/p>\n\n\n\n<h3 class=\"wp-block-heading\"><strong>Qui contr\u00f4le le respect de la convention collective de travail de la branche des centres de contacts et d\u2019appels ?<\/strong><\/h3>\n\n\n\n<p>La commission paritaire de <a href=\"https:\/\/syndicom.ch\/fr\/entree-glossaire\/centres-dappel-et-de-contact\/\" target=\"_blank\" rel=\"noreferrer noopener\">la branche des centres d\u2019appels<\/a> contr\u00f4le r\u00e9guli\u00e8rement le respect des conditions de travail de la convention collective et les manquements sont sanctionn\u00e9s. Si l\u2019employeur ne respecte pas le salaire minimum ou d\u2019autres normes de la convention collective de travail, tu peux le signaler \u00e0 la commission paritaire.<\/p>\n\n\n\n<p>L\u2019application juridique du salaire minimum est, elle aussi, mise en \u0153uvre sans aucun probl\u00e8me en raison de <a href=\"https:\/\/syndicom.ch\/fr\/entree-glossaire\/centres-dappel-et-de-contact\/\" target=\"_blank\" rel=\"noreferrer noopener\">la convention collective de travail<\/a> existante et des dispositions d\u00e9clar\u00e9es de force obligatoire, car une bonne base juridique existe.<\/p>\n\n\n\n<h3 class=\"wp-block-heading\"><strong>Que peuvent faire les employ\u00e9-es pour pr\u00e9server leur protection ou pour l\u2019am\u00e9liorer ?<\/strong><\/h3>\n\n\n\n<p>Pour prot\u00e9ger les employ\u00e9-es, il est important d\u2019avoir de bonnes <a href=\"https:\/\/syndicom.ch\/fr\/conventions-collectives-de-travail-cct\/\">conventions collectives de travail<\/a> \u00e9tendues, qui sont n\u00e9goci\u00e9es entre les partenaires sociaux. Cela permet de prot\u00e9ger tous les travailleurs-euses et de maintenir le niveau des salaires en Suisse.<\/p>\n\n\n\n<p>Il est aussi important de se syndiquer pour que les syndicats aient la capacit\u00e9 de s\u2019imposer pour n\u00e9gocier de bonnes conventions collectives de travail et pour r\u00e9unir ainsi les conditions pour que le Secr\u00e9tariat d\u2019\u00c9tat \u00e0 l\u2019\u00e9conomie d\u00e9clare ces conventions de force obligatoire.<\/p>\n<\/div>\n<\/div>\n","protected":false},"excerpt":{"rendered":"<p>Travailler l\u00e9galement dans un call center en Suisse : droits, salaire minimum et protection pour les travailleurs \u00e9trangers.<\/p>\n","protected":false},"featured_media":0,"template":"","meta":{"_acf_changed":false,"inline_featured_image":false,"_coblocks_attr":"","_coblocks_dimensions":"","_coblocks_responsive_height":"","_coblocks_accordion_ie_support":"","footnotes":""},"article-category":[301],"class_list":["post-41170","article","type-article","status-publish","hentry","article-category-salaire"],"acf":[],"yoast_head":"<!-- This site is optimized with the Yoast SEO plugin v27.3 - https:\/\/yoast.com\/product\/yoast-seo-wordpress\/ -->\n<title>Travailler dans un centre d&#039;appels : Tes droits en Suisse - syndicom<\/title>\n<meta name=\"description\" content=\"Travailler l\u00e9galement dans un call center en Suisse : droits, salaire minimum et protection pour les travailleurs \u00e9trangers.\" \/>\n<meta name=\"robots\" content=\"index, follow, max-snippet:-1, max-image-preview:large, max-video-preview:-1\" \/>\n<link rel=\"canonical\" href=\"https:\/\/syndicom.ch\/fr\/article-guide\/travailler-dans-un-centre-dappels-tes-droits-en-suisse\/\" \/>\n<meta property=\"og:locale\" content=\"fr_FR\" \/>\n<meta property=\"og:type\" content=\"article\" \/>\n<meta property=\"og:title\" content=\"Travailler dans un centre d&#039;appels : Tes droits en Suisse - syndicom\" \/>\n<meta property=\"og:description\" content=\"Travailler l\u00e9galement dans un call center en Suisse : droits, salaire minimum et protection pour les travailleurs \u00e9trangers.\" \/>\n<meta property=\"og:url\" content=\"https:\/\/syndicom.ch\/fr\/article-guide\/travailler-dans-un-centre-dappels-tes-droits-en-suisse\/\" \/>\n<meta property=\"og:site_name\" content=\"syndicom\" \/>\n<meta property=\"article:modified_time\" content=\"2025-07-23T13:59:47+00:00\" \/>\n<meta name=\"twitter:card\" content=\"summary_large_image\" \/>\n<meta name=\"twitter:label1\" content=\"Dur\u00e9e de lecture estim\u00e9e\" \/>\n\t<meta name=\"twitter:data1\" content=\"4 minutes\" \/>\n<script type=\"application\/ld+json\" class=\"yoast-schema-graph\">{\"@context\":\"https:\\\/\\\/schema.org\",\"@graph\":[{\"@type\":\"WebPage\",\"@id\":\"https:\\\/\\\/syndicom.ch\\\/fr\\\/article-guide\\\/travailler-dans-un-centre-dappels-tes-droits-en-suisse\\\/\",\"url\":\"https:\\\/\\\/syndicom.ch\\\/fr\\\/article-guide\\\/travailler-dans-un-centre-dappels-tes-droits-en-suisse\\\/\",\"name\":\"Travailler dans un centre d'appels : Tes droits en Suisse - syndicom\",\"isPartOf\":{\"@id\":\"https:\\\/\\\/syndicom.ch\\\/fr\\\/#website\"},\"datePublished\":\"2025-03-15T15:04:00+00:00\",\"dateModified\":\"2025-07-23T13:59:47+00:00\",\"description\":\"Travailler l\u00e9galement dans un call center en Suisse : droits, salaire minimum et protection pour les travailleurs \u00e9trangers.\",\"breadcrumb\":{\"@id\":\"https:\\\/\\\/syndicom.ch\\\/fr\\\/article-guide\\\/travailler-dans-un-centre-dappels-tes-droits-en-suisse\\\/#breadcrumb\"},\"inLanguage\":\"fr-FR\",\"potentialAction\":[{\"@type\":\"ReadAction\",\"target\":[\"https:\\\/\\\/syndicom.ch\\\/fr\\\/article-guide\\\/travailler-dans-un-centre-dappels-tes-droits-en-suisse\\\/\"]}]},{\"@type\":\"BreadcrumbList\",\"@id\":\"https:\\\/\\\/syndicom.ch\\\/fr\\\/article-guide\\\/travailler-dans-un-centre-dappels-tes-droits-en-suisse\\\/#breadcrumb\",\"itemListElement\":[{\"@type\":\"ListItem\",\"position\":1,\"name\":\"Page d'accueil\",\"item\":\"https:\\\/\\\/syndicom.ch\\\/fr\\\/\"},{\"@type\":\"ListItem\",\"position\":2,\"name\":\"Travailler dans un centre d&#8217;appels : Tes droits en Suisse\"}]},{\"@type\":\"WebSite\",\"@id\":\"https:\\\/\\\/syndicom.ch\\\/fr\\\/#website\",\"url\":\"https:\\\/\\\/syndicom.ch\\\/fr\\\/\",\"name\":\"syndicom\",\"description\":\"\",\"publisher\":{\"@id\":\"https:\\\/\\\/syndicom.ch\\\/fr\\\/#organization\"},\"potentialAction\":[{\"@type\":\"SearchAction\",\"target\":{\"@type\":\"EntryPoint\",\"urlTemplate\":\"https:\\\/\\\/syndicom.ch\\\/fr\\\/?s={search_term_string}\"},\"query-input\":{\"@type\":\"PropertyValueSpecification\",\"valueRequired\":true,\"valueName\":\"search_term_string\"}}],\"inLanguage\":\"fr-FR\"},{\"@type\":\"Organization\",\"@id\":\"https:\\\/\\\/syndicom.ch\\\/fr\\\/#organization\",\"name\":\"syndicom\",\"url\":\"https:\\\/\\\/syndicom.ch\\\/fr\\\/\",\"logo\":{\"@type\":\"ImageObject\",\"inLanguage\":\"fr-FR\",\"@id\":\"https:\\\/\\\/syndicom.ch\\\/fr\\\/#\\\/schema\\\/logo\\\/image\\\/\",\"url\":\"https:\\\/\\\/syndicom.ch\\\/app\\\/uploads\\\/2024\\\/06\\\/logo.svg\",\"contentUrl\":\"https:\\\/\\\/syndicom.ch\\\/app\\\/uploads\\\/2024\\\/06\\\/logo.svg\",\"width\":297,\"height\":51,\"caption\":\"syndicom\"},\"image\":{\"@id\":\"https:\\\/\\\/syndicom.ch\\\/fr\\\/#\\\/schema\\\/logo\\\/image\\\/\"}}]}<\/script>\n<!-- \/ Yoast SEO plugin. -->","yoast_head_json":{"title":"Travailler dans un centre d'appels : Tes droits en Suisse - syndicom","description":"Travailler l\u00e9galement dans un call center en Suisse : droits, salaire minimum et protection pour les travailleurs \u00e9trangers.","robots":{"index":"index","follow":"follow","max-snippet":"max-snippet:-1","max-image-preview":"max-image-preview:large","max-video-preview":"max-video-preview:-1"},"canonical":"https:\/\/syndicom.ch\/fr\/article-guide\/travailler-dans-un-centre-dappels-tes-droits-en-suisse\/","og_locale":"fr_FR","og_type":"article","og_title":"Travailler dans un centre d'appels : Tes droits en Suisse - syndicom","og_description":"Travailler l\u00e9galement dans un call center en Suisse : droits, salaire minimum et protection pour les travailleurs \u00e9trangers.","og_url":"https:\/\/syndicom.ch\/fr\/article-guide\/travailler-dans-un-centre-dappels-tes-droits-en-suisse\/","og_site_name":"syndicom","article_modified_time":"2025-07-23T13:59:47+00:00","twitter_card":"summary_large_image","twitter_misc":{"Dur\u00e9e de lecture estim\u00e9e":"4 minutes"},"schema":{"@context":"https:\/\/schema.org","@graph":[{"@type":"WebPage","@id":"https:\/\/syndicom.ch\/fr\/article-guide\/travailler-dans-un-centre-dappels-tes-droits-en-suisse\/","url":"https:\/\/syndicom.ch\/fr\/article-guide\/travailler-dans-un-centre-dappels-tes-droits-en-suisse\/","name":"Travailler dans un centre d'appels : Tes droits en Suisse - syndicom","isPartOf":{"@id":"https:\/\/syndicom.ch\/fr\/#website"},"datePublished":"2025-03-15T15:04:00+00:00","dateModified":"2025-07-23T13:59:47+00:00","description":"Travailler l\u00e9galement dans un call center en Suisse : droits, salaire minimum et protection pour les travailleurs \u00e9trangers.","breadcrumb":{"@id":"https:\/\/syndicom.ch\/fr\/article-guide\/travailler-dans-un-centre-dappels-tes-droits-en-suisse\/#breadcrumb"},"inLanguage":"fr-FR","potentialAction":[{"@type":"ReadAction","target":["https:\/\/syndicom.ch\/fr\/article-guide\/travailler-dans-un-centre-dappels-tes-droits-en-suisse\/"]}]},{"@type":"BreadcrumbList","@id":"https:\/\/syndicom.ch\/fr\/article-guide\/travailler-dans-un-centre-dappels-tes-droits-en-suisse\/#breadcrumb","itemListElement":[{"@type":"ListItem","position":1,"name":"Page d'accueil","item":"https:\/\/syndicom.ch\/fr\/"},{"@type":"ListItem","position":2,"name":"Travailler dans un centre d&#8217;appels : Tes droits en Suisse"}]},{"@type":"WebSite","@id":"https:\/\/syndicom.ch\/fr\/#website","url":"https:\/\/syndicom.ch\/fr\/","name":"syndicom","description":"","publisher":{"@id":"https:\/\/syndicom.ch\/fr\/#organization"},"potentialAction":[{"@type":"SearchAction","target":{"@type":"EntryPoint","urlTemplate":"https:\/\/syndicom.ch\/fr\/?s={search_term_string}"},"query-input":{"@type":"PropertyValueSpecification","valueRequired":true,"valueName":"search_term_string"}}],"inLanguage":"fr-FR"},{"@type":"Organization","@id":"https:\/\/syndicom.ch\/fr\/#organization","name":"syndicom","url":"https:\/\/syndicom.ch\/fr\/","logo":{"@type":"ImageObject","inLanguage":"fr-FR","@id":"https:\/\/syndicom.ch\/fr\/#\/schema\/logo\/image\/","url":"https:\/\/syndicom.ch\/app\/uploads\/2024\/06\/logo.svg","contentUrl":"https:\/\/syndicom.ch\/app\/uploads\/2024\/06\/logo.svg","width":297,"height":51,"caption":"syndicom"},"image":{"@id":"https:\/\/syndicom.ch\/fr\/#\/schema\/logo\/image\/"}}]}},"_links":{"self":[{"href":"https:\/\/syndicom.ch\/fr\/wp-json\/wp\/v2\/article\/41170","targetHints":{"allow":["GET"]}}],"collection":[{"href":"https:\/\/syndicom.ch\/fr\/wp-json\/wp\/v2\/article"}],"about":[{"href":"https:\/\/syndicom.ch\/fr\/wp-json\/wp\/v2\/types\/article"}],"version-history":[{"count":3,"href":"https:\/\/syndicom.ch\/fr\/wp-json\/wp\/v2\/article\/41170\/revisions"}],"predecessor-version":[{"id":41294,"href":"https:\/\/syndicom.ch\/fr\/wp-json\/wp\/v2\/article\/41170\/revisions\/41294"}],"wp:attachment":[{"href":"https:\/\/syndicom.ch\/fr\/wp-json\/wp\/v2\/media?parent=41170"}],"wp:term":[{"taxonomy":"article-category","embeddable":true,"href":"https:\/\/syndicom.ch\/fr\/wp-json\/wp\/v2\/article-category?post=41170"}],"curies":[{"name":"wp","href":"https:\/\/api.w.org\/{rel}","templated":true}]}}