{"id":4125,"date":"2018-09-01T15:06:18","date_gmt":"2018-09-01T13:06:18","guid":{"rendered":"https:\/\/projects.atxeit.ch\/syndicom\/?post_type=article&#038;p=4125"},"modified":"2025-07-30T09:45:55","modified_gmt":"2025-07-30T07:45:55","slug":"greve-dans-entreprise","status":"publish","type":"article","link":"https:\/\/syndicom.ch\/fr\/article-guide\/greve-dans-entreprise\/","title":{"rendered":"Gr\u00e8ve dans l&rsquo;entreprise"},"content":{"rendered":"\n<div class=\"wp-block-group alignfull has-background-color has-primary-background-color has-text-color has-background has-link-color wp-elements-8ade085f0e1e087b5161447e36c31903 is-layout-constrained wp-block-group-is-layout-constrained\">\n<div class=\"wp-block-group is-style-narrow is-layout-constrained wp-block-group-is-layout-constrained\">\n<p class=\"is-style-lead\">Dans notre entreprise, nous menons une gr\u00e8ve avec l\u2019appui de syndicom. J\u2019h\u00e9site \u00e0 la soutenir.<\/p>\n<\/div>\n<\/div>\n\n\n\n<div class=\"wp-block-group alignfull has-background-background-color has-background is-layout-constrained wp-block-group-is-layout-constrained\">\n<div class=\"wp-block-group is-style-narrow is-layout-constrained wp-block-group-is-layout-constrained\">\n<h3 class=\"wp-block-heading\"><strong>Car j\u2019ai lu que la gr\u00e8ve est interdite et je redoute donc de perdre mon emploi si j\u2019y participe. Des coll\u00e8gues de travail m\u2019ont toutefois assur\u00e9 qu\u2019il est permis de faire gr\u00e8ve. Pouvez-vous me dire ce qu\u2019il en est r\u00e9ellement ?<\/strong><\/h3>\n\n\n\n<p>Le droit \u00e0 la gr\u00e8ve est ancr\u00e9 dans l\u2019art.\u00a028 de la Constitution. <\/p>\n\n\n\n<p>La gr\u00e8ve constitue un droit fondamental dont dispose tout employ\u00e9. Cependant, toute forme de gr\u00e8ve n\u2019est pas \u00ab autoris\u00e9e \u00bb. Plusieurs conditions doivent \u00eatre remplies pour qu\u2019une gr\u00e8ve soit consid\u00e9r\u00e9e comme l\u00e9gale:<\/p>\n\n\n\n<ul class=\"wp-block-list\">\n<li>Elle doit \u00eatre soutenue par un syndicat et concerner les conditions de travail. <\/li>\n\n\n\n<li>La gr\u00e8ve est impossible si la paix du travail est inscrite dans la CCT. <\/li>\n\n\n\n<li>Elle doit aussi constituer le dernier recours possible et ne peut donc pas \u00eatre d\u00e9clar\u00e9e \u00e0 la l\u00e9g\u00e8re et sans n\u00e9gociations pr\u00e9alables.<\/li>\n<\/ul>\n\n\n\n<p>Avant que syndicom ne d\u00e9cide de soutenir une gr\u00e8ve, il v\u00e9rifie que toutes les conditions sont remplies. Si le syndicat soutient une gr\u00e8ve, les employ\u00e9s peuvent \u00eatre certains qu\u2019elle est l\u00e9gale.<\/p>\n\n\n\n<h3 class=\"wp-block-heading\"><strong>Si je d\u00e9cide de participer \u00e0 la gr\u00e8ve, \u00e0 quoi faut-il prendre garde ? A quoi dois-je m\u2019attendre ?<\/strong><\/h3>\n\n\n\n<p>Il faut toutefois savoir que l\u2019employeur peut refuser de payer le salaire pour la dur\u00e9e de la gr\u00e8ve. <\/p>\n\n\n\n<p>C\u2019est pourquoi syndicom soutient ses membres gr\u00e9vistes \u00e0 l\u2019aide du fonds de gr\u00e8ve. L\u2019indemnit\u00e9 en cas de gr\u00e8ve est cependant inf\u00e9rieure au salaire.<\/p>\n\n\n\n<h3 class=\"wp-block-heading\"><strong>L\u2019employeur peut-il prendre des mesures en cas de participation \u00e0 la gr\u00e8ve ? On m\u2019a dit que je devais m\u2019attendre \u00e0 un licenciement, voire \u00e0 un licenciement imm\u00e9diat.<\/strong><\/h3>\n\n\n\n<p>On ne peut jamais compl\u00e8tement exclure les licenciements. <\/p>\n\n\n\n<p>Mais l\u2019exp\u00e9rience montre que cela arrive tr\u00e8s rarement. Si la gr\u00e8ve est largement suivie, le risque de \u00ab sanctions \u00bb est d\u2019autant plus faible. <\/p>\n\n\n\n<p>N\u00e9anmoins, en cas de licenciements, syndicom garantit aux membres concern\u00e9s <a href=\"https:\/\/syndicom.ch\/fr\/assistance-juridique-professionnelle\/\" target=\"_blank\" rel=\"noreferrer noopener\">l\u2019assistance juridique n\u00e9cessaire<\/a>. Les licenciements sont valables et mettent fin aux rapports de travail, mais ils sont consid\u00e9r\u00e9s \u2013 dans la mesure o\u00f9 la gr\u00e8ve est l\u00e9gale \u2013 comme abusifs, respectivement injustifi\u00e9s dans le cas de licenciements imm\u00e9diats. Des indemnit\u00e9s financi\u00e8res importantes devraient \u00eatre vers\u00e9es aux personnes concern\u00e9es.<\/p>\n<\/div>\n<\/div>\n","protected":false},"excerpt":{"rendered":"<p>Est-ce que je peux faire gr\u00e8ve au travail et \u00e0 quoi dois-je m&rsquo;attendre si je le fais ?<\/p>\n","protected":false},"featured_media":0,"template":"","meta":{"_acf_changed":false,"inline_featured_image":false,"_coblocks_attr":"","_coblocks_dimensions":"","_coblocks_responsive_height":"","_coblocks_accordion_ie_support":"","footnotes":""},"article-category":[],"class_list":["post-4125","article","type-article","status-publish","hentry"],"acf":[],"yoast_head":"<!-- This site is optimized with the Yoast SEO plugin v27.3 - https:\/\/yoast.com\/product\/yoast-seo-wordpress\/ -->\n<title>Gr\u00e8ve dans l&#039;entreprise - syndicom<\/title>\n<meta name=\"description\" content=\"La gr\u00e8ve est-elle autoris\u00e9e sur le lieu de travail ? A quoi dois-je faire attention si je participe \u00e0 la gr\u00e8ve ? syndicom informe.\" \/>\n<meta name=\"robots\" content=\"index, follow, max-snippet:-1, max-image-preview:large, max-video-preview:-1\" \/>\n<link rel=\"canonical\" href=\"https:\/\/syndicom.ch\/fr\/article-guide\/greve-dans-entreprise\/\" \/>\n<meta property=\"og:locale\" content=\"fr_FR\" \/>\n<meta property=\"og:type\" content=\"article\" \/>\n<meta property=\"og:title\" content=\"Gr\u00e8ve dans l&#039;entreprise - syndicom\" \/>\n<meta property=\"og:description\" content=\"La gr\u00e8ve est-elle autoris\u00e9e sur le lieu de travail ? A quoi dois-je faire attention si je participe \u00e0 la gr\u00e8ve ? syndicom informe.\" \/>\n<meta property=\"og:url\" content=\"https:\/\/syndicom.ch\/fr\/article-guide\/greve-dans-entreprise\/\" \/>\n<meta property=\"og:site_name\" content=\"syndicom\" \/>\n<meta property=\"article:modified_time\" content=\"2025-07-30T07:45:55+00:00\" \/>\n<meta name=\"twitter:card\" content=\"summary_large_image\" \/>\n<script type=\"application\/ld+json\" class=\"yoast-schema-graph\">{\"@context\":\"https:\\\/\\\/schema.org\",\"@graph\":[{\"@type\":\"WebPage\",\"@id\":\"https:\\\/\\\/syndicom.ch\\\/fr\\\/article-guide\\\/greve-dans-entreprise\\\/\",\"url\":\"https:\\\/\\\/syndicom.ch\\\/fr\\\/article-guide\\\/greve-dans-entreprise\\\/\",\"name\":\"Gr\u00e8ve dans l'entreprise - syndicom\",\"isPartOf\":{\"@id\":\"https:\\\/\\\/syndicom.ch\\\/fr\\\/#website\"},\"datePublished\":\"2018-09-01T13:06:18+00:00\",\"dateModified\":\"2025-07-30T07:45:55+00:00\",\"description\":\"La gr\u00e8ve est-elle autoris\u00e9e sur le lieu de travail ? A quoi dois-je faire attention si je participe \u00e0 la gr\u00e8ve ? syndicom informe.\",\"breadcrumb\":{\"@id\":\"https:\\\/\\\/syndicom.ch\\\/fr\\\/article-guide\\\/greve-dans-entreprise\\\/#breadcrumb\"},\"inLanguage\":\"fr-FR\",\"potentialAction\":[{\"@type\":\"ReadAction\",\"target\":[\"https:\\\/\\\/syndicom.ch\\\/fr\\\/article-guide\\\/greve-dans-entreprise\\\/\"]}]},{\"@type\":\"BreadcrumbList\",\"@id\":\"https:\\\/\\\/syndicom.ch\\\/fr\\\/article-guide\\\/greve-dans-entreprise\\\/#breadcrumb\",\"itemListElement\":[{\"@type\":\"ListItem\",\"position\":1,\"name\":\"Page d'accueil\",\"item\":\"https:\\\/\\\/syndicom.ch\\\/fr\\\/\"},{\"@type\":\"ListItem\",\"position\":2,\"name\":\"Gr\u00e8ve dans l&#8217;entreprise\"}]},{\"@type\":\"WebSite\",\"@id\":\"https:\\\/\\\/syndicom.ch\\\/fr\\\/#website\",\"url\":\"https:\\\/\\\/syndicom.ch\\\/fr\\\/\",\"name\":\"syndicom\",\"description\":\"\",\"publisher\":{\"@id\":\"https:\\\/\\\/syndicom.ch\\\/fr\\\/#organization\"},\"potentialAction\":[{\"@type\":\"SearchAction\",\"target\":{\"@type\":\"EntryPoint\",\"urlTemplate\":\"https:\\\/\\\/syndicom.ch\\\/fr\\\/?s={search_term_string}\"},\"query-input\":{\"@type\":\"PropertyValueSpecification\",\"valueRequired\":true,\"valueName\":\"search_term_string\"}}],\"inLanguage\":\"fr-FR\"},{\"@type\":\"Organization\",\"@id\":\"https:\\\/\\\/syndicom.ch\\\/fr\\\/#organization\",\"name\":\"syndicom\",\"url\":\"https:\\\/\\\/syndicom.ch\\\/fr\\\/\",\"logo\":{\"@type\":\"ImageObject\",\"inLanguage\":\"fr-FR\",\"@id\":\"https:\\\/\\\/syndicom.ch\\\/fr\\\/#\\\/schema\\\/logo\\\/image\\\/\",\"url\":\"https:\\\/\\\/syndicom.ch\\\/app\\\/uploads\\\/2024\\\/06\\\/logo.svg\",\"contentUrl\":\"https:\\\/\\\/syndicom.ch\\\/app\\\/uploads\\\/2024\\\/06\\\/logo.svg\",\"width\":297,\"height\":51,\"caption\":\"syndicom\"},\"image\":{\"@id\":\"https:\\\/\\\/syndicom.ch\\\/fr\\\/#\\\/schema\\\/logo\\\/image\\\/\"}}]}<\/script>\n<!-- \/ Yoast SEO plugin. -->","yoast_head_json":{"title":"Gr\u00e8ve dans l'entreprise - syndicom","description":"La gr\u00e8ve est-elle autoris\u00e9e sur le lieu de travail ? A quoi dois-je faire attention si je participe \u00e0 la gr\u00e8ve ? syndicom informe.","robots":{"index":"index","follow":"follow","max-snippet":"max-snippet:-1","max-image-preview":"max-image-preview:large","max-video-preview":"max-video-preview:-1"},"canonical":"https:\/\/syndicom.ch\/fr\/article-guide\/greve-dans-entreprise\/","og_locale":"fr_FR","og_type":"article","og_title":"Gr\u00e8ve dans l'entreprise - syndicom","og_description":"La gr\u00e8ve est-elle autoris\u00e9e sur le lieu de travail ? A quoi dois-je faire attention si je participe \u00e0 la gr\u00e8ve ? syndicom informe.","og_url":"https:\/\/syndicom.ch\/fr\/article-guide\/greve-dans-entreprise\/","og_site_name":"syndicom","article_modified_time":"2025-07-30T07:45:55+00:00","twitter_card":"summary_large_image","schema":{"@context":"https:\/\/schema.org","@graph":[{"@type":"WebPage","@id":"https:\/\/syndicom.ch\/fr\/article-guide\/greve-dans-entreprise\/","url":"https:\/\/syndicom.ch\/fr\/article-guide\/greve-dans-entreprise\/","name":"Gr\u00e8ve dans l'entreprise - syndicom","isPartOf":{"@id":"https:\/\/syndicom.ch\/fr\/#website"},"datePublished":"2018-09-01T13:06:18+00:00","dateModified":"2025-07-30T07:45:55+00:00","description":"La gr\u00e8ve est-elle autoris\u00e9e sur le lieu de travail ? A quoi dois-je faire attention si je participe \u00e0 la gr\u00e8ve ? syndicom informe.","breadcrumb":{"@id":"https:\/\/syndicom.ch\/fr\/article-guide\/greve-dans-entreprise\/#breadcrumb"},"inLanguage":"fr-FR","potentialAction":[{"@type":"ReadAction","target":["https:\/\/syndicom.ch\/fr\/article-guide\/greve-dans-entreprise\/"]}]},{"@type":"BreadcrumbList","@id":"https:\/\/syndicom.ch\/fr\/article-guide\/greve-dans-entreprise\/#breadcrumb","itemListElement":[{"@type":"ListItem","position":1,"name":"Page d'accueil","item":"https:\/\/syndicom.ch\/fr\/"},{"@type":"ListItem","position":2,"name":"Gr\u00e8ve dans l&#8217;entreprise"}]},{"@type":"WebSite","@id":"https:\/\/syndicom.ch\/fr\/#website","url":"https:\/\/syndicom.ch\/fr\/","name":"syndicom","description":"","publisher":{"@id":"https:\/\/syndicom.ch\/fr\/#organization"},"potentialAction":[{"@type":"SearchAction","target":{"@type":"EntryPoint","urlTemplate":"https:\/\/syndicom.ch\/fr\/?s={search_term_string}"},"query-input":{"@type":"PropertyValueSpecification","valueRequired":true,"valueName":"search_term_string"}}],"inLanguage":"fr-FR"},{"@type":"Organization","@id":"https:\/\/syndicom.ch\/fr\/#organization","name":"syndicom","url":"https:\/\/syndicom.ch\/fr\/","logo":{"@type":"ImageObject","inLanguage":"fr-FR","@id":"https:\/\/syndicom.ch\/fr\/#\/schema\/logo\/image\/","url":"https:\/\/syndicom.ch\/app\/uploads\/2024\/06\/logo.svg","contentUrl":"https:\/\/syndicom.ch\/app\/uploads\/2024\/06\/logo.svg","width":297,"height":51,"caption":"syndicom"},"image":{"@id":"https:\/\/syndicom.ch\/fr\/#\/schema\/logo\/image\/"}}]}},"_links":{"self":[{"href":"https:\/\/syndicom.ch\/fr\/wp-json\/wp\/v2\/article\/4125","targetHints":{"allow":["GET"]}}],"collection":[{"href":"https:\/\/syndicom.ch\/fr\/wp-json\/wp\/v2\/article"}],"about":[{"href":"https:\/\/syndicom.ch\/fr\/wp-json\/wp\/v2\/types\/article"}],"version-history":[{"count":9,"href":"https:\/\/syndicom.ch\/fr\/wp-json\/wp\/v2\/article\/4125\/revisions"}],"predecessor-version":[{"id":43196,"href":"https:\/\/syndicom.ch\/fr\/wp-json\/wp\/v2\/article\/4125\/revisions\/43196"}],"wp:attachment":[{"href":"https:\/\/syndicom.ch\/fr\/wp-json\/wp\/v2\/media?parent=4125"}],"wp:term":[{"taxonomy":"article-category","embeddable":true,"href":"https:\/\/syndicom.ch\/fr\/wp-json\/wp\/v2\/article-category?post=4125"}],"curies":[{"name":"wp","href":"https:\/\/api.w.org\/{rel}","templated":true}]}}