{"id":4133,"date":"2018-03-01T15:34:18","date_gmt":"2018-03-01T14:34:18","guid":{"rendered":"https:\/\/projects.atxeit.ch\/syndicom\/?post_type=article&#038;p=4133"},"modified":"2025-07-30T09:48:29","modified_gmt":"2025-07-30T07:48:29","slug":"compensation-des-jours-feries","status":"publish","type":"article","link":"https:\/\/syndicom.ch\/fr\/article-guide\/compensation-des-jours-feries\/","title":{"rendered":"Compensation des jours f\u00e9ri\u00e9s dans le cadre du travail \u00e0 temps partiel"},"content":{"rendered":"\n<div class=\"wp-block-group alignfull has-background-color has-primary-background-color has-text-color has-background has-link-color wp-elements-00927401f6129d1e511cebb6dcdd06be is-layout-constrained wp-block-group-is-layout-constrained\">\n<div class=\"wp-block-group is-style-narrow is-layout-constrained wp-block-group-is-layout-constrained\">\n<p class=\"is-style-lead\">Quand les jours f\u00e9ri\u00e9s tombent un jour o\u00f9 on ne travaille pas, on se demande souvent comment \u00e7a se passe pour la compensation. \u00c7a peut \u00eatre un peu flou, surtout pour les personnes qui travaillent \u00e0 temps partiel et qui ne travaillent pas tous les jours de la semaine.<\/p>\n<\/div>\n<\/div>\n\n\n\n<div class=\"wp-block-group alignfull has-background-background-color has-background is-layout-constrained wp-block-group-is-layout-constrained\">\n<div class=\"wp-block-group is-style-narrow is-layout-constrained wp-block-group-is-layout-constrained\">\n<h3 class=\"wp-block-heading\"><strong>Je travaille depuis peu \u00e0 60%, \u00e0 raison de trois jours fixes par semaine, \u00e0 savoir huit heures le lundi, le mardi et le jeudi. Je viens d\u2019apprendre que le prochain jour f\u00e9ri\u00e9 \u00e0 venir, Vendredi saint, ne sera pas compens\u00e9. Parce que je ne travaille pas ce jour de la semaine. Est-ce l\u00e9gal ?<\/strong><\/h3>\n\n\n\n<p>Pour le travail \u00e0 temps partiel, il y a deux m\u00e9thodes de calcul des heures : <\/p>\n\n\n\n<div class=\"wp-block-columns is-layout-flex wp-container-core-columns-is-layout-9d6595d7 wp-block-columns-is-layout-flex\">\n<div class=\"wp-block-column is-layout-flow wp-block-column-is-layout-flow\">\n<p class=\"has-text-align-center has-tertiary-background-color has-background\"><strong>1. <strong>Le travail est fait \u00e0 des jours fixes.<\/strong><\/strong><br><br><\/p>\n\n\n\n<ul class=\"wp-block-list\">\n<li>Si le jour f\u00e9ri\u00e9 tombe sur un jour normalement travaill\u00e9: le nombre d\u2019heures g\u00e9n\u00e9ralement effectu\u00e9es est pris en compte. <\/li>\n\n\n\n<li>Si le jour f\u00e9ri\u00e9 tombe sur un jour non travaill\u00e9: il n\u2019y a aucune compensation.<\/li>\n<\/ul>\n\n\n\n<p>La jurisprudence ne consid\u00e8re pas cela comme in\u00e9galit\u00e9 de traitement par rapport au plein temps. <\/p>\n\n\n\n<p>La situation s\u2019\u00e9quilibre sur l\u2019ann\u00e9e, tous les jours f\u00e9ri\u00e9s ne tombant pas sur le m\u00eame jour de la semaine.<\/p>\n<\/div>\n\n\n\n<div class=\"wp-block-column is-layout-flow wp-block-column-is-layout-flow\">\n<p class=\"has-text-align-center has-tertiary-background-color has-background\"><strong>2. Le nombre d\u2019heures hebdomadaires est divis\u00e9 par celui des jours de travail.<\/strong><\/p>\n\n\n\n<p>\u00c0 60 %, tu dois donc effectuer 4 h 50 \/ jour. <\/p>\n\n\n\n<p>Quand il y a un jour f\u00e9ri\u00e9, c\u2019est ce total qui est d\u00e9terminant (comme tu travailles huit heures le lundi, seules 4 heures 50 seront prises en compte \u00e0 P\u00e2ques p. ex.). <\/p>\n\n\n\n<p>L\u00e0 encore, la jurisprudence ne consid\u00e8re pas qu\u2019il y a in\u00e9galit\u00e9 de traitement.<\/p>\n<\/div>\n<\/div>\n\n\n\n<p>Ton employeur applique la premi\u00e8re m\u00e9thode, ce qui est tout \u00e0 fait l\u00e9gal.<\/p>\n\n\n\n<h3 class=\"wp-block-heading\"><strong>De plus, j\u2019aimerais savoir comment cela se passera pour les vacances. Seront-elles calcul\u00e9es en fonction de mon temps partiel ?<\/strong><\/h3>\n\n\n\n<p>A temps partiel ou \u00e0 plein temps, le droit aux vacances est le m\u00eame. Ce n\u2019est pas parce que tu travailles \u00e0 60 % que tu ne pourras prendre que douze jours de vacances sur les quatre semaines annuelles pr\u00e9vues. Tu as donc bien droit \u00e0 20 jours effectifs de vacances par ann\u00e9e.<\/p>\n\n\n\n<h3 class=\"wp-block-heading\"><strong>Enfin, mon employeur insiste sur le fait que si je dois me rendre \u00e0 un rendez-vous m\u00e9dical, je le fasse un jour o\u00f9 je ne travaille pas. Est-ce normal ?<\/strong><\/h3>\n\n\n\n<p>En vertu de l\u2019art. 321a CO, l\u2019employ\u00e9 a un devoir de diligence et de fid\u00e9lit\u00e9 envers son employeur. Cela implique entre autres qu\u2019il ou elle limite ses absences dans toute la mesure du possible. <\/p>\n\n\n\n<p>Mais si un employeur exige que son personnel \u00e0 temps partiel ne prenne pas de rendez-vous m\u00e9dical pendant le temps de travail, il outrepasse ses droits. En effet, on peut alors consid\u00e9rer qu\u2019il y a in\u00e9galit\u00e9 de traitement par rapport aux employ\u00e9-es \u00e0 temps plein.<\/p>\n<\/div>\n<\/div>\n","protected":false},"excerpt":{"rendered":"<p>Infos sur le calcul du temps de travail et la compensation des jours f\u00e9ri\u00e9s pour les contrats \u00e0 temps partiel<\/p>\n","protected":false},"featured_media":0,"template":"","meta":{"_acf_changed":false,"inline_featured_image":false,"_coblocks_attr":"","_coblocks_dimensions":"","_coblocks_responsive_height":"","_coblocks_accordion_ie_support":"","footnotes":""},"article-category":[296],"class_list":["post-4133","article","type-article","status-publish","hentry","article-category-vacances-conges"],"acf":[],"yoast_head":"<!-- This site is optimized with the Yoast SEO plugin v27.3 - https:\/\/yoast.com\/product\/yoast-seo-wordpress\/ -->\n<title>Compensation des jours f\u00e9ri\u00e9s dans le cadre du travail \u00e0 temps partiel - syndicom<\/title>\n<meta name=\"description\" content=\"Questions sur le calcul du temps de travail en cas de travail \u00e0 temps partiel et sur la compensation des jours f\u00e9ri\u00e9s ? syndicom informe.\" \/>\n<meta name=\"robots\" content=\"index, follow, max-snippet:-1, max-image-preview:large, max-video-preview:-1\" \/>\n<link rel=\"canonical\" href=\"https:\/\/syndicom.ch\/fr\/article-guide\/compensation-des-jours-feries\/\" \/>\n<meta property=\"og:locale\" content=\"fr_FR\" \/>\n<meta property=\"og:type\" content=\"article\" \/>\n<meta property=\"og:title\" content=\"Compensation des jours f\u00e9ri\u00e9s dans le cadre du travail \u00e0 temps partiel - syndicom\" \/>\n<meta property=\"og:description\" content=\"Questions sur le calcul du temps de travail en cas de travail \u00e0 temps partiel et sur la compensation des jours f\u00e9ri\u00e9s ? syndicom informe.\" \/>\n<meta property=\"og:url\" content=\"https:\/\/syndicom.ch\/fr\/article-guide\/compensation-des-jours-feries\/\" \/>\n<meta property=\"og:site_name\" content=\"syndicom\" \/>\n<meta property=\"article:modified_time\" content=\"2025-07-30T07:48:29+00:00\" \/>\n<meta name=\"twitter:card\" content=\"summary_large_image\" \/>\n<script type=\"application\/ld+json\" class=\"yoast-schema-graph\">{\"@context\":\"https:\\\/\\\/schema.org\",\"@graph\":[{\"@type\":\"WebPage\",\"@id\":\"https:\\\/\\\/syndicom.ch\\\/fr\\\/article-guide\\\/compensation-des-jours-feries\\\/\",\"url\":\"https:\\\/\\\/syndicom.ch\\\/fr\\\/article-guide\\\/compensation-des-jours-feries\\\/\",\"name\":\"Compensation des jours f\u00e9ri\u00e9s dans le cadre du travail \u00e0 temps partiel - syndicom\",\"isPartOf\":{\"@id\":\"https:\\\/\\\/syndicom.ch\\\/fr\\\/#website\"},\"datePublished\":\"2018-03-01T14:34:18+00:00\",\"dateModified\":\"2025-07-30T07:48:29+00:00\",\"description\":\"Questions sur le calcul du temps de travail en cas de travail \u00e0 temps partiel et sur la compensation des jours f\u00e9ri\u00e9s ? syndicom informe.\",\"breadcrumb\":{\"@id\":\"https:\\\/\\\/syndicom.ch\\\/fr\\\/article-guide\\\/compensation-des-jours-feries\\\/#breadcrumb\"},\"inLanguage\":\"fr-FR\",\"potentialAction\":[{\"@type\":\"ReadAction\",\"target\":[\"https:\\\/\\\/syndicom.ch\\\/fr\\\/article-guide\\\/compensation-des-jours-feries\\\/\"]}]},{\"@type\":\"BreadcrumbList\",\"@id\":\"https:\\\/\\\/syndicom.ch\\\/fr\\\/article-guide\\\/compensation-des-jours-feries\\\/#breadcrumb\",\"itemListElement\":[{\"@type\":\"ListItem\",\"position\":1,\"name\":\"Page d'accueil\",\"item\":\"https:\\\/\\\/syndicom.ch\\\/fr\\\/\"},{\"@type\":\"ListItem\",\"position\":2,\"name\":\"Compensation des jours f\u00e9ri\u00e9s dans le cadre du travail \u00e0 temps partiel\"}]},{\"@type\":\"WebSite\",\"@id\":\"https:\\\/\\\/syndicom.ch\\\/fr\\\/#website\",\"url\":\"https:\\\/\\\/syndicom.ch\\\/fr\\\/\",\"name\":\"syndicom\",\"description\":\"\",\"publisher\":{\"@id\":\"https:\\\/\\\/syndicom.ch\\\/fr\\\/#organization\"},\"potentialAction\":[{\"@type\":\"SearchAction\",\"target\":{\"@type\":\"EntryPoint\",\"urlTemplate\":\"https:\\\/\\\/syndicom.ch\\\/fr\\\/?s={search_term_string}\"},\"query-input\":{\"@type\":\"PropertyValueSpecification\",\"valueRequired\":true,\"valueName\":\"search_term_string\"}}],\"inLanguage\":\"fr-FR\"},{\"@type\":\"Organization\",\"@id\":\"https:\\\/\\\/syndicom.ch\\\/fr\\\/#organization\",\"name\":\"syndicom\",\"url\":\"https:\\\/\\\/syndicom.ch\\\/fr\\\/\",\"logo\":{\"@type\":\"ImageObject\",\"inLanguage\":\"fr-FR\",\"@id\":\"https:\\\/\\\/syndicom.ch\\\/fr\\\/#\\\/schema\\\/logo\\\/image\\\/\",\"url\":\"https:\\\/\\\/syndicom.ch\\\/app\\\/uploads\\\/2024\\\/06\\\/logo.svg\",\"contentUrl\":\"https:\\\/\\\/syndicom.ch\\\/app\\\/uploads\\\/2024\\\/06\\\/logo.svg\",\"width\":297,\"height\":51,\"caption\":\"syndicom\"},\"image\":{\"@id\":\"https:\\\/\\\/syndicom.ch\\\/fr\\\/#\\\/schema\\\/logo\\\/image\\\/\"}}]}<\/script>\n<!-- \/ Yoast SEO plugin. -->","yoast_head_json":{"title":"Compensation des jours f\u00e9ri\u00e9s dans le cadre du travail \u00e0 temps partiel - syndicom","description":"Questions sur le calcul du temps de travail en cas de travail \u00e0 temps partiel et sur la compensation des jours f\u00e9ri\u00e9s ? syndicom informe.","robots":{"index":"index","follow":"follow","max-snippet":"max-snippet:-1","max-image-preview":"max-image-preview:large","max-video-preview":"max-video-preview:-1"},"canonical":"https:\/\/syndicom.ch\/fr\/article-guide\/compensation-des-jours-feries\/","og_locale":"fr_FR","og_type":"article","og_title":"Compensation des jours f\u00e9ri\u00e9s dans le cadre du travail \u00e0 temps partiel - syndicom","og_description":"Questions sur le calcul du temps de travail en cas de travail \u00e0 temps partiel et sur la compensation des jours f\u00e9ri\u00e9s ? syndicom informe.","og_url":"https:\/\/syndicom.ch\/fr\/article-guide\/compensation-des-jours-feries\/","og_site_name":"syndicom","article_modified_time":"2025-07-30T07:48:29+00:00","twitter_card":"summary_large_image","schema":{"@context":"https:\/\/schema.org","@graph":[{"@type":"WebPage","@id":"https:\/\/syndicom.ch\/fr\/article-guide\/compensation-des-jours-feries\/","url":"https:\/\/syndicom.ch\/fr\/article-guide\/compensation-des-jours-feries\/","name":"Compensation des jours f\u00e9ri\u00e9s dans le cadre du travail \u00e0 temps partiel - syndicom","isPartOf":{"@id":"https:\/\/syndicom.ch\/fr\/#website"},"datePublished":"2018-03-01T14:34:18+00:00","dateModified":"2025-07-30T07:48:29+00:00","description":"Questions sur le calcul du temps de travail en cas de travail \u00e0 temps partiel et sur la compensation des jours f\u00e9ri\u00e9s ? syndicom informe.","breadcrumb":{"@id":"https:\/\/syndicom.ch\/fr\/article-guide\/compensation-des-jours-feries\/#breadcrumb"},"inLanguage":"fr-FR","potentialAction":[{"@type":"ReadAction","target":["https:\/\/syndicom.ch\/fr\/article-guide\/compensation-des-jours-feries\/"]}]},{"@type":"BreadcrumbList","@id":"https:\/\/syndicom.ch\/fr\/article-guide\/compensation-des-jours-feries\/#breadcrumb","itemListElement":[{"@type":"ListItem","position":1,"name":"Page d'accueil","item":"https:\/\/syndicom.ch\/fr\/"},{"@type":"ListItem","position":2,"name":"Compensation des jours f\u00e9ri\u00e9s dans le cadre du travail \u00e0 temps partiel"}]},{"@type":"WebSite","@id":"https:\/\/syndicom.ch\/fr\/#website","url":"https:\/\/syndicom.ch\/fr\/","name":"syndicom","description":"","publisher":{"@id":"https:\/\/syndicom.ch\/fr\/#organization"},"potentialAction":[{"@type":"SearchAction","target":{"@type":"EntryPoint","urlTemplate":"https:\/\/syndicom.ch\/fr\/?s={search_term_string}"},"query-input":{"@type":"PropertyValueSpecification","valueRequired":true,"valueName":"search_term_string"}}],"inLanguage":"fr-FR"},{"@type":"Organization","@id":"https:\/\/syndicom.ch\/fr\/#organization","name":"syndicom","url":"https:\/\/syndicom.ch\/fr\/","logo":{"@type":"ImageObject","inLanguage":"fr-FR","@id":"https:\/\/syndicom.ch\/fr\/#\/schema\/logo\/image\/","url":"https:\/\/syndicom.ch\/app\/uploads\/2024\/06\/logo.svg","contentUrl":"https:\/\/syndicom.ch\/app\/uploads\/2024\/06\/logo.svg","width":297,"height":51,"caption":"syndicom"},"image":{"@id":"https:\/\/syndicom.ch\/fr\/#\/schema\/logo\/image\/"}}]}},"_links":{"self":[{"href":"https:\/\/syndicom.ch\/fr\/wp-json\/wp\/v2\/article\/4133","targetHints":{"allow":["GET"]}}],"collection":[{"href":"https:\/\/syndicom.ch\/fr\/wp-json\/wp\/v2\/article"}],"about":[{"href":"https:\/\/syndicom.ch\/fr\/wp-json\/wp\/v2\/types\/article"}],"version-history":[{"count":13,"href":"https:\/\/syndicom.ch\/fr\/wp-json\/wp\/v2\/article\/4133\/revisions"}],"predecessor-version":[{"id":43201,"href":"https:\/\/syndicom.ch\/fr\/wp-json\/wp\/v2\/article\/4133\/revisions\/43201"}],"wp:attachment":[{"href":"https:\/\/syndicom.ch\/fr\/wp-json\/wp\/v2\/media?parent=4133"}],"wp:term":[{"taxonomy":"article-category","embeddable":true,"href":"https:\/\/syndicom.ch\/fr\/wp-json\/wp\/v2\/article-category?post=4133"}],"curies":[{"name":"wp","href":"https:\/\/api.w.org\/{rel}","templated":true}]}}