{"id":4148,"date":"2017-12-01T15:29:51","date_gmt":"2017-12-01T14:29:51","guid":{"rendered":"https:\/\/projects.atxeit.ch\/syndicom\/?post_type=article&#038;p=4148"},"modified":"2025-07-30T09:49:18","modified_gmt":"2025-07-30T07:49:18","slug":"salaire-dans-le-commerce-du-livre","status":"publish","type":"article","link":"https:\/\/syndicom.ch\/fr\/article-guide\/salaire-dans-le-commerce-du-livre\/","title":{"rendered":"Salaire dans le commerce du livre"},"content":{"rendered":"\n<div class=\"wp-block-group alignfull has-background-color has-primary-background-color has-text-color has-background has-link-color wp-elements-ee6c22c2f97e2482fb98fc358c0f6bae is-layout-constrained wp-block-group-is-layout-constrained\">\n<div class=\"wp-block-group is-style-narrow is-layout-constrained wp-block-group-is-layout-constrained\">\n<p class=\"is-style-lead\">J\u2019ai un dipl\u00f4me de libraire (30 ans, cinq ans d\u2019exp\u00e9rience professionnelle) et je travaille pour une grande cha\u00eene de librairies (membre de l\u2019Association des libraires et \u00e9diteurs de Suisse al\u00e9manique SBVV). Depuis que j\u2019ai \u00e9t\u00e9 engag\u00e9e, il y a cinq ans, mon salaire n\u2019a pas boug\u00e9. <\/p>\n<\/div>\n<\/div>\n\n\n\n<div class=\"wp-block-group alignfull has-background-background-color has-background is-layout-constrained wp-block-group-is-layout-constrained\">\n<div class=\"wp-block-group is-style-narrow is-layout-constrained wp-block-group-is-layout-constrained\">\n<h3 class=\"wp-block-heading\"><strong>Pouvez-vous m\u2019expliquer la situation l\u00e9gale? <strong>Apr\u00e8s toutes ces ann\u00e9es, est-ce que j&rsquo;ai le droit \u00e0 une augmentation ?<\/strong><\/strong><\/h3>\n\n\n\n<p>La loi dit seulement que l\u2019employeur est tenu, selon l\u2019art. 322 al. 1 du Code des obligations, de payer le salaire convenu, usuel ou fix\u00e9 par un contrattype de travail ou par une <a href=\"https:\/\/syndicom.ch\/fr\/conventions-collectives-de-travail-cct\/\" target=\"_blank\" rel=\"noreferrer noopener\">convention collective de travail (CCT)<\/a>. Elle ne d\u00e9finit aucun salaire minimal ni moyen, mais se r\u00e9f\u00e8re \u00e0 ce qui a \u00e9t\u00e9 convenu, c.-\u00e0-d. au contrat de travail.<\/p>\n\n\n\n<p>Le salaire est donc surtout une affaire de n\u00e9gociation. Si son montant n\u2019a pas \u00e9t\u00e9 fix\u00e9, il doit s\u2019aligner sur le salaire en usage dans cette activit\u00e9 ou une activit\u00e9 comparable. <\/p>\n\n\n\n<p>Il n\u2019existe aucune pr\u00e9tention l\u00e9gale \u00e0 une augmentation salariale.<\/p>\n\n\n\n<h3 class=\"wp-block-heading\"><strong>J\u2019aimerais savoir si vous jugez mon salaire annuel correct (Fr. 49 400.-\/an \u00e0 100%).<\/strong><\/h3>\n\n\n\n<p>Je ne connais pas la teneur de votre contrat de travail et j\u2019ignore aussi s\u2019il s\u2019accompagne d\u2019un \u00e9ventuel r\u00e8glement. Je ne peux donc pas juger si votre salaire est conforme au contrat. <\/p>\n\n\n\n<p>Comme votre employeur est membre de la SBVV, vos rapports de travail d\u00e9pendent de la <a href=\"https:\/\/syndicom.ch\/fr\/entree-glossaire\/livre-et-diffusion-de-medias\/\" target=\"_blank\" rel=\"noreferrer noopener\">convention collective de travail pour le commerce du livre<\/a> en vigueur en Suisse al\u00e9manique. Chaque ann\u00e9e, les partenaires sociaux n\u00e9gocient les salaires&nbsp;minimaux. <\/p>\n\n\n\n<p>Le salaire minimal correspondant \u00e0 votre exp\u00e9rience professionnelle s\u2019\u00e9l\u00e8ve actuellement \u00e0 54 210&nbsp;francs par an (100 %). Votre salaire est donc inf\u00e9rieur au salaire minimal ! Or l\u2019employeur est tenu de verser ce salaire (m\u00eame r\u00e9troactivement).<\/p>\n\n\n\n<h3 class=\"wp-block-heading\"><strong>Comment proc\u00e9der pour obtenir le salaire auquel j\u2019ai droit ? <\/strong><\/h3>\n\n\n\n<p>Pour pouvoir \u00e9valuer plus pr\u00e9cis\u00e9ment votre salaire, il nous faudrait davantage d\u2019informations, notamment concernant vos exp\u00e9riences, vos connaissances linguistiques, votre r\u00e9gion de travail, les exigences du poste, le syst\u00e8me salarial, etc. <\/p>\n\n\n\n<ul class=\"wp-block-list\">\n<li>L\u2019Union syndicale suisse propose un <a href=\"https:\/\/calculateur-de-salaire.ch\/\" target=\"_blank\" rel=\"noreferrer noopener\">calculateur de salaire<\/a> sur son site Internet. Il peut vous fournir des points de comparaison. <\/li>\n\n\n\n<li>Prenez <a href=\"https:\/\/syndicom.ch\/fr\/contact\/\">contact<\/a> avec nous. Nous vous conseillerons volontiers et vous accompagnons \u00e0 un entretien de n\u00e9gociation avec votre employeur si vous le souhaitez.<\/li>\n<\/ul>\n<\/div>\n<\/div>\n","protected":false},"excerpt":{"rendered":"<p>Quelles sont les r\u00e8gles pour le salaire et les augmentations ?<\/p>\n","protected":false},"featured_media":0,"template":"","meta":{"_acf_changed":false,"inline_featured_image":false,"_coblocks_attr":"","_coblocks_dimensions":"","_coblocks_responsive_height":"","_coblocks_accordion_ie_support":"","footnotes":""},"article-category":[301],"class_list":["post-4148","article","type-article","status-publish","hentry","article-category-salaire"],"acf":[],"yoast_head":"<!-- This site is optimized with the Yoast SEO plugin v27.3 - https:\/\/yoast.com\/product\/yoast-seo-wordpress\/ -->\n<title>Salaire dans le commerce du livre - syndicom<\/title>\n<meta name=\"description\" content=\"Quelles sont les r\u00e8gles qui s&#039;appliquent au niveau des salaires et des augmentations dans le commerce du livre ? syndicom informe.\" \/>\n<meta name=\"robots\" content=\"index, follow, max-snippet:-1, max-image-preview:large, max-video-preview:-1\" \/>\n<link rel=\"canonical\" href=\"https:\/\/syndicom.ch\/fr\/article-guide\/salaire-dans-le-commerce-du-livre\/\" \/>\n<meta property=\"og:locale\" content=\"fr_FR\" \/>\n<meta property=\"og:type\" content=\"article\" \/>\n<meta property=\"og:title\" content=\"Salaire dans le commerce du livre - syndicom\" \/>\n<meta property=\"og:description\" content=\"Quelles sont les r\u00e8gles qui s&#039;appliquent au niveau des salaires et des augmentations dans le commerce du livre ? syndicom informe.\" \/>\n<meta property=\"og:url\" content=\"https:\/\/syndicom.ch\/fr\/article-guide\/salaire-dans-le-commerce-du-livre\/\" \/>\n<meta property=\"og:site_name\" content=\"syndicom\" \/>\n<meta property=\"article:modified_time\" content=\"2025-07-30T07:49:18+00:00\" \/>\n<meta name=\"twitter:card\" content=\"summary_large_image\" \/>\n<script type=\"application\/ld+json\" class=\"yoast-schema-graph\">{\"@context\":\"https:\\\/\\\/schema.org\",\"@graph\":[{\"@type\":\"WebPage\",\"@id\":\"https:\\\/\\\/syndicom.ch\\\/fr\\\/article-guide\\\/salaire-dans-le-commerce-du-livre\\\/\",\"url\":\"https:\\\/\\\/syndicom.ch\\\/fr\\\/article-guide\\\/salaire-dans-le-commerce-du-livre\\\/\",\"name\":\"Salaire dans le commerce du livre - syndicom\",\"isPartOf\":{\"@id\":\"https:\\\/\\\/syndicom.ch\\\/fr\\\/#website\"},\"datePublished\":\"2017-12-01T14:29:51+00:00\",\"dateModified\":\"2025-07-30T07:49:18+00:00\",\"description\":\"Quelles sont les r\u00e8gles qui s'appliquent au niveau des salaires et des augmentations dans le commerce du livre ? syndicom informe.\",\"breadcrumb\":{\"@id\":\"https:\\\/\\\/syndicom.ch\\\/fr\\\/article-guide\\\/salaire-dans-le-commerce-du-livre\\\/#breadcrumb\"},\"inLanguage\":\"fr-FR\",\"potentialAction\":[{\"@type\":\"ReadAction\",\"target\":[\"https:\\\/\\\/syndicom.ch\\\/fr\\\/article-guide\\\/salaire-dans-le-commerce-du-livre\\\/\"]}]},{\"@type\":\"BreadcrumbList\",\"@id\":\"https:\\\/\\\/syndicom.ch\\\/fr\\\/article-guide\\\/salaire-dans-le-commerce-du-livre\\\/#breadcrumb\",\"itemListElement\":[{\"@type\":\"ListItem\",\"position\":1,\"name\":\"Page d'accueil\",\"item\":\"https:\\\/\\\/syndicom.ch\\\/fr\\\/\"},{\"@type\":\"ListItem\",\"position\":2,\"name\":\"Salaire dans le commerce du livre\"}]},{\"@type\":\"WebSite\",\"@id\":\"https:\\\/\\\/syndicom.ch\\\/fr\\\/#website\",\"url\":\"https:\\\/\\\/syndicom.ch\\\/fr\\\/\",\"name\":\"syndicom\",\"description\":\"\",\"publisher\":{\"@id\":\"https:\\\/\\\/syndicom.ch\\\/fr\\\/#organization\"},\"potentialAction\":[{\"@type\":\"SearchAction\",\"target\":{\"@type\":\"EntryPoint\",\"urlTemplate\":\"https:\\\/\\\/syndicom.ch\\\/fr\\\/?s={search_term_string}\"},\"query-input\":{\"@type\":\"PropertyValueSpecification\",\"valueRequired\":true,\"valueName\":\"search_term_string\"}}],\"inLanguage\":\"fr-FR\"},{\"@type\":\"Organization\",\"@id\":\"https:\\\/\\\/syndicom.ch\\\/fr\\\/#organization\",\"name\":\"syndicom\",\"url\":\"https:\\\/\\\/syndicom.ch\\\/fr\\\/\",\"logo\":{\"@type\":\"ImageObject\",\"inLanguage\":\"fr-FR\",\"@id\":\"https:\\\/\\\/syndicom.ch\\\/fr\\\/#\\\/schema\\\/logo\\\/image\\\/\",\"url\":\"https:\\\/\\\/syndicom.ch\\\/app\\\/uploads\\\/2024\\\/06\\\/logo.svg\",\"contentUrl\":\"https:\\\/\\\/syndicom.ch\\\/app\\\/uploads\\\/2024\\\/06\\\/logo.svg\",\"width\":297,\"height\":51,\"caption\":\"syndicom\"},\"image\":{\"@id\":\"https:\\\/\\\/syndicom.ch\\\/fr\\\/#\\\/schema\\\/logo\\\/image\\\/\"}}]}<\/script>\n<!-- \/ Yoast SEO plugin. -->","yoast_head_json":{"title":"Salaire dans le commerce du livre - syndicom","description":"Quelles sont les r\u00e8gles qui s'appliquent au niveau des salaires et des augmentations dans le commerce du livre ? syndicom informe.","robots":{"index":"index","follow":"follow","max-snippet":"max-snippet:-1","max-image-preview":"max-image-preview:large","max-video-preview":"max-video-preview:-1"},"canonical":"https:\/\/syndicom.ch\/fr\/article-guide\/salaire-dans-le-commerce-du-livre\/","og_locale":"fr_FR","og_type":"article","og_title":"Salaire dans le commerce du livre - syndicom","og_description":"Quelles sont les r\u00e8gles qui s'appliquent au niveau des salaires et des augmentations dans le commerce du livre ? syndicom informe.","og_url":"https:\/\/syndicom.ch\/fr\/article-guide\/salaire-dans-le-commerce-du-livre\/","og_site_name":"syndicom","article_modified_time":"2025-07-30T07:49:18+00:00","twitter_card":"summary_large_image","schema":{"@context":"https:\/\/schema.org","@graph":[{"@type":"WebPage","@id":"https:\/\/syndicom.ch\/fr\/article-guide\/salaire-dans-le-commerce-du-livre\/","url":"https:\/\/syndicom.ch\/fr\/article-guide\/salaire-dans-le-commerce-du-livre\/","name":"Salaire dans le commerce du livre - syndicom","isPartOf":{"@id":"https:\/\/syndicom.ch\/fr\/#website"},"datePublished":"2017-12-01T14:29:51+00:00","dateModified":"2025-07-30T07:49:18+00:00","description":"Quelles sont les r\u00e8gles qui s'appliquent au niveau des salaires et des augmentations dans le commerce du livre ? syndicom informe.","breadcrumb":{"@id":"https:\/\/syndicom.ch\/fr\/article-guide\/salaire-dans-le-commerce-du-livre\/#breadcrumb"},"inLanguage":"fr-FR","potentialAction":[{"@type":"ReadAction","target":["https:\/\/syndicom.ch\/fr\/article-guide\/salaire-dans-le-commerce-du-livre\/"]}]},{"@type":"BreadcrumbList","@id":"https:\/\/syndicom.ch\/fr\/article-guide\/salaire-dans-le-commerce-du-livre\/#breadcrumb","itemListElement":[{"@type":"ListItem","position":1,"name":"Page d'accueil","item":"https:\/\/syndicom.ch\/fr\/"},{"@type":"ListItem","position":2,"name":"Salaire dans le commerce du livre"}]},{"@type":"WebSite","@id":"https:\/\/syndicom.ch\/fr\/#website","url":"https:\/\/syndicom.ch\/fr\/","name":"syndicom","description":"","publisher":{"@id":"https:\/\/syndicom.ch\/fr\/#organization"},"potentialAction":[{"@type":"SearchAction","target":{"@type":"EntryPoint","urlTemplate":"https:\/\/syndicom.ch\/fr\/?s={search_term_string}"},"query-input":{"@type":"PropertyValueSpecification","valueRequired":true,"valueName":"search_term_string"}}],"inLanguage":"fr-FR"},{"@type":"Organization","@id":"https:\/\/syndicom.ch\/fr\/#organization","name":"syndicom","url":"https:\/\/syndicom.ch\/fr\/","logo":{"@type":"ImageObject","inLanguage":"fr-FR","@id":"https:\/\/syndicom.ch\/fr\/#\/schema\/logo\/image\/","url":"https:\/\/syndicom.ch\/app\/uploads\/2024\/06\/logo.svg","contentUrl":"https:\/\/syndicom.ch\/app\/uploads\/2024\/06\/logo.svg","width":297,"height":51,"caption":"syndicom"},"image":{"@id":"https:\/\/syndicom.ch\/fr\/#\/schema\/logo\/image\/"}}]}},"_links":{"self":[{"href":"https:\/\/syndicom.ch\/fr\/wp-json\/wp\/v2\/article\/4148","targetHints":{"allow":["GET"]}}],"collection":[{"href":"https:\/\/syndicom.ch\/fr\/wp-json\/wp\/v2\/article"}],"about":[{"href":"https:\/\/syndicom.ch\/fr\/wp-json\/wp\/v2\/types\/article"}],"version-history":[{"count":11,"href":"https:\/\/syndicom.ch\/fr\/wp-json\/wp\/v2\/article\/4148\/revisions"}],"predecessor-version":[{"id":43204,"href":"https:\/\/syndicom.ch\/fr\/wp-json\/wp\/v2\/article\/4148\/revisions\/43204"}],"wp:attachment":[{"href":"https:\/\/syndicom.ch\/fr\/wp-json\/wp\/v2\/media?parent=4148"}],"wp:term":[{"taxonomy":"article-category","embeddable":true,"href":"https:\/\/syndicom.ch\/fr\/wp-json\/wp\/v2\/article-category?post=4148"}],"curies":[{"name":"wp","href":"https:\/\/api.w.org\/{rel}","templated":true}]}}