{"id":16929,"date":"2024-11-25T07:00:00","date_gmt":"2024-11-25T06:00:00","guid":{"rendered":"https:\/\/syndicom.ch\/?post_type=pressrelease&#038;p=16929"},"modified":"2024-11-22T17:05:37","modified_gmt":"2024-11-22T16:05:37","slug":"nouvelles-solutions-chez-complan","status":"publish","type":"pressrelease","link":"https:\/\/syndicom.ch\/fr\/communique-de-presse\/nouvelles-solutions-chez-complan\/","title":{"rendered":"Nouvelles solutions chez comPlan"},"content":{"rendered":"\n<div class=\"wp-block-group alignfull has-background-color has-primary-background-color has-text-color has-background has-link-color wp-elements-3313531ade330781bdb675aae361ed9f is-layout-constrained wp-block-group-is-layout-constrained\">\n<div class=\"wp-block-group is-style-narrow is-layout-constrained wp-block-group-is-layout-constrained\">\n<div class=\"wp-block-group pressrelease-meta is-nowrap is-layout-flex wp-container-core-group-is-layout-ad2f72ca wp-block-group-is-layout-flex\"><div class=\"wp-block-post-date\"><time datetime=\"2024-11-25T07:00:00+01:00\">25 novembre 2024<\/time><\/div><\/div>\n\n\n\n<h1 class=\"wp-block-heading\" style=\"font-size:53px\"><strong>Nouvelles solutions pour ta caisse de pension comPlan<\/strong><\/h1>\n\n\n\n<div class=\"wp-block-columns is-layout-flex wp-container-core-columns-is-layout-9d6595d7 wp-block-columns-is-layout-flex\">\n<div class=\"wp-block-column is-layout-flow wp-block-column-is-layout-flow\" style=\"flex-basis:70%\">\n<p class=\"is-style-lead\">Progr\u00e8s importants pour la pr\u00e9voyance vieillesse: syndicom s\u2019engage avec succ\u00e8s chez<br>comPlan<\/p>\n<\/div>\n<\/div>\n<\/div>\n<\/div>\n\n\n\n<div class=\"wp-block-group alignfull has-tertiary-background-color has-background is-layout-constrained wp-block-group-is-layout-constrained\">\n<div class=\"wp-block-group is-style-narrow is-layout-constrained wp-block-group-is-layout-constrained\">\n<p><strong>L\u2019essentiel en bref:<\/strong><\/p>\n\n\n\n<ul class=\"wp-block-list\">\n<li>Juste r\u00e9mun\u00e9ration de ton capital de vieillesse<br><\/li>\n\n\n\n<li>Eventuelle compensation future du rench\u00e9rissement pour les personnes retrait\u00e9es<br><\/li>\n\n\n\n<li>Succ\u00e8s de ta d\u00e9l\u00e9gation au conseil de fondation de comPlan<\/li>\n<\/ul>\n<\/div>\n<\/div>\n\n\n\n<div class=\"wp-block-group alignfull has-background-background-color has-background is-layout-constrained wp-block-group-is-layout-constrained\">\n<div class=\"wp-block-group is-style-narrow is-layout-constrained wp-block-group-is-layout-constrained\">\n<p>Les caisses de pension font face \u00e0 diff\u00e9rents d\u00e9fis. Les int\u00e9r\u00eats sont actuellement plut\u00f4t bas, ce qui influence la performance de ton capital de vieillesse. Et la hausse du co\u00fbt de la vie met \u00e0 rude \u00e9preuve beaucoup de retrait\u00e9-es, car les rentes des caisse de pension ne sont pas automatiquement adapt\u00e9es \u00e0 l\u2019inflation.<\/p>\n\n\n\n<p>La t\u00e2che de ta caisse de pension consiste \u00e0 concilier les int\u00e9r\u00eats de toutes les personnes assur\u00e9es.<\/p>\n\n\n\n<h4 class=\"wp-block-heading\">D\u00e9cisions pour une pr\u00e9voyance plus juste<\/h4>\n\n\n\n<p>Le conseil de fondation de comPlan a r\u00e9cemment d\u00e9cid\u00e9 d\u2019importantes mesures, qui profitent aussi bien aux assur\u00e9s actifs qu\u2019aux personnes retrait\u00e9es:<\/p>\n\n\n\n<ul class=\"wp-block-list\">\n<li><strong>Juste r\u00e9mun\u00e9ration:<\/strong> la r\u00e9mun\u00e9ration annuelle de ton capital de vieillesse est d\u00e9termin\u00e9e sur la base d\u2019une nouvelle grille de calcul, qui tient compte aussi bien du taux de couverture que de la performance du capital de placement. Cela signifie pour toi: un meilleur capital en arrivant \u00e0 la retraite et donc une rente plus \u00e9lev\u00e9e.<\/li>\n<\/ul>\n\n\n\n<p><\/p>\n\n\n\n<ul class=\"wp-block-list\">\n<li><strong>Possible compensation du rench\u00e9rissement:<\/strong> un groupe de travail examine des options visant \u00e0 rendre possible une compensation du rench\u00e9rissement pour les retrait\u00e9-es. Sur le long terme, cette compensation devrait aussi profiter \u00e0 toutes celles et ceux qui travaillent aujourd\u2019hui chez Swisscom.<\/li>\n<\/ul>\n\n\n\n<h4 class=\"wp-block-heading\">syndicom s\u2019engage pour toi pour des solutions justes<\/h4>\n\n\n\n<p>La d\u00e9l\u00e9gation de syndicom au conseil de fondation s\u2019engage \u00e0 fond pour des solutions durables et justes, afin de faire valoir les int\u00e9r\u00eats de toutes les personnes assur\u00e9es chez comPlan. En tant que ton syndicat, nous n\u00e9gocions aussi ta convention collective de travail, qui est en constante \u00e9volution.<\/p>\n\n\n\n<h4 class=\"wp-block-heading\">Notre conseil pour ta retraite<\/h4>\n\n\n\n<p>Pr\u00e9vois-tu de prendre une retraite anticip\u00e9e? Nos conseill\u00e8res et conseillers de retraite exp\u00e9riment\u00e9s te soutiennent avec comp\u00e9tence et en toute discr\u00e9tion dans le calcul de l\u2019ordre de grandeur de ton futur revenu de retrait\u00e9e ou retrait\u00e9. Gr\u00e2ce au soutien de la fondation Sovis, cette prestation de syndicom est gratuite pour tous les employ\u00e9-es de Swisscom et de ses filiales!<\/p>\n\n\n\n<div class=\"wp-block-buttons is-layout-flex wp-block-buttons-is-layout-flex\">\n<div class=\"wp-block-button\"><a class=\"wp-block-button__link wp-element-button\" href=\"https:\/\/syndicom.ch\/fr\/conseils-de-retraite\/\" target=\"_blank\" rel=\"noreferrer noopener\">R\u00e9serve maintenant un entretien de consultation gratuit<\/a><\/div>\n<\/div>\n\n\n\n<p><\/p>\n\n\n\n<h4 class=\"wp-block-heading\">syndicom \u2013 ensemble pour une pr\u00e9voyance vieillesse juste<br>et s\u00fbre et pour de bonnes conditions de travail!<\/h4>\n\n\n\n<p>syndicom est ta repr\u00e9sentation chez Swisscom. En tant que membre, tu as voix au chapitre sur les questions dans lesquelles nous nous impliquons et tu profites de nos prestations comme de l\u2019assistance juridique.<\/p>\n\n\n\n<div class=\"wp-block-buttons is-layout-flex wp-block-buttons-is-layout-flex\">\n<div class=\"wp-block-button\"><a class=\"wp-block-button__link wp-element-button\" href=\"https:\/\/syndicom.ch\/fr\/devenir-membre-swisscom\/\" target=\"_blank\" rel=\"noreferrer noopener\">Je veux en savoir plus sur les prestations de syndicom<\/a><\/div>\n<\/div>\n<\/div>\n<\/div>\n\n\n\n<div class=\"wp-block-group alignfull is-style-default has-background-color has-primary-background-color has-text-color has-background has-link-color wp-elements-6e4eb64d055b811d2f95f400bd9db66c is-layout-constrained wp-block-group-is-layout-constrained\">\n<div class=\"wp-block-media-text is-style-default\" style=\"grid-template-columns:26% auto\"><figure class=\"wp-block-media-text__media\"><a href=\"https:\/\/my.syndicom.ch\/adhesion\" target=\"_blank\" rel=\" noreferrer noopener\"><img loading=\"lazy\" decoding=\"async\" width=\"1024\" height=\"964\" src=\"https:\/\/syndicom.ch\/app\/uploads\/2025\/02\/vorteile-1024x964-2.webp\" alt=\"\" class=\"wp-image-27435 size-full\" srcset=\"https:\/\/syndicom.ch\/app\/uploads\/2025\/02\/vorteile-1024x964-2.webp 1024w, https:\/\/syndicom.ch\/app\/uploads\/2025\/02\/vorteile-1024x964-2-300x282.webp 300w, https:\/\/syndicom.ch\/app\/uploads\/2025\/02\/vorteile-1024x964-2-768x723.webp 768w\" sizes=\"auto, (max-width: 1024px) 100vw, 1024px\" \/><\/a><\/figure><div class=\"wp-block-media-text__content\">\n<h2 class=\"wp-block-heading\"><strong>Comme membre de syndicom, tu profites d\u2019avantages<\/strong><\/h2>\n\n\n\n<p>Tu renforces notre syndicat et donc aussi ta position professionnelle. Ainsi, tu b\u00e9n\u00e9ficies d\u2019une protection, d\u2019un soutien et de rabais attrayants.<\/p>\n\n\n\n<p><\/p>\n\n\n\n<p><\/p>\n<\/div><\/div>\n\n\n\n<div class=\"wp-block-buttons is-content-justification-center is-layout-flex wp-container-core-buttons-is-layout-16018d1d wp-block-buttons-is-layout-flex\">\n<div class=\"wp-block-button is-style-syn-member-cta\"><a class=\"wp-block-button__link wp-element-button\" href=\"https:\/\/my.syndicom.ch\/adhesion\" target=\"_blank\" rel=\"noreferrer noopener\">Deviens membre<\/a><\/div>\n\n\n\n<div class=\"wp-block-button is-style-outline is-style-outline--1\"><a class=\"wp-block-button__link has-background-color has-text-color has-link-color wp-element-button\" href=\"https:\/\/syndicom.ch\/fr\/faq-affiliation\/\" target=\"_blank\" rel=\"noreferrer noopener\">Avantages et infos sur l&rsquo;adh\u00e9sion<\/a><\/div>\n<\/div>\n<\/div>\n","protected":false},"excerpt":{"rendered":"<p>Nouvelles solutions pour ta caisse de pension comPlan : un taux d&rsquo;int\u00e9r\u00eat \u00e9quitable et une \u00e9ventuelle compensation du rench\u00e9rissement.<\/p>\n","protected":false},"author":3,"featured_media":0,"template":"","meta":{"_acf_changed":false,"inline_featured_image":false,"_coblocks_attr":"","_coblocks_dimensions":"","_coblocks_responsive_height":"","_coblocks_accordion_ie_support":"","footnotes":""},"pressrelease-category":[127,117],"class_list":["post-16929","pressrelease","type-pressrelease","status-publish","hentry","pressrelease-category-news-fr","pressrelease-category-ict-fr"],"acf":[],"yoast_head":"<!-- This site is optimized with the Yoast SEO plugin v27.3 - https:\/\/yoast.com\/product\/yoast-seo-wordpress\/ -->\n<title>Nouvelles solutions chez comPlan - syndicom<\/title>\n<meta name=\"description\" content=\"Nouvelles solutions pour ta caisse de pension comPlan : un taux d&#039;int\u00e9r\u00eat \u00e9quitable et une \u00e9ventuelle compensation du rench\u00e9rissement.\" \/>\n<meta name=\"robots\" content=\"index, follow, max-snippet:-1, max-image-preview:large, max-video-preview:-1\" \/>\n<link rel=\"canonical\" href=\"https:\/\/syndicom.ch\/fr\/communique-de-presse\/nouvelles-solutions-chez-complan\/\" \/>\n<meta property=\"og:locale\" content=\"fr_FR\" \/>\n<meta property=\"og:type\" content=\"article\" \/>\n<meta property=\"og:title\" content=\"Nouvelles solutions chez comPlan - syndicom\" \/>\n<meta property=\"og:description\" content=\"Nouvelles solutions pour ta caisse de pension comPlan : un taux d&#039;int\u00e9r\u00eat \u00e9quitable et une \u00e9ventuelle compensation du rench\u00e9rissement.\" \/>\n<meta property=\"og:url\" content=\"https:\/\/syndicom.ch\/fr\/communique-de-presse\/nouvelles-solutions-chez-complan\/\" \/>\n<meta property=\"og:site_name\" content=\"syndicom\" \/>\n<meta name=\"twitter:card\" content=\"summary_large_image\" \/>\n<meta name=\"twitter:label1\" content=\"Dur\u00e9e de lecture estim\u00e9e\" \/>\n\t<meta name=\"twitter:data1\" content=\"3 minutes\" \/>\n<script type=\"application\/ld+json\" class=\"yoast-schema-graph\">{\"@context\":\"https:\\\/\\\/schema.org\",\"@graph\":[{\"@type\":\"WebPage\",\"@id\":\"https:\\\/\\\/syndicom.ch\\\/fr\\\/communique-de-presse\\\/nouvelles-solutions-chez-complan\\\/\",\"url\":\"https:\\\/\\\/syndicom.ch\\\/fr\\\/communique-de-presse\\\/nouvelles-solutions-chez-complan\\\/\",\"name\":\"Nouvelles solutions chez comPlan - syndicom\",\"isPartOf\":{\"@id\":\"https:\\\/\\\/syndicom.ch\\\/fr\\\/#website\"},\"datePublished\":\"2024-11-25T06:00:00+00:00\",\"description\":\"Nouvelles solutions pour ta caisse de pension comPlan : un taux d'int\u00e9r\u00eat \u00e9quitable et une \u00e9ventuelle compensation du rench\u00e9rissement.\",\"breadcrumb\":{\"@id\":\"https:\\\/\\\/syndicom.ch\\\/fr\\\/communique-de-presse\\\/nouvelles-solutions-chez-complan\\\/#breadcrumb\"},\"inLanguage\":\"fr-FR\",\"potentialAction\":[{\"@type\":\"ReadAction\",\"target\":[\"https:\\\/\\\/syndicom.ch\\\/fr\\\/communique-de-presse\\\/nouvelles-solutions-chez-complan\\\/\"]}]},{\"@type\":\"BreadcrumbList\",\"@id\":\"https:\\\/\\\/syndicom.ch\\\/fr\\\/communique-de-presse\\\/nouvelles-solutions-chez-complan\\\/#breadcrumb\",\"itemListElement\":[{\"@type\":\"ListItem\",\"position\":1,\"name\":\"Page d'accueil\",\"item\":\"https:\\\/\\\/syndicom.ch\\\/fr\\\/\"},{\"@type\":\"ListItem\",\"position\":2,\"name\":\"Nouvelles solutions chez comPlan\"}]},{\"@type\":\"WebSite\",\"@id\":\"https:\\\/\\\/syndicom.ch\\\/fr\\\/#website\",\"url\":\"https:\\\/\\\/syndicom.ch\\\/fr\\\/\",\"name\":\"syndicom\",\"description\":\"\",\"publisher\":{\"@id\":\"https:\\\/\\\/syndicom.ch\\\/fr\\\/#organization\"},\"potentialAction\":[{\"@type\":\"SearchAction\",\"target\":{\"@type\":\"EntryPoint\",\"urlTemplate\":\"https:\\\/\\\/syndicom.ch\\\/fr\\\/?s={search_term_string}\"},\"query-input\":{\"@type\":\"PropertyValueSpecification\",\"valueRequired\":true,\"valueName\":\"search_term_string\"}}],\"inLanguage\":\"fr-FR\"},{\"@type\":\"Organization\",\"@id\":\"https:\\\/\\\/syndicom.ch\\\/fr\\\/#organization\",\"name\":\"syndicom\",\"url\":\"https:\\\/\\\/syndicom.ch\\\/fr\\\/\",\"logo\":{\"@type\":\"ImageObject\",\"inLanguage\":\"fr-FR\",\"@id\":\"https:\\\/\\\/syndicom.ch\\\/fr\\\/#\\\/schema\\\/logo\\\/image\\\/\",\"url\":\"https:\\\/\\\/syndicom.ch\\\/app\\\/uploads\\\/2024\\\/06\\\/logo.svg\",\"contentUrl\":\"https:\\\/\\\/syndicom.ch\\\/app\\\/uploads\\\/2024\\\/06\\\/logo.svg\",\"width\":297,\"height\":51,\"caption\":\"syndicom\"},\"image\":{\"@id\":\"https:\\\/\\\/syndicom.ch\\\/fr\\\/#\\\/schema\\\/logo\\\/image\\\/\"}}]}<\/script>\n<!-- \/ Yoast SEO plugin. -->","yoast_head_json":{"title":"Nouvelles solutions chez comPlan - syndicom","description":"Nouvelles solutions pour ta caisse de pension comPlan : un taux d'int\u00e9r\u00eat \u00e9quitable et une \u00e9ventuelle compensation du rench\u00e9rissement.","robots":{"index":"index","follow":"follow","max-snippet":"max-snippet:-1","max-image-preview":"max-image-preview:large","max-video-preview":"max-video-preview:-1"},"canonical":"https:\/\/syndicom.ch\/fr\/communique-de-presse\/nouvelles-solutions-chez-complan\/","og_locale":"fr_FR","og_type":"article","og_title":"Nouvelles solutions chez comPlan - syndicom","og_description":"Nouvelles solutions pour ta caisse de pension comPlan : un taux d'int\u00e9r\u00eat \u00e9quitable et une \u00e9ventuelle compensation du rench\u00e9rissement.","og_url":"https:\/\/syndicom.ch\/fr\/communique-de-presse\/nouvelles-solutions-chez-complan\/","og_site_name":"syndicom","twitter_card":"summary_large_image","twitter_misc":{"Dur\u00e9e de lecture estim\u00e9e":"3 minutes"},"schema":{"@context":"https:\/\/schema.org","@graph":[{"@type":"WebPage","@id":"https:\/\/syndicom.ch\/fr\/communique-de-presse\/nouvelles-solutions-chez-complan\/","url":"https:\/\/syndicom.ch\/fr\/communique-de-presse\/nouvelles-solutions-chez-complan\/","name":"Nouvelles solutions chez comPlan - syndicom","isPartOf":{"@id":"https:\/\/syndicom.ch\/fr\/#website"},"datePublished":"2024-11-25T06:00:00+00:00","description":"Nouvelles solutions pour ta caisse de pension comPlan : un taux d'int\u00e9r\u00eat \u00e9quitable et une \u00e9ventuelle compensation du rench\u00e9rissement.","breadcrumb":{"@id":"https:\/\/syndicom.ch\/fr\/communique-de-presse\/nouvelles-solutions-chez-complan\/#breadcrumb"},"inLanguage":"fr-FR","potentialAction":[{"@type":"ReadAction","target":["https:\/\/syndicom.ch\/fr\/communique-de-presse\/nouvelles-solutions-chez-complan\/"]}]},{"@type":"BreadcrumbList","@id":"https:\/\/syndicom.ch\/fr\/communique-de-presse\/nouvelles-solutions-chez-complan\/#breadcrumb","itemListElement":[{"@type":"ListItem","position":1,"name":"Page d'accueil","item":"https:\/\/syndicom.ch\/fr\/"},{"@type":"ListItem","position":2,"name":"Nouvelles solutions chez comPlan"}]},{"@type":"WebSite","@id":"https:\/\/syndicom.ch\/fr\/#website","url":"https:\/\/syndicom.ch\/fr\/","name":"syndicom","description":"","publisher":{"@id":"https:\/\/syndicom.ch\/fr\/#organization"},"potentialAction":[{"@type":"SearchAction","target":{"@type":"EntryPoint","urlTemplate":"https:\/\/syndicom.ch\/fr\/?s={search_term_string}"},"query-input":{"@type":"PropertyValueSpecification","valueRequired":true,"valueName":"search_term_string"}}],"inLanguage":"fr-FR"},{"@type":"Organization","@id":"https:\/\/syndicom.ch\/fr\/#organization","name":"syndicom","url":"https:\/\/syndicom.ch\/fr\/","logo":{"@type":"ImageObject","inLanguage":"fr-FR","@id":"https:\/\/syndicom.ch\/fr\/#\/schema\/logo\/image\/","url":"https:\/\/syndicom.ch\/app\/uploads\/2024\/06\/logo.svg","contentUrl":"https:\/\/syndicom.ch\/app\/uploads\/2024\/06\/logo.svg","width":297,"height":51,"caption":"syndicom"},"image":{"@id":"https:\/\/syndicom.ch\/fr\/#\/schema\/logo\/image\/"}}]}},"_links":{"self":[{"href":"https:\/\/syndicom.ch\/fr\/wp-json\/wp\/v2\/pressrelease\/16929","targetHints":{"allow":["GET"]}}],"collection":[{"href":"https:\/\/syndicom.ch\/fr\/wp-json\/wp\/v2\/pressrelease"}],"about":[{"href":"https:\/\/syndicom.ch\/fr\/wp-json\/wp\/v2\/types\/pressrelease"}],"author":[{"embeddable":true,"href":"https:\/\/syndicom.ch\/fr\/wp-json\/wp\/v2\/users\/3"}],"version-history":[{"count":2,"href":"https:\/\/syndicom.ch\/fr\/wp-json\/wp\/v2\/pressrelease\/16929\/revisions"}],"predecessor-version":[{"id":16932,"href":"https:\/\/syndicom.ch\/fr\/wp-json\/wp\/v2\/pressrelease\/16929\/revisions\/16932"}],"wp:attachment":[{"href":"https:\/\/syndicom.ch\/fr\/wp-json\/wp\/v2\/media?parent=16929"}],"wp:term":[{"taxonomy":"pressrelease-category","embeddable":true,"href":"https:\/\/syndicom.ch\/fr\/wp-json\/wp\/v2\/pressrelease-category?post=16929"}],"curies":[{"name":"wp","href":"https:\/\/api.w.org\/{rel}","templated":true}]}}