{"id":17509,"date":"2024-11-29T12:46:56","date_gmt":"2024-11-29T11:46:56","guid":{"rendered":"https:\/\/syndicom.ch\/medienmitteilung\/tamedia-syndicom-fordert-perspektive-fuer-mitarbeitende-und-lokaljournalismus\/"},"modified":"2025-10-01T16:36:22","modified_gmt":"2025-10-01T14:36:22","slug":"tamedia-syndicom-demande-une-perspective-pour-les-collaborateurs-trices","status":"publish","type":"pressrelease","link":"https:\/\/syndicom.ch\/fr\/communique-de-presse\/tamedia-syndicom-demande-une-perspective-pour-les-collaborateurs-trices\/","title":{"rendered":"Tamedia: demande d&rsquo;une perspective pour les collaborateurs-trices"},"content":{"rendered":"\n<div class=\"wp-block-group alignfull has-background-color has-primary-background-color has-text-color has-background has-link-color wp-elements-3313531ade330781bdb675aae361ed9f is-layout-constrained wp-block-group-is-layout-constrained\">\n<div class=\"wp-block-group is-style-narrow is-layout-constrained wp-block-group-is-layout-constrained\">\n<div class=\"wp-block-group pressrelease-meta is-nowrap is-layout-flex wp-container-core-group-is-layout-ad2f72ca wp-block-group-is-layout-flex\"><div class=\"wp-block-post-date\"><time datetime=\"2024-11-29T12:46:56+01:00\">29 novembre 2024<\/time><\/div><\/div>\n\n\n\n<h1 class=\"wp-block-heading\" style=\"font-size:53px\">Tamedia: syndicom demande une perspective \u00e0 long terme pour les collaborateurs-trices et le journalisme local.<\/h1>\n\n\n\n<div class=\"wp-block-columns is-layout-flex wp-container-core-columns-is-layout-9d6595d7 wp-block-columns-is-layout-flex\">\n<div class=\"wp-block-column is-layout-flow wp-block-column-is-layout-flow\" style=\"flex-basis:70%\">\n<p class=\"is-style-lead\">syndicom prend note de mani\u00e8re fondamentalement positive de la d\u00e9cision de la direction de Tamedia d&rsquo;introduire un gel des licenciements de deux ans jusqu&rsquo;en 2026. Cette mesure r\u00e9pond \u00e0 une revendication de longue date des employ\u00e9-es. Mais le syndicat fait remarquer que cette d\u00e9cision ne suffit pas \u00e0 elle seule pour renforcer durablement la confiance de l&rsquo;ensemble du personnel et des m\u00e9dias locaux d\u00e9laiss\u00e9s.<\/p>\n<\/div>\n<\/div>\n<\/div>\n<\/div>\n\n\n\n<div class=\"wp-block-group alignfull has-background-background-color has-background is-layout-constrained wp-block-group-is-layout-constrained\">\n<div class=\"wp-block-group is-style-narrow is-layout-constrained wp-block-group-is-layout-constrained\"><div class=\"wp-block-quote-wrapper\">\n<blockquote class=\"wp-block-quote is-layout-flow wp-block-quote-is-layout-flow\">\n<p>Un gel des licenciements est une assurance importante pour les employ\u00e9s des r\u00e9dactions. Cela doit s&rsquo;appliquer \u00e0 l&rsquo;ensemble du personnel \u00bb, d\u00e9clare Stephanie Vonarburg, vice-pr\u00e9sidente et responsable du secteur M\u00e9dias \u00e0 syndicom. \u00ab Il est important que TX Group cesse de se focaliser en premier lieu sur les marges b\u00e9n\u00e9ficiaires et qu&rsquo;il investisse \u00e0 nouveau dans le journalisme local.<\/p>\n<\/blockquote>\n<\/div><\/div>\n<\/div>\n","protected":false},"excerpt":{"rendered":"<p>syndicom salue le gel des licenciements, mais souligne qu&rsquo;il ne suffit pas \u00e0 renforcer durablement la confiance du personnel.<\/p>\n","protected":false},"author":3,"featured_media":43775,"template":"","meta":{"_acf_changed":false,"inline_featured_image":false,"_coblocks_attr":"","_coblocks_dimensions":"","_coblocks_responsive_height":"","_coblocks_accordion_ie_support":"","footnotes":""},"pressrelease-category":[120,115],"class_list":["post-17509","pressrelease","type-pressrelease","status-publish","has-post-thumbnail","hentry","pressrelease-category-medienmitteilung-fr","pressrelease-category-medien-fr"],"acf":[],"yoast_head":"<!-- This site is optimized with the Yoast SEO plugin v27.3 - https:\/\/yoast.com\/product\/yoast-seo-wordpress\/ -->\n<title>Tamedia: demande d&#039;une perspective pour les collaborateurs-trices - syndicom<\/title>\n<meta name=\"description\" content=\"syndicom salue le gel des licenciements, mais souligne qu&#039;il ne suffit pas \u00e0 renforcer durablement la confiance du personnel.\" \/>\n<meta name=\"robots\" content=\"index, follow, max-snippet:-1, max-image-preview:large, max-video-preview:-1\" \/>\n<link rel=\"canonical\" href=\"https:\/\/syndicom.ch\/fr\/communique-de-presse\/tamedia-syndicom-demande-une-perspective-pour-les-collaborateurs-trices\/\" \/>\n<meta property=\"og:locale\" content=\"fr_FR\" \/>\n<meta property=\"og:type\" content=\"article\" \/>\n<meta property=\"og:title\" content=\"Tamedia: demande d&#039;une perspective pour les collaborateurs-trices - syndicom\" \/>\n<meta property=\"og:description\" content=\"syndicom salue le gel des licenciements, mais souligne qu&#039;il ne suffit pas \u00e0 renforcer durablement la confiance du personnel.\" \/>\n<meta property=\"og:url\" content=\"https:\/\/syndicom.ch\/fr\/communique-de-presse\/tamedia-syndicom-demande-une-perspective-pour-les-collaborateurs-trices\/\" \/>\n<meta property=\"og:site_name\" content=\"syndicom\" \/>\n<meta property=\"article:modified_time\" content=\"2025-10-01T14:36:22+00:00\" \/>\n<meta property=\"og:image\" content=\"https:\/\/syndicom.ch\/app\/uploads\/2024\/11\/gewerkschaft-syndicom-tamedia-logo-symbolbild.jpg\" \/>\n\t<meta property=\"og:image:width\" content=\"1920\" \/>\n\t<meta property=\"og:image:height\" content=\"2560\" \/>\n\t<meta property=\"og:image:type\" content=\"image\/jpeg\" \/>\n<meta name=\"twitter:card\" content=\"summary_large_image\" \/>\n<meta name=\"twitter:label1\" content=\"Dur\u00e9e de lecture estim\u00e9e\" \/>\n\t<meta name=\"twitter:data1\" content=\"1 minute\" \/>\n<script type=\"application\/ld+json\" class=\"yoast-schema-graph\">{\"@context\":\"https:\\\/\\\/schema.org\",\"@graph\":[{\"@type\":\"WebPage\",\"@id\":\"https:\\\/\\\/syndicom.ch\\\/fr\\\/communique-de-presse\\\/tamedia-syndicom-demande-une-perspective-pour-les-collaborateurs-trices\\\/\",\"url\":\"https:\\\/\\\/syndicom.ch\\\/fr\\\/communique-de-presse\\\/tamedia-syndicom-demande-une-perspective-pour-les-collaborateurs-trices\\\/\",\"name\":\"Tamedia: demande d'une perspective pour les collaborateurs-trices - syndicom\",\"isPartOf\":{\"@id\":\"https:\\\/\\\/syndicom.ch\\\/fr\\\/#website\"},\"primaryImageOfPage\":{\"@id\":\"https:\\\/\\\/syndicom.ch\\\/fr\\\/communique-de-presse\\\/tamedia-syndicom-demande-une-perspective-pour-les-collaborateurs-trices\\\/#primaryimage\"},\"image\":{\"@id\":\"https:\\\/\\\/syndicom.ch\\\/fr\\\/communique-de-presse\\\/tamedia-syndicom-demande-une-perspective-pour-les-collaborateurs-trices\\\/#primaryimage\"},\"thumbnailUrl\":\"https:\\\/\\\/syndicom.ch\\\/app\\\/uploads\\\/2024\\\/11\\\/gewerkschaft-syndicom-tamedia-logo-symbolbild.jpg\",\"datePublished\":\"2024-11-29T11:46:56+00:00\",\"dateModified\":\"2025-10-01T14:36:22+00:00\",\"description\":\"syndicom salue le gel des licenciements, mais souligne qu'il ne suffit pas \u00e0 renforcer durablement la confiance du personnel.\",\"breadcrumb\":{\"@id\":\"https:\\\/\\\/syndicom.ch\\\/fr\\\/communique-de-presse\\\/tamedia-syndicom-demande-une-perspective-pour-les-collaborateurs-trices\\\/#breadcrumb\"},\"inLanguage\":\"fr-FR\",\"potentialAction\":[{\"@type\":\"ReadAction\",\"target\":[\"https:\\\/\\\/syndicom.ch\\\/fr\\\/communique-de-presse\\\/tamedia-syndicom-demande-une-perspective-pour-les-collaborateurs-trices\\\/\"]}]},{\"@type\":\"ImageObject\",\"inLanguage\":\"fr-FR\",\"@id\":\"https:\\\/\\\/syndicom.ch\\\/fr\\\/communique-de-presse\\\/tamedia-syndicom-demande-une-perspective-pour-les-collaborateurs-trices\\\/#primaryimage\",\"url\":\"https:\\\/\\\/syndicom.ch\\\/app\\\/uploads\\\/2024\\\/11\\\/gewerkschaft-syndicom-tamedia-logo-symbolbild.jpg\",\"contentUrl\":\"https:\\\/\\\/syndicom.ch\\\/app\\\/uploads\\\/2024\\\/11\\\/gewerkschaft-syndicom-tamedia-logo-symbolbild.jpg\",\"width\":1920,\"height\":2560,\"caption\":\"Tamedia Logo Geb\u00e4ude Z\u00fcrich\"},{\"@type\":\"BreadcrumbList\",\"@id\":\"https:\\\/\\\/syndicom.ch\\\/fr\\\/communique-de-presse\\\/tamedia-syndicom-demande-une-perspective-pour-les-collaborateurs-trices\\\/#breadcrumb\",\"itemListElement\":[{\"@type\":\"ListItem\",\"position\":1,\"name\":\"Page d'accueil\",\"item\":\"https:\\\/\\\/syndicom.ch\\\/fr\\\/\"},{\"@type\":\"ListItem\",\"position\":2,\"name\":\"Tamedia: demande d&#8217;une perspective pour les collaborateurs-trices\"}]},{\"@type\":\"WebSite\",\"@id\":\"https:\\\/\\\/syndicom.ch\\\/fr\\\/#website\",\"url\":\"https:\\\/\\\/syndicom.ch\\\/fr\\\/\",\"name\":\"syndicom\",\"description\":\"\",\"publisher\":{\"@id\":\"https:\\\/\\\/syndicom.ch\\\/fr\\\/#organization\"},\"potentialAction\":[{\"@type\":\"SearchAction\",\"target\":{\"@type\":\"EntryPoint\",\"urlTemplate\":\"https:\\\/\\\/syndicom.ch\\\/fr\\\/?s={search_term_string}\"},\"query-input\":{\"@type\":\"PropertyValueSpecification\",\"valueRequired\":true,\"valueName\":\"search_term_string\"}}],\"inLanguage\":\"fr-FR\"},{\"@type\":\"Organization\",\"@id\":\"https:\\\/\\\/syndicom.ch\\\/fr\\\/#organization\",\"name\":\"syndicom\",\"url\":\"https:\\\/\\\/syndicom.ch\\\/fr\\\/\",\"logo\":{\"@type\":\"ImageObject\",\"inLanguage\":\"fr-FR\",\"@id\":\"https:\\\/\\\/syndicom.ch\\\/fr\\\/#\\\/schema\\\/logo\\\/image\\\/\",\"url\":\"https:\\\/\\\/syndicom.ch\\\/app\\\/uploads\\\/2024\\\/06\\\/logo.svg\",\"contentUrl\":\"https:\\\/\\\/syndicom.ch\\\/app\\\/uploads\\\/2024\\\/06\\\/logo.svg\",\"width\":297,\"height\":51,\"caption\":\"syndicom\"},\"image\":{\"@id\":\"https:\\\/\\\/syndicom.ch\\\/fr\\\/#\\\/schema\\\/logo\\\/image\\\/\"}}]}<\/script>\n<!-- \/ Yoast SEO plugin. -->","yoast_head_json":{"title":"Tamedia: demande d'une perspective pour les collaborateurs-trices - syndicom","description":"syndicom salue le gel des licenciements, mais souligne qu'il ne suffit pas \u00e0 renforcer durablement la confiance du personnel.","robots":{"index":"index","follow":"follow","max-snippet":"max-snippet:-1","max-image-preview":"max-image-preview:large","max-video-preview":"max-video-preview:-1"},"canonical":"https:\/\/syndicom.ch\/fr\/communique-de-presse\/tamedia-syndicom-demande-une-perspective-pour-les-collaborateurs-trices\/","og_locale":"fr_FR","og_type":"article","og_title":"Tamedia: demande d'une perspective pour les collaborateurs-trices - syndicom","og_description":"syndicom salue le gel des licenciements, mais souligne qu'il ne suffit pas \u00e0 renforcer durablement la confiance du personnel.","og_url":"https:\/\/syndicom.ch\/fr\/communique-de-presse\/tamedia-syndicom-demande-une-perspective-pour-les-collaborateurs-trices\/","og_site_name":"syndicom","article_modified_time":"2025-10-01T14:36:22+00:00","og_image":[{"width":1920,"height":2560,"url":"https:\/\/syndicom.ch\/app\/uploads\/2024\/11\/gewerkschaft-syndicom-tamedia-logo-symbolbild.jpg","type":"image\/jpeg"}],"twitter_card":"summary_large_image","twitter_misc":{"Dur\u00e9e de lecture estim\u00e9e":"1 minute"},"schema":{"@context":"https:\/\/schema.org","@graph":[{"@type":"WebPage","@id":"https:\/\/syndicom.ch\/fr\/communique-de-presse\/tamedia-syndicom-demande-une-perspective-pour-les-collaborateurs-trices\/","url":"https:\/\/syndicom.ch\/fr\/communique-de-presse\/tamedia-syndicom-demande-une-perspective-pour-les-collaborateurs-trices\/","name":"Tamedia: demande d'une perspective pour les collaborateurs-trices - syndicom","isPartOf":{"@id":"https:\/\/syndicom.ch\/fr\/#website"},"primaryImageOfPage":{"@id":"https:\/\/syndicom.ch\/fr\/communique-de-presse\/tamedia-syndicom-demande-une-perspective-pour-les-collaborateurs-trices\/#primaryimage"},"image":{"@id":"https:\/\/syndicom.ch\/fr\/communique-de-presse\/tamedia-syndicom-demande-une-perspective-pour-les-collaborateurs-trices\/#primaryimage"},"thumbnailUrl":"https:\/\/syndicom.ch\/app\/uploads\/2024\/11\/gewerkschaft-syndicom-tamedia-logo-symbolbild.jpg","datePublished":"2024-11-29T11:46:56+00:00","dateModified":"2025-10-01T14:36:22+00:00","description":"syndicom salue le gel des licenciements, mais souligne qu'il ne suffit pas \u00e0 renforcer durablement la confiance du personnel.","breadcrumb":{"@id":"https:\/\/syndicom.ch\/fr\/communique-de-presse\/tamedia-syndicom-demande-une-perspective-pour-les-collaborateurs-trices\/#breadcrumb"},"inLanguage":"fr-FR","potentialAction":[{"@type":"ReadAction","target":["https:\/\/syndicom.ch\/fr\/communique-de-presse\/tamedia-syndicom-demande-une-perspective-pour-les-collaborateurs-trices\/"]}]},{"@type":"ImageObject","inLanguage":"fr-FR","@id":"https:\/\/syndicom.ch\/fr\/communique-de-presse\/tamedia-syndicom-demande-une-perspective-pour-les-collaborateurs-trices\/#primaryimage","url":"https:\/\/syndicom.ch\/app\/uploads\/2024\/11\/gewerkschaft-syndicom-tamedia-logo-symbolbild.jpg","contentUrl":"https:\/\/syndicom.ch\/app\/uploads\/2024\/11\/gewerkschaft-syndicom-tamedia-logo-symbolbild.jpg","width":1920,"height":2560,"caption":"Tamedia Logo Geb\u00e4ude Z\u00fcrich"},{"@type":"BreadcrumbList","@id":"https:\/\/syndicom.ch\/fr\/communique-de-presse\/tamedia-syndicom-demande-une-perspective-pour-les-collaborateurs-trices\/#breadcrumb","itemListElement":[{"@type":"ListItem","position":1,"name":"Page d'accueil","item":"https:\/\/syndicom.ch\/fr\/"},{"@type":"ListItem","position":2,"name":"Tamedia: demande d&#8217;une perspective pour les collaborateurs-trices"}]},{"@type":"WebSite","@id":"https:\/\/syndicom.ch\/fr\/#website","url":"https:\/\/syndicom.ch\/fr\/","name":"syndicom","description":"","publisher":{"@id":"https:\/\/syndicom.ch\/fr\/#organization"},"potentialAction":[{"@type":"SearchAction","target":{"@type":"EntryPoint","urlTemplate":"https:\/\/syndicom.ch\/fr\/?s={search_term_string}"},"query-input":{"@type":"PropertyValueSpecification","valueRequired":true,"valueName":"search_term_string"}}],"inLanguage":"fr-FR"},{"@type":"Organization","@id":"https:\/\/syndicom.ch\/fr\/#organization","name":"syndicom","url":"https:\/\/syndicom.ch\/fr\/","logo":{"@type":"ImageObject","inLanguage":"fr-FR","@id":"https:\/\/syndicom.ch\/fr\/#\/schema\/logo\/image\/","url":"https:\/\/syndicom.ch\/app\/uploads\/2024\/06\/logo.svg","contentUrl":"https:\/\/syndicom.ch\/app\/uploads\/2024\/06\/logo.svg","width":297,"height":51,"caption":"syndicom"},"image":{"@id":"https:\/\/syndicom.ch\/fr\/#\/schema\/logo\/image\/"}}]}},"_links":{"self":[{"href":"https:\/\/syndicom.ch\/fr\/wp-json\/wp\/v2\/pressrelease\/17509","targetHints":{"allow":["GET"]}}],"collection":[{"href":"https:\/\/syndicom.ch\/fr\/wp-json\/wp\/v2\/pressrelease"}],"about":[{"href":"https:\/\/syndicom.ch\/fr\/wp-json\/wp\/v2\/types\/pressrelease"}],"author":[{"embeddable":true,"href":"https:\/\/syndicom.ch\/fr\/wp-json\/wp\/v2\/users\/3"}],"version-history":[{"count":4,"href":"https:\/\/syndicom.ch\/fr\/wp-json\/wp\/v2\/pressrelease\/17509\/revisions"}],"predecessor-version":[{"id":47368,"href":"https:\/\/syndicom.ch\/fr\/wp-json\/wp\/v2\/pressrelease\/17509\/revisions\/47368"}],"wp:featuredmedia":[{"embeddable":true,"href":"https:\/\/syndicom.ch\/fr\/wp-json\/wp\/v2\/media\/43775"}],"wp:attachment":[{"href":"https:\/\/syndicom.ch\/fr\/wp-json\/wp\/v2\/media?parent=17509"}],"wp:term":[{"taxonomy":"pressrelease-category","embeddable":true,"href":"https:\/\/syndicom.ch\/fr\/wp-json\/wp\/v2\/pressrelease-category?post=17509"}],"curies":[{"name":"wp","href":"https:\/\/api.w.org\/{rel}","templated":true}]}}