{"id":27463,"date":"2025-02-13T07:43:46","date_gmt":"2025-02-13T06:43:46","guid":{"rendered":"https:\/\/syndicom.ch\/medienmitteilung\/swisscom-mitarbeitende-fordern-mehr-beschaeftigungssicherheit\/"},"modified":"2025-08-19T19:05:29","modified_gmt":"2025-08-19T17:05:29","slug":"swisscom-exigent-plus-de-securite-de-lemploi","status":"publish","type":"pressrelease","link":"https:\/\/syndicom.ch\/fr\/communique-de-presse\/swisscom-exigent-plus-de-securite-de-lemploi\/","title":{"rendered":"Swisscom: meilleure s\u00e9curit\u00e9 de l\u2019emploi"},"content":{"rendered":"\n<div class=\"wp-block-group alignfull has-background-color has-primary-background-color has-text-color has-background has-link-color wp-elements-3313531ade330781bdb675aae361ed9f is-layout-constrained wp-block-group-is-layout-constrained\">\n<div class=\"wp-block-group is-style-narrow is-layout-constrained wp-block-group-is-layout-constrained\">\n<div class=\"wp-block-group pressrelease-meta is-nowrap is-layout-flex wp-container-core-group-is-layout-ad2f72ca wp-block-group-is-layout-flex\"><div class=\"wp-block-post-date\"><time datetime=\"2025-02-13T07:43:46+01:00\">13 f\u00e9vrier 2025<\/time><\/div><\/div>\n\n\n\n<h1 class=\"wp-block-heading\" style=\"font-size:53px\">Les employ\u00e9-es de Swisscom exigent une meilleure s\u00e9curit\u00e9 de l\u2019emploi<\/h1>\n\n\n\n<div class=\"wp-block-columns is-layout-flex wp-container-core-columns-is-layout-9d6595d7 wp-block-columns-is-layout-flex\">\n<div class=\"wp-block-column is-layout-flow wp-block-column-is-layout-flow\" style=\"flex-basis:70%\">\n<p class=\"is-style-lead\">Swisscom vient de pr\u00e9senter ses r\u00e9sultats annuels et s\u2019attend \u00e0 un b\u00e9n\u00e9fice en hausse avec le rachat de Vodafone Italia. Pourtant, alors que le groupe grandit, l\u2019inqui\u00e9tude augmente chez beaucoup de collaborateurs-trices. La suppression de postes, les externalisations et une pression de plus en plus forte p\u00e8sent sur le personnel.<\/p>\n<\/div>\n<\/div>\n<\/div>\n<\/div>\n\n\n\n<div class=\"wp-block-group alignfull has-background-background-color has-background is-layout-constrained wp-block-group-is-layout-constrained\">\n<div class=\"wp-block-group is-style-narrow is-layout-constrained wp-block-group-is-layout-constrained\">\n<p>Les <a href=\"https:\/\/syndicom.ch\/fr\/campagnes\/petition-swisscom\/\" target=\"_blank\" rel=\"noreferrer noopener\">collaborateurs-trices de Swisscom exigent plus de s\u00e9curit\u00e9 de l\u2019emploi<\/a> et un engagement clair en faveur de la place \u00e9conomique suisse. Malgr\u00e9 de bons chiffres d\u2019affaires, Swisscom continue \u00e0 supprimer des postes dans diff\u00e9rents domaines de l\u2019entreprise, tandis qu\u2019il cr\u00e9e de nouveaux emplois ailleurs. De plus, la pression sur le personnel augmente.<\/p>\n\n\n\n<p>Les travailleurs-euses \u00e2g\u00e9-es qui se retrouvent dans l\u2019ins\u00e9curit\u00e9 avant la retraite sont en particulier souvent aussi concern\u00e9-es. De plus, la charge pour le personnel restant devient de plus en plus grande. <\/p>\n\n\n\n<p>Daniel H\u00fcgli, responsable du secteur TIC chez syndicom:<\/p>\n\n\n<div class=\"wp-block-quote-wrapper\">\n<blockquote class=\"wp-block-quote is-layout-flow wp-block-quote-is-layout-flow\">\n<p>Swisscom jouit d\u2019une bonne situation \u00e9conomique \u2013 cependant, des postes de travail s\u00fbrs et porteurs d\u2019avenir rel\u00e8vent aussi de la responsabilit\u00e9 de l\u2019entreprise. Nous exigeons un engagement clair en faveur de la place \u00e9conomique suisse et des perspectives \u00e9quitables pour toutes les <a href=\"https:\/\/syndicom.ch\/fr\/campagnes\/petition-swisscom\/\" target=\"_blank\" rel=\"noreferrer noopener\">collaborateurs-trices<\/a>. Si Swisscom peut se permettre d\u2019augmenter les dividendes pour les actionnaires, elle peut aussi investir davantage dans le personnel en tant qu\u2019employeur.<\/p>\n<\/blockquote>\n<\/div><\/div>\n<\/div>\n","protected":false},"excerpt":{"rendered":"<p>Les collaborateurs-trices de Swisscom exigent plus de s\u00e9curit\u00e9 de l\u2019emploi et un engagement clair en faveur de la place \u00e9conomique suisse.<\/p>\n","protected":false},"author":3,"featured_media":0,"template":"","meta":{"_acf_changed":false,"inline_featured_image":false,"_coblocks_attr":"","_coblocks_dimensions":"","_coblocks_responsive_height":"","_coblocks_accordion_ie_support":"","footnotes":""},"pressrelease-category":[120,117],"class_list":["post-27463","pressrelease","type-pressrelease","status-publish","hentry","pressrelease-category-medienmitteilung-fr","pressrelease-category-ict-fr"],"acf":[],"yoast_head":"<!-- This site is optimized with the Yoast SEO plugin v27.3 - https:\/\/yoast.com\/product\/yoast-seo-wordpress\/ -->\n<title>Swisscom: meilleure s\u00e9curit\u00e9 de l\u2019emploi - syndicom<\/title>\n<meta name=\"description\" content=\"Les collaborateurs-trices de Swisscom exigent plus de s\u00e9curit\u00e9 de l\u2019emploi et un engagement clair en faveur de la place \u00e9conomique suisse.\" \/>\n<meta name=\"robots\" content=\"index, follow, max-snippet:-1, max-image-preview:large, max-video-preview:-1\" \/>\n<link rel=\"canonical\" href=\"https:\/\/syndicom.ch\/fr\/communique-de-presse\/swisscom-exigent-plus-de-securite-de-lemploi\/\" \/>\n<meta property=\"og:locale\" content=\"fr_FR\" \/>\n<meta property=\"og:type\" content=\"article\" \/>\n<meta property=\"og:title\" content=\"Swisscom: meilleure s\u00e9curit\u00e9 de l\u2019emploi - syndicom\" \/>\n<meta property=\"og:description\" content=\"Les collaborateurs-trices de Swisscom exigent plus de s\u00e9curit\u00e9 de l\u2019emploi et un engagement clair en faveur de la place \u00e9conomique suisse.\" \/>\n<meta property=\"og:url\" content=\"https:\/\/syndicom.ch\/fr\/communique-de-presse\/swisscom-exigent-plus-de-securite-de-lemploi\/\" \/>\n<meta property=\"og:site_name\" content=\"syndicom\" \/>\n<meta property=\"article:modified_time\" content=\"2025-08-19T17:05:29+00:00\" \/>\n<meta name=\"twitter:card\" content=\"summary_large_image\" \/>\n<meta name=\"twitter:label1\" content=\"Dur\u00e9e de lecture estim\u00e9e\" \/>\n\t<meta name=\"twitter:data1\" content=\"1 minute\" \/>\n<script type=\"application\/ld+json\" class=\"yoast-schema-graph\">{\"@context\":\"https:\\\/\\\/schema.org\",\"@graph\":[{\"@type\":\"WebPage\",\"@id\":\"https:\\\/\\\/syndicom.ch\\\/fr\\\/communique-de-presse\\\/swisscom-exigent-plus-de-securite-de-lemploi\\\/\",\"url\":\"https:\\\/\\\/syndicom.ch\\\/fr\\\/communique-de-presse\\\/swisscom-exigent-plus-de-securite-de-lemploi\\\/\",\"name\":\"Swisscom: meilleure s\u00e9curit\u00e9 de l\u2019emploi - syndicom\",\"isPartOf\":{\"@id\":\"https:\\\/\\\/syndicom.ch\\\/fr\\\/#website\"},\"datePublished\":\"2025-02-13T06:43:46+00:00\",\"dateModified\":\"2025-08-19T17:05:29+00:00\",\"description\":\"Les collaborateurs-trices de Swisscom exigent plus de s\u00e9curit\u00e9 de l\u2019emploi et un engagement clair en faveur de la place \u00e9conomique suisse.\",\"breadcrumb\":{\"@id\":\"https:\\\/\\\/syndicom.ch\\\/fr\\\/communique-de-presse\\\/swisscom-exigent-plus-de-securite-de-lemploi\\\/#breadcrumb\"},\"inLanguage\":\"fr-FR\",\"potentialAction\":[{\"@type\":\"ReadAction\",\"target\":[\"https:\\\/\\\/syndicom.ch\\\/fr\\\/communique-de-presse\\\/swisscom-exigent-plus-de-securite-de-lemploi\\\/\"]}]},{\"@type\":\"BreadcrumbList\",\"@id\":\"https:\\\/\\\/syndicom.ch\\\/fr\\\/communique-de-presse\\\/swisscom-exigent-plus-de-securite-de-lemploi\\\/#breadcrumb\",\"itemListElement\":[{\"@type\":\"ListItem\",\"position\":1,\"name\":\"Page d'accueil\",\"item\":\"https:\\\/\\\/syndicom.ch\\\/fr\\\/\"},{\"@type\":\"ListItem\",\"position\":2,\"name\":\"Swisscom: meilleure s\u00e9curit\u00e9 de l\u2019emploi\"}]},{\"@type\":\"WebSite\",\"@id\":\"https:\\\/\\\/syndicom.ch\\\/fr\\\/#website\",\"url\":\"https:\\\/\\\/syndicom.ch\\\/fr\\\/\",\"name\":\"syndicom\",\"description\":\"\",\"publisher\":{\"@id\":\"https:\\\/\\\/syndicom.ch\\\/fr\\\/#organization\"},\"potentialAction\":[{\"@type\":\"SearchAction\",\"target\":{\"@type\":\"EntryPoint\",\"urlTemplate\":\"https:\\\/\\\/syndicom.ch\\\/fr\\\/?s={search_term_string}\"},\"query-input\":{\"@type\":\"PropertyValueSpecification\",\"valueRequired\":true,\"valueName\":\"search_term_string\"}}],\"inLanguage\":\"fr-FR\"},{\"@type\":\"Organization\",\"@id\":\"https:\\\/\\\/syndicom.ch\\\/fr\\\/#organization\",\"name\":\"syndicom\",\"url\":\"https:\\\/\\\/syndicom.ch\\\/fr\\\/\",\"logo\":{\"@type\":\"ImageObject\",\"inLanguage\":\"fr-FR\",\"@id\":\"https:\\\/\\\/syndicom.ch\\\/fr\\\/#\\\/schema\\\/logo\\\/image\\\/\",\"url\":\"https:\\\/\\\/syndicom.ch\\\/app\\\/uploads\\\/2024\\\/06\\\/logo.svg\",\"contentUrl\":\"https:\\\/\\\/syndicom.ch\\\/app\\\/uploads\\\/2024\\\/06\\\/logo.svg\",\"width\":297,\"height\":51,\"caption\":\"syndicom\"},\"image\":{\"@id\":\"https:\\\/\\\/syndicom.ch\\\/fr\\\/#\\\/schema\\\/logo\\\/image\\\/\"}}]}<\/script>\n<!-- \/ Yoast SEO plugin. -->","yoast_head_json":{"title":"Swisscom: meilleure s\u00e9curit\u00e9 de l\u2019emploi - syndicom","description":"Les collaborateurs-trices de Swisscom exigent plus de s\u00e9curit\u00e9 de l\u2019emploi et un engagement clair en faveur de la place \u00e9conomique suisse.","robots":{"index":"index","follow":"follow","max-snippet":"max-snippet:-1","max-image-preview":"max-image-preview:large","max-video-preview":"max-video-preview:-1"},"canonical":"https:\/\/syndicom.ch\/fr\/communique-de-presse\/swisscom-exigent-plus-de-securite-de-lemploi\/","og_locale":"fr_FR","og_type":"article","og_title":"Swisscom: meilleure s\u00e9curit\u00e9 de l\u2019emploi - syndicom","og_description":"Les collaborateurs-trices de Swisscom exigent plus de s\u00e9curit\u00e9 de l\u2019emploi et un engagement clair en faveur de la place \u00e9conomique suisse.","og_url":"https:\/\/syndicom.ch\/fr\/communique-de-presse\/swisscom-exigent-plus-de-securite-de-lemploi\/","og_site_name":"syndicom","article_modified_time":"2025-08-19T17:05:29+00:00","twitter_card":"summary_large_image","twitter_misc":{"Dur\u00e9e de lecture estim\u00e9e":"1 minute"},"schema":{"@context":"https:\/\/schema.org","@graph":[{"@type":"WebPage","@id":"https:\/\/syndicom.ch\/fr\/communique-de-presse\/swisscom-exigent-plus-de-securite-de-lemploi\/","url":"https:\/\/syndicom.ch\/fr\/communique-de-presse\/swisscom-exigent-plus-de-securite-de-lemploi\/","name":"Swisscom: meilleure s\u00e9curit\u00e9 de l\u2019emploi - syndicom","isPartOf":{"@id":"https:\/\/syndicom.ch\/fr\/#website"},"datePublished":"2025-02-13T06:43:46+00:00","dateModified":"2025-08-19T17:05:29+00:00","description":"Les collaborateurs-trices de Swisscom exigent plus de s\u00e9curit\u00e9 de l\u2019emploi et un engagement clair en faveur de la place \u00e9conomique suisse.","breadcrumb":{"@id":"https:\/\/syndicom.ch\/fr\/communique-de-presse\/swisscom-exigent-plus-de-securite-de-lemploi\/#breadcrumb"},"inLanguage":"fr-FR","potentialAction":[{"@type":"ReadAction","target":["https:\/\/syndicom.ch\/fr\/communique-de-presse\/swisscom-exigent-plus-de-securite-de-lemploi\/"]}]},{"@type":"BreadcrumbList","@id":"https:\/\/syndicom.ch\/fr\/communique-de-presse\/swisscom-exigent-plus-de-securite-de-lemploi\/#breadcrumb","itemListElement":[{"@type":"ListItem","position":1,"name":"Page d'accueil","item":"https:\/\/syndicom.ch\/fr\/"},{"@type":"ListItem","position":2,"name":"Swisscom: meilleure s\u00e9curit\u00e9 de l\u2019emploi"}]},{"@type":"WebSite","@id":"https:\/\/syndicom.ch\/fr\/#website","url":"https:\/\/syndicom.ch\/fr\/","name":"syndicom","description":"","publisher":{"@id":"https:\/\/syndicom.ch\/fr\/#organization"},"potentialAction":[{"@type":"SearchAction","target":{"@type":"EntryPoint","urlTemplate":"https:\/\/syndicom.ch\/fr\/?s={search_term_string}"},"query-input":{"@type":"PropertyValueSpecification","valueRequired":true,"valueName":"search_term_string"}}],"inLanguage":"fr-FR"},{"@type":"Organization","@id":"https:\/\/syndicom.ch\/fr\/#organization","name":"syndicom","url":"https:\/\/syndicom.ch\/fr\/","logo":{"@type":"ImageObject","inLanguage":"fr-FR","@id":"https:\/\/syndicom.ch\/fr\/#\/schema\/logo\/image\/","url":"https:\/\/syndicom.ch\/app\/uploads\/2024\/06\/logo.svg","contentUrl":"https:\/\/syndicom.ch\/app\/uploads\/2024\/06\/logo.svg","width":297,"height":51,"caption":"syndicom"},"image":{"@id":"https:\/\/syndicom.ch\/fr\/#\/schema\/logo\/image\/"}}]}},"_links":{"self":[{"href":"https:\/\/syndicom.ch\/fr\/wp-json\/wp\/v2\/pressrelease\/27463","targetHints":{"allow":["GET"]}}],"collection":[{"href":"https:\/\/syndicom.ch\/fr\/wp-json\/wp\/v2\/pressrelease"}],"about":[{"href":"https:\/\/syndicom.ch\/fr\/wp-json\/wp\/v2\/types\/pressrelease"}],"author":[{"embeddable":true,"href":"https:\/\/syndicom.ch\/fr\/wp-json\/wp\/v2\/users\/3"}],"version-history":[{"count":6,"href":"https:\/\/syndicom.ch\/fr\/wp-json\/wp\/v2\/pressrelease\/27463\/revisions"}],"predecessor-version":[{"id":44950,"href":"https:\/\/syndicom.ch\/fr\/wp-json\/wp\/v2\/pressrelease\/27463\/revisions\/44950"}],"wp:attachment":[{"href":"https:\/\/syndicom.ch\/fr\/wp-json\/wp\/v2\/media?parent=27463"}],"wp:term":[{"taxonomy":"pressrelease-category","embeddable":true,"href":"https:\/\/syndicom.ch\/fr\/wp-json\/wp\/v2\/pressrelease-category?post=27463"}],"curies":[{"name":"wp","href":"https:\/\/api.w.org\/{rel}","templated":true}]}}