{"id":27705,"date":"2025-02-19T11:25:23","date_gmt":"2025-02-19T10:25:23","guid":{"rendered":"https:\/\/syndicom.ch\/?post_type=pressrelease&#038;p=27705"},"modified":"2025-07-30T14:25:26","modified_gmt":"2025-07-30T12:25:26","slug":"contre-la-fermeture-de-la-moitie-des-offices-de-poste-arc-jurassien","status":"publish","type":"pressrelease","link":"https:\/\/syndicom.ch\/fr\/communique-de-presse\/contre-la-fermeture-de-la-moitie-des-offices-de-poste-arc-jurassien\/","title":{"rendered":"Contre la fermeture de la moiti\u00e9 des offices de poste"},"content":{"rendered":"\n<div class=\"wp-block-group alignfull has-background-color has-primary-background-color has-text-color has-background has-link-color wp-elements-3313531ade330781bdb675aae361ed9f is-layout-constrained wp-block-group-is-layout-constrained\">\n<div class=\"wp-block-group is-style-narrow is-layout-constrained wp-block-group-is-layout-constrained\">\n<div class=\"wp-block-group pressrelease-meta is-nowrap is-layout-flex wp-container-core-group-is-layout-ad2f72ca wp-block-group-is-layout-flex\"><div class=\"wp-block-post-date\"><time datetime=\"2025-02-19T11:25:23+01:00\">19 f\u00e9vrier 2025<\/time><\/div><\/div>\n\n\n\n<h1 class=\"wp-block-heading\" style=\"font-size:53px\">Contre la fermeture de la moiti\u00e9 des offices de poste de l\u2019Arc jurassien<\/h1>\n\n\n\n<div class=\"wp-block-columns is-layout-flex wp-container-core-columns-is-layout-9d6595d7 wp-block-columns-is-layout-flex\">\n<div class=\"wp-block-column is-layout-flow wp-block-column-is-layout-flow\" style=\"flex-basis:70%\">\n<p class=\"is-style-lead\">La Poste veut fermer un office de poste sur deux dans l\u2019Arc jurassien. Aujourd\u2019hui, quelques 150 citoyennes et citoyens pr\u00e9occup\u00e9-es ainsi que les employ\u00e9-es concern\u00e9-es de La Poste ont protest\u00e9 \u00e0 Del\u00e9mont contre cette d\u00e9cision. Ils et elles demandent aux autorit\u00e9s cantonales et communales de s\u2019y opposer. \u00c0 leurs yeux, le service public est menac\u00e9.<\/p>\n<\/div>\n<\/div>\n<\/div>\n<\/div>\n\n\n\n<div class=\"wp-block-group alignfull has-background-background-color has-background is-layout-constrained wp-block-group-is-layout-constrained\">\n<div class=\"wp-block-group is-style-narrow is-layout-constrained wp-block-group-is-layout-constrained\">\n<p>Comme La Poste le confirmait fin octobre 2024, elle a l\u2019intention de fermer 170 offices en Suisse. Les cantons de l\u2019Arc jurassien en particulier seront frapp\u00e9s de plein fouet. Dans les cantons du Jura et de Neuch\u00e2tel, presque un office sur deux doit \u00eatre ferm\u00e9. Dans le canton du Jura, la fermeture concerne 8\u202foffices sur 17, et \u00e0 Neuch\u00e2tel 11 sur 24. Ce mercredi matin, quelques 150 citoyennes et citoyens pr\u00e9occup\u00e9-es ainsi que les employ\u00e9-es concern\u00e9-es de La Poste ont exprim\u00e9 publiquement haut et fort leur incompr\u00e9hension contre l\u2019intention du g\u00e9ant jaune de fermer des offices. Les manifestant-es, rassembl\u00e9-es devant le Parlement jurassien \u00e0 Del\u00e9mont, ont r\u00e9pondu \u00e0 l\u2019appel de syndicom \u2013 le <a href=\"https:\/\/syndicom.ch\/fr\/offres-par-metier\/poste\/\" target=\"_blank\" rel=\"noreferrer noopener\">syndicat de La Poste<\/a> \u2013 pour exprimer leur m\u00e9contentement.<\/p>\n\n\n\n<h2 class=\"wp-block-heading\">Service universel essentiel pour le bien commun<\/h2>\n\n\n\n<p>Les participant-es ont d\u00e9nonc\u00e9 le d\u00e9mant\u00e8lement pr\u00e9vu du service public. Jean-Fran\u00e7ois Donz\u00e9, secr\u00e9taire r\u00e9gional de syndicom, ne m\u00e2che pas ses mots\u202f:<\/p>\n\n\n<div class=\"wp-block-quote-wrapper\">\n<blockquote class=\"wp-block-quote is-layout-flow wp-block-quote-is-layout-flow\">\n<p>\u00ab\u202fNous exigeons que nos politicien-nes s\u2019engagent activement dans la Berne f\u00e9d\u00e9rale pour maintenir les offices de poste et les emplois dans notre r\u00e9gion. Un service postal universel de haute qualit\u00e9 est essentiel pour le bien commun de notre soci\u00e9t\u00e9.\u202f\u00bb<\/p>\n<\/blockquote>\n<\/div>\n\n\n<p>Les manifestant-es attendent des autorit\u00e9s communales et cantonales qu\u2019elles s\u2019impliquent et mettent en \u0153uvre tous les moyens n\u00e9cessaires pour pr\u00e9server le r\u00e9seau postal actuel. Les intentions de fermeture d\u2019offices menacent l\u2019attractivit\u00e9 de leurs communes.<\/p>\n\n\n\n<h2 class=\"wp-block-heading\">Les \u00e9piceries ne garantissent pas le secret postal<\/h2>\n\n\n\n<p>Pour le syndicat syndicom, le service public peut et doit avoir un co\u00fbt, car il renforce la coh\u00e9sion de la Suisse. Les offices de poste et leur pr\u00e9sence sur tout le territoire sont un facteur cl\u00e9 de La Poste, qu\u2019il faut pr\u00e9server en faveur de l\u2019\u00e9conomie et de la population. Le syndicat exige que les responsables de La Poste ne prononcent aucun licenciement et attend que celle-ci donne des garanties en ce sens. Par ailleurs, syndicom voit d\u2019un \u0153il critique l\u2019attribution de t\u00e2ches du service universel \u00e0 des filiales partenaires. Ce transfert constitue un affaiblissement du service public, car ces agences postales ne disposent pas du personnel qualifi\u00e9 et ne peuvent pas proposer des prestations de qualit\u00e9 \u00e0 toutes et tous. Cela porte en outre atteinte \u00e0 la convention collective de travail de La Poste. Aux yeux de la population, les \u00e9piceries de village n\u2019offrent pas le m\u00eame environnement de confiance que celui garanti par le secret postal et donc par les offices de poste.<\/p>\n\n\n<ul class=\"filebird-block-filebird-gallery wp-block-gallery blocks-gallery-grid columns-4\" style=\"--columns: 4;--space: 0px;--min-width: 0px;\"><li class=\"blocks-gallery-item\"><figure><a href=\"https:\/\/syndicom.ch\/app\/uploads\/2025\/02\/syndicat-syndicom-fermeture-poste-delemont-3-scaled.jpg\"><img loading=\"lazy\" decoding=\"async\" width=\"2560\" height=\"1707\" src=\"https:\/\/syndicom.ch\/app\/uploads\/2025\/02\/syndicat-syndicom-fermeture-poste-delemont-3-scaled.jpg\" alt=\"syndicat-syndicom-fermeture-poste-delemont-3\" class=\"wp-image-27747\" srcset=\"https:\/\/syndicom.ch\/app\/uploads\/2025\/02\/syndicat-syndicom-fermeture-poste-delemont-3-scaled.jpg 2560w, https:\/\/syndicom.ch\/app\/uploads\/2025\/02\/syndicat-syndicom-fermeture-poste-delemont-3-300x200.jpg 300w, https:\/\/syndicom.ch\/app\/uploads\/2025\/02\/syndicat-syndicom-fermeture-poste-delemont-3-1024x683.jpg 1024w, https:\/\/syndicom.ch\/app\/uploads\/2025\/02\/syndicat-syndicom-fermeture-poste-delemont-3-768x512.jpg 768w, https:\/\/syndicom.ch\/app\/uploads\/2025\/02\/syndicat-syndicom-fermeture-poste-delemont-3-1536x1024.jpg 1536w, https:\/\/syndicom.ch\/app\/uploads\/2025\/02\/syndicat-syndicom-fermeture-poste-delemont-3-2048x1366.jpg 2048w\" sizes=\"auto, (max-width: 2560px) 100vw, 2560px\" \/><\/a><\/figure><\/li><li class=\"blocks-gallery-item\"><figure><a href=\"https:\/\/syndicom.ch\/app\/uploads\/2025\/02\/syndicat-syndicom-fermeture-poste-delemont-1-scaled.jpg\"><img loading=\"lazy\" decoding=\"async\" width=\"2560\" height=\"1707\" src=\"https:\/\/syndicom.ch\/app\/uploads\/2025\/02\/syndicat-syndicom-fermeture-poste-delemont-1-scaled.jpg\" alt=\"syndicat-syndicom-fermeture-poste-delemont-1\" class=\"wp-image-27743\" srcset=\"https:\/\/syndicom.ch\/app\/uploads\/2025\/02\/syndicat-syndicom-fermeture-poste-delemont-1-scaled.jpg 2560w, https:\/\/syndicom.ch\/app\/uploads\/2025\/02\/syndicat-syndicom-fermeture-poste-delemont-1-300x200.jpg 300w, https:\/\/syndicom.ch\/app\/uploads\/2025\/02\/syndicat-syndicom-fermeture-poste-delemont-1-1024x683.jpg 1024w, https:\/\/syndicom.ch\/app\/uploads\/2025\/02\/syndicat-syndicom-fermeture-poste-delemont-1-768x512.jpg 768w, https:\/\/syndicom.ch\/app\/uploads\/2025\/02\/syndicat-syndicom-fermeture-poste-delemont-1-1536x1024.jpg 1536w, https:\/\/syndicom.ch\/app\/uploads\/2025\/02\/syndicat-syndicom-fermeture-poste-delemont-1-2048x1366.jpg 2048w\" sizes=\"auto, (max-width: 2560px) 100vw, 2560px\" \/><\/a><\/figure><\/li><li class=\"blocks-gallery-item\"><figure><a href=\"https:\/\/syndicom.ch\/app\/uploads\/2025\/02\/syndicat-syndicom-fermeture-poste-delemont-scaled.jpg\"><img loading=\"lazy\" decoding=\"async\" width=\"2560\" height=\"1707\" src=\"https:\/\/syndicom.ch\/app\/uploads\/2025\/02\/syndicat-syndicom-fermeture-poste-delemont-scaled.jpg\" alt=\"syndicat-syndicom-fermeture-poste-delemont\" class=\"wp-image-27739\" srcset=\"https:\/\/syndicom.ch\/app\/uploads\/2025\/02\/syndicat-syndicom-fermeture-poste-delemont-scaled.jpg 2560w, https:\/\/syndicom.ch\/app\/uploads\/2025\/02\/syndicat-syndicom-fermeture-poste-delemont-300x200.jpg 300w, https:\/\/syndicom.ch\/app\/uploads\/2025\/02\/syndicat-syndicom-fermeture-poste-delemont-1024x683.jpg 1024w, https:\/\/syndicom.ch\/app\/uploads\/2025\/02\/syndicat-syndicom-fermeture-poste-delemont-768x512.jpg 768w, https:\/\/syndicom.ch\/app\/uploads\/2025\/02\/syndicat-syndicom-fermeture-poste-delemont-1536x1024.jpg 1536w, https:\/\/syndicom.ch\/app\/uploads\/2025\/02\/syndicat-syndicom-fermeture-poste-delemont-2048x1366.jpg 2048w\" sizes=\"auto, (max-width: 2560px) 100vw, 2560px\" \/><\/a><\/figure><\/li><li class=\"blocks-gallery-item\"><figure><a href=\"https:\/\/syndicom.ch\/app\/uploads\/2025\/02\/syndicat-syndicom-fermeture-poste-delemont-2-scaled.jpg\"><img loading=\"lazy\" decoding=\"async\" width=\"2560\" height=\"1707\" src=\"https:\/\/syndicom.ch\/app\/uploads\/2025\/02\/syndicat-syndicom-fermeture-poste-delemont-2-scaled.jpg\" alt=\"syndicat-syndicom-fermeture-poste-delemont-2\" class=\"wp-image-27735\" srcset=\"https:\/\/syndicom.ch\/app\/uploads\/2025\/02\/syndicat-syndicom-fermeture-poste-delemont-2-scaled.jpg 2560w, https:\/\/syndicom.ch\/app\/uploads\/2025\/02\/syndicat-syndicom-fermeture-poste-delemont-2-300x200.jpg 300w, https:\/\/syndicom.ch\/app\/uploads\/2025\/02\/syndicat-syndicom-fermeture-poste-delemont-2-1024x683.jpg 1024w, https:\/\/syndicom.ch\/app\/uploads\/2025\/02\/syndicat-syndicom-fermeture-poste-delemont-2-768x512.jpg 768w, https:\/\/syndicom.ch\/app\/uploads\/2025\/02\/syndicat-syndicom-fermeture-poste-delemont-2-1536x1024.jpg 1536w, https:\/\/syndicom.ch\/app\/uploads\/2025\/02\/syndicat-syndicom-fermeture-poste-delemont-2-2048x1366.jpg 2048w\" sizes=\"auto, (max-width: 2560px) 100vw, 2560px\" \/><\/a><\/figure><\/li><\/ul><\/div>\n<\/div>\n","protected":false},"excerpt":{"rendered":"<p>Aujourd\u2019hui, quelques 150 citoyennes et citoyens pr\u00e9occup\u00e9-es ainsi que les employ\u00e9-es concern\u00e9-es de La Poste ont protest\u00e9 \u00e0 Del\u00e9mont.<\/p>\n","protected":false},"author":3,"featured_media":0,"template":"","meta":{"_acf_changed":false,"inline_featured_image":false,"_coblocks_attr":"","_coblocks_dimensions":"","_coblocks_responsive_height":"","_coblocks_accordion_ie_support":"","footnotes":""},"pressrelease-category":[120,113],"class_list":["post-27705","pressrelease","type-pressrelease","status-publish","hentry","pressrelease-category-medienmitteilung-fr","pressrelease-category-logistik-fr"],"acf":[],"yoast_head":"<!-- This site is optimized with the Yoast SEO plugin v27.3 - https:\/\/yoast.com\/product\/yoast-seo-wordpress\/ -->\n<title>Contre la fermeture de la moiti\u00e9 des offices de poste - syndicom<\/title>\n<meta name=\"description\" content=\"Aujourd\u2019hui, quelques 150 citoyennes et citoyens pr\u00e9occup\u00e9-es ainsi que les employ\u00e9-es concern\u00e9-es de La Poste ont protest\u00e9 \u00e0 Del\u00e9mont.\" \/>\n<meta name=\"robots\" content=\"index, follow, max-snippet:-1, max-image-preview:large, max-video-preview:-1\" \/>\n<link rel=\"canonical\" href=\"https:\/\/syndicom.ch\/fr\/communique-de-presse\/contre-la-fermeture-de-la-moitie-des-offices-de-poste-arc-jurassien\/\" \/>\n<meta property=\"og:locale\" content=\"fr_FR\" \/>\n<meta property=\"og:type\" content=\"article\" \/>\n<meta property=\"og:title\" content=\"Contre la fermeture de la moiti\u00e9 des offices de poste - syndicom\" \/>\n<meta property=\"og:description\" content=\"Aujourd\u2019hui, quelques 150 citoyennes et citoyens pr\u00e9occup\u00e9-es ainsi que les employ\u00e9-es concern\u00e9-es de La Poste ont protest\u00e9 \u00e0 Del\u00e9mont.\" \/>\n<meta property=\"og:url\" content=\"https:\/\/syndicom.ch\/fr\/communique-de-presse\/contre-la-fermeture-de-la-moitie-des-offices-de-poste-arc-jurassien\/\" \/>\n<meta property=\"og:site_name\" content=\"syndicom\" \/>\n<meta property=\"article:modified_time\" content=\"2025-07-30T12:25:26+00:00\" \/>\n<meta name=\"twitter:card\" content=\"summary_large_image\" \/>\n<meta name=\"twitter:label1\" content=\"Dur\u00e9e de lecture estim\u00e9e\" \/>\n\t<meta name=\"twitter:data1\" content=\"2 minutes\" \/>\n<script type=\"application\/ld+json\" class=\"yoast-schema-graph\">{\"@context\":\"https:\\\/\\\/schema.org\",\"@graph\":[{\"@type\":\"WebPage\",\"@id\":\"https:\\\/\\\/syndicom.ch\\\/fr\\\/communique-de-presse\\\/contre-la-fermeture-de-la-moitie-des-offices-de-poste-arc-jurassien\\\/\",\"url\":\"https:\\\/\\\/syndicom.ch\\\/fr\\\/communique-de-presse\\\/contre-la-fermeture-de-la-moitie-des-offices-de-poste-arc-jurassien\\\/\",\"name\":\"Contre la fermeture de la moiti\u00e9 des offices de poste - syndicom\",\"isPartOf\":{\"@id\":\"https:\\\/\\\/syndicom.ch\\\/fr\\\/#website\"},\"datePublished\":\"2025-02-19T10:25:23+00:00\",\"dateModified\":\"2025-07-30T12:25:26+00:00\",\"description\":\"Aujourd\u2019hui, quelques 150 citoyennes et citoyens pr\u00e9occup\u00e9-es ainsi que les employ\u00e9-es concern\u00e9-es de La Poste ont protest\u00e9 \u00e0 Del\u00e9mont.\",\"breadcrumb\":{\"@id\":\"https:\\\/\\\/syndicom.ch\\\/fr\\\/communique-de-presse\\\/contre-la-fermeture-de-la-moitie-des-offices-de-poste-arc-jurassien\\\/#breadcrumb\"},\"inLanguage\":\"fr-FR\",\"potentialAction\":[{\"@type\":\"ReadAction\",\"target\":[\"https:\\\/\\\/syndicom.ch\\\/fr\\\/communique-de-presse\\\/contre-la-fermeture-de-la-moitie-des-offices-de-poste-arc-jurassien\\\/\"]}]},{\"@type\":\"BreadcrumbList\",\"@id\":\"https:\\\/\\\/syndicom.ch\\\/fr\\\/communique-de-presse\\\/contre-la-fermeture-de-la-moitie-des-offices-de-poste-arc-jurassien\\\/#breadcrumb\",\"itemListElement\":[{\"@type\":\"ListItem\",\"position\":1,\"name\":\"Page d'accueil\",\"item\":\"https:\\\/\\\/syndicom.ch\\\/fr\\\/\"},{\"@type\":\"ListItem\",\"position\":2,\"name\":\"Contre la fermeture de la moiti\u00e9 des offices de poste\"}]},{\"@type\":\"WebSite\",\"@id\":\"https:\\\/\\\/syndicom.ch\\\/fr\\\/#website\",\"url\":\"https:\\\/\\\/syndicom.ch\\\/fr\\\/\",\"name\":\"syndicom\",\"description\":\"\",\"publisher\":{\"@id\":\"https:\\\/\\\/syndicom.ch\\\/fr\\\/#organization\"},\"potentialAction\":[{\"@type\":\"SearchAction\",\"target\":{\"@type\":\"EntryPoint\",\"urlTemplate\":\"https:\\\/\\\/syndicom.ch\\\/fr\\\/?s={search_term_string}\"},\"query-input\":{\"@type\":\"PropertyValueSpecification\",\"valueRequired\":true,\"valueName\":\"search_term_string\"}}],\"inLanguage\":\"fr-FR\"},{\"@type\":\"Organization\",\"@id\":\"https:\\\/\\\/syndicom.ch\\\/fr\\\/#organization\",\"name\":\"syndicom\",\"url\":\"https:\\\/\\\/syndicom.ch\\\/fr\\\/\",\"logo\":{\"@type\":\"ImageObject\",\"inLanguage\":\"fr-FR\",\"@id\":\"https:\\\/\\\/syndicom.ch\\\/fr\\\/#\\\/schema\\\/logo\\\/image\\\/\",\"url\":\"https:\\\/\\\/syndicom.ch\\\/app\\\/uploads\\\/2024\\\/06\\\/logo.svg\",\"contentUrl\":\"https:\\\/\\\/syndicom.ch\\\/app\\\/uploads\\\/2024\\\/06\\\/logo.svg\",\"width\":297,\"height\":51,\"caption\":\"syndicom\"},\"image\":{\"@id\":\"https:\\\/\\\/syndicom.ch\\\/fr\\\/#\\\/schema\\\/logo\\\/image\\\/\"}}]}<\/script>\n<!-- \/ Yoast SEO plugin. -->","yoast_head_json":{"title":"Contre la fermeture de la moiti\u00e9 des offices de poste - syndicom","description":"Aujourd\u2019hui, quelques 150 citoyennes et citoyens pr\u00e9occup\u00e9-es ainsi que les employ\u00e9-es concern\u00e9-es de La Poste ont protest\u00e9 \u00e0 Del\u00e9mont.","robots":{"index":"index","follow":"follow","max-snippet":"max-snippet:-1","max-image-preview":"max-image-preview:large","max-video-preview":"max-video-preview:-1"},"canonical":"https:\/\/syndicom.ch\/fr\/communique-de-presse\/contre-la-fermeture-de-la-moitie-des-offices-de-poste-arc-jurassien\/","og_locale":"fr_FR","og_type":"article","og_title":"Contre la fermeture de la moiti\u00e9 des offices de poste - syndicom","og_description":"Aujourd\u2019hui, quelques 150 citoyennes et citoyens pr\u00e9occup\u00e9-es ainsi que les employ\u00e9-es concern\u00e9-es de La Poste ont protest\u00e9 \u00e0 Del\u00e9mont.","og_url":"https:\/\/syndicom.ch\/fr\/communique-de-presse\/contre-la-fermeture-de-la-moitie-des-offices-de-poste-arc-jurassien\/","og_site_name":"syndicom","article_modified_time":"2025-07-30T12:25:26+00:00","twitter_card":"summary_large_image","twitter_misc":{"Dur\u00e9e de lecture estim\u00e9e":"2 minutes"},"schema":{"@context":"https:\/\/schema.org","@graph":[{"@type":"WebPage","@id":"https:\/\/syndicom.ch\/fr\/communique-de-presse\/contre-la-fermeture-de-la-moitie-des-offices-de-poste-arc-jurassien\/","url":"https:\/\/syndicom.ch\/fr\/communique-de-presse\/contre-la-fermeture-de-la-moitie-des-offices-de-poste-arc-jurassien\/","name":"Contre la fermeture de la moiti\u00e9 des offices de poste - syndicom","isPartOf":{"@id":"https:\/\/syndicom.ch\/fr\/#website"},"datePublished":"2025-02-19T10:25:23+00:00","dateModified":"2025-07-30T12:25:26+00:00","description":"Aujourd\u2019hui, quelques 150 citoyennes et citoyens pr\u00e9occup\u00e9-es ainsi que les employ\u00e9-es concern\u00e9-es de La Poste ont protest\u00e9 \u00e0 Del\u00e9mont.","breadcrumb":{"@id":"https:\/\/syndicom.ch\/fr\/communique-de-presse\/contre-la-fermeture-de-la-moitie-des-offices-de-poste-arc-jurassien\/#breadcrumb"},"inLanguage":"fr-FR","potentialAction":[{"@type":"ReadAction","target":["https:\/\/syndicom.ch\/fr\/communique-de-presse\/contre-la-fermeture-de-la-moitie-des-offices-de-poste-arc-jurassien\/"]}]},{"@type":"BreadcrumbList","@id":"https:\/\/syndicom.ch\/fr\/communique-de-presse\/contre-la-fermeture-de-la-moitie-des-offices-de-poste-arc-jurassien\/#breadcrumb","itemListElement":[{"@type":"ListItem","position":1,"name":"Page d'accueil","item":"https:\/\/syndicom.ch\/fr\/"},{"@type":"ListItem","position":2,"name":"Contre la fermeture de la moiti\u00e9 des offices de poste"}]},{"@type":"WebSite","@id":"https:\/\/syndicom.ch\/fr\/#website","url":"https:\/\/syndicom.ch\/fr\/","name":"syndicom","description":"","publisher":{"@id":"https:\/\/syndicom.ch\/fr\/#organization"},"potentialAction":[{"@type":"SearchAction","target":{"@type":"EntryPoint","urlTemplate":"https:\/\/syndicom.ch\/fr\/?s={search_term_string}"},"query-input":{"@type":"PropertyValueSpecification","valueRequired":true,"valueName":"search_term_string"}}],"inLanguage":"fr-FR"},{"@type":"Organization","@id":"https:\/\/syndicom.ch\/fr\/#organization","name":"syndicom","url":"https:\/\/syndicom.ch\/fr\/","logo":{"@type":"ImageObject","inLanguage":"fr-FR","@id":"https:\/\/syndicom.ch\/fr\/#\/schema\/logo\/image\/","url":"https:\/\/syndicom.ch\/app\/uploads\/2024\/06\/logo.svg","contentUrl":"https:\/\/syndicom.ch\/app\/uploads\/2024\/06\/logo.svg","width":297,"height":51,"caption":"syndicom"},"image":{"@id":"https:\/\/syndicom.ch\/fr\/#\/schema\/logo\/image\/"}}]}},"_links":{"self":[{"href":"https:\/\/syndicom.ch\/fr\/wp-json\/wp\/v2\/pressrelease\/27705","targetHints":{"allow":["GET"]}}],"collection":[{"href":"https:\/\/syndicom.ch\/fr\/wp-json\/wp\/v2\/pressrelease"}],"about":[{"href":"https:\/\/syndicom.ch\/fr\/wp-json\/wp\/v2\/types\/pressrelease"}],"author":[{"embeddable":true,"href":"https:\/\/syndicom.ch\/fr\/wp-json\/wp\/v2\/users\/3"}],"version-history":[{"count":25,"href":"https:\/\/syndicom.ch\/fr\/wp-json\/wp\/v2\/pressrelease\/27705\/revisions"}],"predecessor-version":[{"id":43399,"href":"https:\/\/syndicom.ch\/fr\/wp-json\/wp\/v2\/pressrelease\/27705\/revisions\/43399"}],"wp:attachment":[{"href":"https:\/\/syndicom.ch\/fr\/wp-json\/wp\/v2\/media?parent=27705"}],"wp:term":[{"taxonomy":"pressrelease-category","embeddable":true,"href":"https:\/\/syndicom.ch\/fr\/wp-json\/wp\/v2\/pressrelease-category?post=27705"}],"curies":[{"name":"wp","href":"https:\/\/api.w.org\/{rel}","templated":true}]}}