{"id":3199,"date":"2024-06-19T08:00:53","date_gmt":"2024-06-19T06:00:53","guid":{"rendered":"https:\/\/projects.atxeit.ch\/syndicom\/pressrelease\/kritik-syndicom-am-indirekten-gegenvorschlag-zur-halbierungs-initiative\/"},"modified":"2025-10-01T16:56:36","modified_gmt":"2025-10-01T14:56:36","slug":"critique-syndicom-contre-le-contre-projet-indirect","status":"publish","type":"pressrelease","link":"https:\/\/syndicom.ch\/fr\/communique-de-presse\/critique-syndicom-contre-le-contre-projet-indirect\/","title":{"rendered":"Contre le contre-projet \u00e0 l\u2019initiative \u00ab\u202f200 francs, \u00e7a suffit\u202f\u00bb"},"content":{"rendered":"\n<div class=\"wp-block-group alignfull has-background-color has-primary-background-color has-text-color has-background has-link-color wp-elements-3313531ade330781bdb675aae361ed9f is-layout-constrained wp-block-group-is-layout-constrained\">\n<div class=\"wp-block-group is-style-narrow is-layout-constrained wp-block-group-is-layout-constrained\">\n<div class=\"wp-block-group pressrelease-meta is-nowrap is-layout-flex wp-container-core-group-is-layout-ad2f72ca wp-block-group-is-layout-flex\"><div class=\"wp-block-post-date\"><time datetime=\"2024-06-19T08:00:53+02:00\">19 juin 2024<\/time><\/div><\/div>\n\n\n\n<h1 class=\"wp-block-heading\" style=\"font-size:53px\">Critique virulente de syndicom contre le contre-projet indirect \u00e0 l\u2019initiative \u00ab\u202f200 francs, \u00e7a suffit\u202f\u00bb<\/h1>\n\n\n\n<div class=\"wp-block-columns is-layout-flex wp-container-core-columns-is-layout-9d6595d7 wp-block-columns-is-layout-flex\">\n<div class=\"wp-block-column is-layout-flow wp-block-column-is-layout-flow\" style=\"flex-basis:70%\">\n<p class=\"is-style-lead\">Le Conseil f\u00e9d\u00e9ral baisse les redevances radio-TV \u00e0 titre de contre-projet indirect \u00e0 l\u2019initiative \u00ab\u202f200 francs, \u00e7a suffit\u202f\u00bb. Il veut ainsi aussi diminuer les ressources financi\u00e8res de la SSR. Cela quand bien m\u00eame de nombreux milieux et les deux commissions parlementaires s\u2019y sont clairement oppos\u00e9. Le syndicat syndicom critique vivement la d\u00e9cision du Conseil f\u00e9d\u00e9ral. Il y voit une menace directe pour le service public des m\u00e9dias et une contradiction avec les fondements d\u2019une d\u00e9mocratie saine.<\/p>\n<\/div>\n<\/div>\n<\/div>\n<\/div>\n\n\n\n<div class=\"wp-block-group alignfull has-background-background-color has-background is-layout-constrained wp-block-group-is-layout-constrained\">\n<div class=\"wp-block-group is-style-narrow is-layout-constrained wp-block-group-is-layout-constrained\"><div class=\"wp-block-quote-wrapper\">\n<blockquote class=\"wp-block-quote is-layout-flow wp-block-quote-is-layout-flow\">\n<p>Avec cette d\u00e9cision, le Conseil f\u00e9d\u00e9ral ignore non seulement la critique s\u00e9v\u00e8re formul\u00e9e dans la consultation, mais il passe \u00e9galement outre les recommandations des commissions parlementaires comp\u00e9tentes. De plus, il sape le d\u00e9bat au Parlement et court-circuite la votation populaire imminente sur l\u2019initiative demandant la diminution de moiti\u00e9 de la redevance SSR. Faire cavalier seul est tout sauf d\u00e9mocratique,<\/p>\n<\/blockquote>\n<\/div>\n\n\n<p>dit Stephanie Vonarburg, responsable du secteur M\u00e9dias et vice-pr\u00e9sident du syndicat syndicom.<\/p>\n\n\n\n<p>Les baisses pr\u00e9vues des redevances pour les m\u00e9nages et les entreprises entra\u00eeneront in\u00e9vitablement une perte de qualit\u00e9 consid\u00e9rable et rendront impossible le maintien de la diversit\u00e9 dans l\u2019information nationale. De plus, cela entra\u00eenera de nouvelles suppressions massives d\u2019emplois dans l\u2019ensemble du secteur des m\u00e9dias.<\/p>\n\n\n<div class=\"wp-block-quote-wrapper\">\n<blockquote class=\"wp-block-quote is-layout-flow wp-block-quote-is-layout-flow\">\n<p>Il est incompr\u00e9hensible que le Conseil f\u00e9d\u00e9ral proc\u00e8de sans n\u00e9cessit\u00e9 \u00e0 des coupes radicales des moyens financiers allou\u00e9s au service public. Cela affaiblit la place m\u00e9diatique suisse. Un paysage m\u00e9diatique diversifi\u00e9 et ind\u00e9pendant est essentiel pour le bon fonctionnement d\u2019une d\u00e9mocratie,<\/p>\n<\/blockquote>\n<\/div>\n\n\n<p>ajoute Stephanie Vonarburg.<\/p>\n\n\n\n<p>La consultation sur la r\u00e9vision partielle de l\u2019ORTV s\u2019est heurt\u00e9e \u00e0 un large refus. En plus des cantons et des partis politiques, de nombreux groupes d\u2019int\u00e9r\u00eat dans les domaines des m\u00e9dias, de la culture, du sport et de l\u2019\u00e9ducation ainsi que beaucoup de particuliers ont d\u00e9pos\u00e9 des prises de position critiques.<\/p>\n\n\n\n<p>syndicom demande au Conseil f\u00e9d\u00e9ral de revenir sur sa d\u00e9cision et de proposer des mesures qui renforcent le service public m\u00e9diatique et donc la d\u00e9mocratie en Suisse.<\/p>\n<\/div>\n<\/div>\n","protected":false},"excerpt":{"rendered":"<p>syndicom critique le contre-projet \u00e0 l&rsquo;initiative \u00ab200 francs, \u00e7a suffit!\u00bb et s&rsquo;engage pour un service public m\u00e9diatique fort.<\/p>\n","protected":false},"author":2,"featured_media":0,"template":"","meta":{"_acf_changed":false,"inline_featured_image":false,"_coblocks_attr":"","_coblocks_dimensions":"","_coblocks_responsive_height":"","_coblocks_accordion_ie_support":"","footnotes":""},"pressrelease-category":[120,115],"class_list":["post-3199","pressrelease","type-pressrelease","status-publish","hentry","pressrelease-category-medienmitteilung-fr","pressrelease-category-medien-fr"],"acf":[],"yoast_head":"<!-- This site is optimized with the Yoast SEO plugin v27.3 - https:\/\/yoast.com\/product\/yoast-seo-wordpress\/ -->\n<title>Contre le contre-projet \u00e0 l\u2019initiative \u00ab\u202f200 francs, \u00e7a suffit\u202f\u00bb - syndicom<\/title>\n<meta name=\"description\" content=\"syndicom critique le contre-projet \u00e0 l&#039;initiative \u00ab200 francs, \u00e7a suffit!\u00bb et s&#039;engage pour un service public m\u00e9diatique fort.\" \/>\n<meta name=\"robots\" content=\"index, follow, max-snippet:-1, max-image-preview:large, max-video-preview:-1\" \/>\n<link rel=\"canonical\" href=\"https:\/\/syndicom.ch\/fr\/communique-de-presse\/critique-syndicom-contre-le-contre-projet-indirect\/\" \/>\n<meta property=\"og:locale\" content=\"fr_FR\" \/>\n<meta property=\"og:type\" content=\"article\" \/>\n<meta property=\"og:title\" content=\"Contre le contre-projet \u00e0 l\u2019initiative \u00ab\u202f200 francs, \u00e7a suffit\u202f\u00bb - syndicom\" \/>\n<meta property=\"og:description\" content=\"syndicom critique le contre-projet \u00e0 l&#039;initiative \u00ab200 francs, \u00e7a suffit!\u00bb et s&#039;engage pour un service public m\u00e9diatique fort.\" \/>\n<meta property=\"og:url\" content=\"https:\/\/syndicom.ch\/fr\/communique-de-presse\/critique-syndicom-contre-le-contre-projet-indirect\/\" \/>\n<meta property=\"og:site_name\" content=\"syndicom\" \/>\n<meta property=\"article:modified_time\" content=\"2025-10-01T14:56:36+00:00\" \/>\n<meta name=\"twitter:card\" content=\"summary_large_image\" \/>\n<meta name=\"twitter:label1\" content=\"Dur\u00e9e de lecture estim\u00e9e\" \/>\n\t<meta name=\"twitter:data1\" content=\"1 minute\" \/>\n<script type=\"application\/ld+json\" class=\"yoast-schema-graph\">{\"@context\":\"https:\\\/\\\/schema.org\",\"@graph\":[{\"@type\":\"NewsArticle\",\"@id\":\"https:\\\/\\\/syndicom.ch\\\/fr\\\/communique-de-presse\\\/critique-syndicom-contre-le-contre-projet-indirect\\\/#article\",\"isPartOf\":{\"@id\":\"https:\\\/\\\/syndicom.ch\\\/fr\\\/communique-de-presse\\\/critique-syndicom-contre-le-contre-projet-indirect\\\/\"},\"author\":{\"name\":\"Victoria Gross\",\"@id\":\"https:\\\/\\\/syndicom.ch\\\/fr\\\/#\\\/schema\\\/person\\\/840c26cca8a79d4b5be17fffe43a9b72\"},\"headline\":\"Contre le contre-projet \u00e0 l\u2019initiative \u00ab\u202f200 francs, \u00e7a suffit\u202f\u00bb\",\"datePublished\":\"2024-06-19T06:00:53+00:00\",\"dateModified\":\"2025-10-01T14:56:36+00:00\",\"mainEntityOfPage\":{\"@id\":\"https:\\\/\\\/syndicom.ch\\\/fr\\\/communique-de-presse\\\/critique-syndicom-contre-le-contre-projet-indirect\\\/\"},\"wordCount\":291,\"publisher\":{\"@id\":\"https:\\\/\\\/syndicom.ch\\\/fr\\\/#organization\"},\"inLanguage\":\"fr-FR\"},{\"@type\":\"WebPage\",\"@id\":\"https:\\\/\\\/syndicom.ch\\\/fr\\\/communique-de-presse\\\/critique-syndicom-contre-le-contre-projet-indirect\\\/\",\"url\":\"https:\\\/\\\/syndicom.ch\\\/fr\\\/communique-de-presse\\\/critique-syndicom-contre-le-contre-projet-indirect\\\/\",\"name\":\"Contre le contre-projet \u00e0 l\u2019initiative \u00ab\u202f200 francs, \u00e7a suffit\u202f\u00bb - syndicom\",\"isPartOf\":{\"@id\":\"https:\\\/\\\/syndicom.ch\\\/fr\\\/#website\"},\"datePublished\":\"2024-06-19T06:00:53+00:00\",\"dateModified\":\"2025-10-01T14:56:36+00:00\",\"description\":\"syndicom critique le contre-projet \u00e0 l'initiative \u00ab200 francs, \u00e7a suffit!\u00bb et s'engage pour un service public m\u00e9diatique fort.\",\"breadcrumb\":{\"@id\":\"https:\\\/\\\/syndicom.ch\\\/fr\\\/communique-de-presse\\\/critique-syndicom-contre-le-contre-projet-indirect\\\/#breadcrumb\"},\"inLanguage\":\"fr-FR\",\"potentialAction\":[{\"@type\":\"ReadAction\",\"target\":[\"https:\\\/\\\/syndicom.ch\\\/fr\\\/communique-de-presse\\\/critique-syndicom-contre-le-contre-projet-indirect\\\/\"]}]},{\"@type\":\"BreadcrumbList\",\"@id\":\"https:\\\/\\\/syndicom.ch\\\/fr\\\/communique-de-presse\\\/critique-syndicom-contre-le-contre-projet-indirect\\\/#breadcrumb\",\"itemListElement\":[{\"@type\":\"ListItem\",\"position\":1,\"name\":\"Page d'accueil\",\"item\":\"https:\\\/\\\/syndicom.ch\\\/fr\\\/\"},{\"@type\":\"ListItem\",\"position\":2,\"name\":\"Contre le contre-projet \u00e0 l\u2019initiative \u00ab\u202f200 francs, \u00e7a suffit\u202f\u00bb\"}]},{\"@type\":\"WebSite\",\"@id\":\"https:\\\/\\\/syndicom.ch\\\/fr\\\/#website\",\"url\":\"https:\\\/\\\/syndicom.ch\\\/fr\\\/\",\"name\":\"syndicom\",\"description\":\"\",\"publisher\":{\"@id\":\"https:\\\/\\\/syndicom.ch\\\/fr\\\/#organization\"},\"potentialAction\":[{\"@type\":\"SearchAction\",\"target\":{\"@type\":\"EntryPoint\",\"urlTemplate\":\"https:\\\/\\\/syndicom.ch\\\/fr\\\/?s={search_term_string}\"},\"query-input\":{\"@type\":\"PropertyValueSpecification\",\"valueRequired\":true,\"valueName\":\"search_term_string\"}}],\"inLanguage\":\"fr-FR\"},{\"@type\":\"Organization\",\"@id\":\"https:\\\/\\\/syndicom.ch\\\/fr\\\/#organization\",\"name\":\"syndicom\",\"url\":\"https:\\\/\\\/syndicom.ch\\\/fr\\\/\",\"logo\":{\"@type\":\"ImageObject\",\"inLanguage\":\"fr-FR\",\"@id\":\"https:\\\/\\\/syndicom.ch\\\/fr\\\/#\\\/schema\\\/logo\\\/image\\\/\",\"url\":\"https:\\\/\\\/syndicom.ch\\\/app\\\/uploads\\\/2024\\\/06\\\/logo.svg\",\"contentUrl\":\"https:\\\/\\\/syndicom.ch\\\/app\\\/uploads\\\/2024\\\/06\\\/logo.svg\",\"width\":297,\"height\":51,\"caption\":\"syndicom\"},\"image\":{\"@id\":\"https:\\\/\\\/syndicom.ch\\\/fr\\\/#\\\/schema\\\/logo\\\/image\\\/\"}},{\"@type\":\"Person\",\"@id\":\"https:\\\/\\\/syndicom.ch\\\/fr\\\/#\\\/schema\\\/person\\\/840c26cca8a79d4b5be17fffe43a9b72\",\"name\":\"Victoria Gross\",\"image\":{\"@type\":\"ImageObject\",\"inLanguage\":\"fr-FR\",\"@id\":\"https:\\\/\\\/secure.gravatar.com\\\/avatar\\\/820878f0ae3636310a06696d04b75c5481b1ba0d0c0d8532ce68c99073507e4c?s=96&d=mm&r=g\",\"url\":\"https:\\\/\\\/secure.gravatar.com\\\/avatar\\\/820878f0ae3636310a06696d04b75c5481b1ba0d0c0d8532ce68c99073507e4c?s=96&d=mm&r=g\",\"contentUrl\":\"https:\\\/\\\/secure.gravatar.com\\\/avatar\\\/820878f0ae3636310a06696d04b75c5481b1ba0d0c0d8532ce68c99073507e4c?s=96&d=mm&r=g\",\"caption\":\"Victoria Gross\"},\"url\":\"https:\\\/\\\/syndicom.ch\\\/fr\\\/blog\\\/author\\\/victoria-gross\\\/\"}]}<\/script>\n<!-- \/ Yoast SEO plugin. -->","yoast_head_json":{"title":"Contre le contre-projet \u00e0 l\u2019initiative \u00ab\u202f200 francs, \u00e7a suffit\u202f\u00bb - syndicom","description":"syndicom critique le contre-projet \u00e0 l'initiative \u00ab200 francs, \u00e7a suffit!\u00bb et s'engage pour un service public m\u00e9diatique fort.","robots":{"index":"index","follow":"follow","max-snippet":"max-snippet:-1","max-image-preview":"max-image-preview:large","max-video-preview":"max-video-preview:-1"},"canonical":"https:\/\/syndicom.ch\/fr\/communique-de-presse\/critique-syndicom-contre-le-contre-projet-indirect\/","og_locale":"fr_FR","og_type":"article","og_title":"Contre le contre-projet \u00e0 l\u2019initiative \u00ab\u202f200 francs, \u00e7a suffit\u202f\u00bb - syndicom","og_description":"syndicom critique le contre-projet \u00e0 l'initiative \u00ab200 francs, \u00e7a suffit!\u00bb et s'engage pour un service public m\u00e9diatique fort.","og_url":"https:\/\/syndicom.ch\/fr\/communique-de-presse\/critique-syndicom-contre-le-contre-projet-indirect\/","og_site_name":"syndicom","article_modified_time":"2025-10-01T14:56:36+00:00","twitter_card":"summary_large_image","twitter_misc":{"Dur\u00e9e de lecture estim\u00e9e":"1 minute"},"schema":{"@context":"https:\/\/schema.org","@graph":[{"@type":"NewsArticle","@id":"https:\/\/syndicom.ch\/fr\/communique-de-presse\/critique-syndicom-contre-le-contre-projet-indirect\/#article","isPartOf":{"@id":"https:\/\/syndicom.ch\/fr\/communique-de-presse\/critique-syndicom-contre-le-contre-projet-indirect\/"},"author":{"name":"Victoria Gross","@id":"https:\/\/syndicom.ch\/fr\/#\/schema\/person\/840c26cca8a79d4b5be17fffe43a9b72"},"headline":"Contre le contre-projet \u00e0 l\u2019initiative \u00ab\u202f200 francs, \u00e7a suffit\u202f\u00bb","datePublished":"2024-06-19T06:00:53+00:00","dateModified":"2025-10-01T14:56:36+00:00","mainEntityOfPage":{"@id":"https:\/\/syndicom.ch\/fr\/communique-de-presse\/critique-syndicom-contre-le-contre-projet-indirect\/"},"wordCount":291,"publisher":{"@id":"https:\/\/syndicom.ch\/fr\/#organization"},"inLanguage":"fr-FR"},{"@type":"WebPage","@id":"https:\/\/syndicom.ch\/fr\/communique-de-presse\/critique-syndicom-contre-le-contre-projet-indirect\/","url":"https:\/\/syndicom.ch\/fr\/communique-de-presse\/critique-syndicom-contre-le-contre-projet-indirect\/","name":"Contre le contre-projet \u00e0 l\u2019initiative \u00ab\u202f200 francs, \u00e7a suffit\u202f\u00bb - syndicom","isPartOf":{"@id":"https:\/\/syndicom.ch\/fr\/#website"},"datePublished":"2024-06-19T06:00:53+00:00","dateModified":"2025-10-01T14:56:36+00:00","description":"syndicom critique le contre-projet \u00e0 l'initiative \u00ab200 francs, \u00e7a suffit!\u00bb et s'engage pour un service public m\u00e9diatique fort.","breadcrumb":{"@id":"https:\/\/syndicom.ch\/fr\/communique-de-presse\/critique-syndicom-contre-le-contre-projet-indirect\/#breadcrumb"},"inLanguage":"fr-FR","potentialAction":[{"@type":"ReadAction","target":["https:\/\/syndicom.ch\/fr\/communique-de-presse\/critique-syndicom-contre-le-contre-projet-indirect\/"]}]},{"@type":"BreadcrumbList","@id":"https:\/\/syndicom.ch\/fr\/communique-de-presse\/critique-syndicom-contre-le-contre-projet-indirect\/#breadcrumb","itemListElement":[{"@type":"ListItem","position":1,"name":"Page d'accueil","item":"https:\/\/syndicom.ch\/fr\/"},{"@type":"ListItem","position":2,"name":"Contre le contre-projet \u00e0 l\u2019initiative \u00ab\u202f200 francs, \u00e7a suffit\u202f\u00bb"}]},{"@type":"WebSite","@id":"https:\/\/syndicom.ch\/fr\/#website","url":"https:\/\/syndicom.ch\/fr\/","name":"syndicom","description":"","publisher":{"@id":"https:\/\/syndicom.ch\/fr\/#organization"},"potentialAction":[{"@type":"SearchAction","target":{"@type":"EntryPoint","urlTemplate":"https:\/\/syndicom.ch\/fr\/?s={search_term_string}"},"query-input":{"@type":"PropertyValueSpecification","valueRequired":true,"valueName":"search_term_string"}}],"inLanguage":"fr-FR"},{"@type":"Organization","@id":"https:\/\/syndicom.ch\/fr\/#organization","name":"syndicom","url":"https:\/\/syndicom.ch\/fr\/","logo":{"@type":"ImageObject","inLanguage":"fr-FR","@id":"https:\/\/syndicom.ch\/fr\/#\/schema\/logo\/image\/","url":"https:\/\/syndicom.ch\/app\/uploads\/2024\/06\/logo.svg","contentUrl":"https:\/\/syndicom.ch\/app\/uploads\/2024\/06\/logo.svg","width":297,"height":51,"caption":"syndicom"},"image":{"@id":"https:\/\/syndicom.ch\/fr\/#\/schema\/logo\/image\/"}},{"@type":"Person","@id":"https:\/\/syndicom.ch\/fr\/#\/schema\/person\/840c26cca8a79d4b5be17fffe43a9b72","name":"Victoria Gross","image":{"@type":"ImageObject","inLanguage":"fr-FR","@id":"https:\/\/secure.gravatar.com\/avatar\/820878f0ae3636310a06696d04b75c5481b1ba0d0c0d8532ce68c99073507e4c?s=96&d=mm&r=g","url":"https:\/\/secure.gravatar.com\/avatar\/820878f0ae3636310a06696d04b75c5481b1ba0d0c0d8532ce68c99073507e4c?s=96&d=mm&r=g","contentUrl":"https:\/\/secure.gravatar.com\/avatar\/820878f0ae3636310a06696d04b75c5481b1ba0d0c0d8532ce68c99073507e4c?s=96&d=mm&r=g","caption":"Victoria Gross"},"url":"https:\/\/syndicom.ch\/fr\/blog\/author\/victoria-gross\/"}]}},"_links":{"self":[{"href":"https:\/\/syndicom.ch\/fr\/wp-json\/wp\/v2\/pressrelease\/3199","targetHints":{"allow":["GET"]}}],"collection":[{"href":"https:\/\/syndicom.ch\/fr\/wp-json\/wp\/v2\/pressrelease"}],"about":[{"href":"https:\/\/syndicom.ch\/fr\/wp-json\/wp\/v2\/types\/pressrelease"}],"author":[{"embeddable":true,"href":"https:\/\/syndicom.ch\/fr\/wp-json\/wp\/v2\/users\/2"}],"version-history":[{"count":7,"href":"https:\/\/syndicom.ch\/fr\/wp-json\/wp\/v2\/pressrelease\/3199\/revisions"}],"predecessor-version":[{"id":47387,"href":"https:\/\/syndicom.ch\/fr\/wp-json\/wp\/v2\/pressrelease\/3199\/revisions\/47387"}],"wp:attachment":[{"href":"https:\/\/syndicom.ch\/fr\/wp-json\/wp\/v2\/media?parent=3199"}],"wp:term":[{"taxonomy":"pressrelease-category","embeddable":true,"href":"https:\/\/syndicom.ch\/fr\/wp-json\/wp\/v2\/pressrelease-category?post=3199"}],"curies":[{"name":"wp","href":"https:\/\/api.w.org\/{rel}","templated":true}]}}