{"id":3507,"date":"2024-05-29T08:20:28","date_gmt":"2024-05-29T06:20:28","guid":{"rendered":"https:\/\/projects.atxeit.ch\/syndicom\/pressrelease\/post-will-weiter-massiv-poststellen-schliessen\/"},"modified":"2025-10-01T17:06:37","modified_gmt":"2025-10-01T15:06:37","slug":"poste-veut-poursuivre-la-fermeture-massive-des-offices","status":"publish","type":"pressrelease","link":"https:\/\/syndicom.ch\/fr\/communique-de-presse\/poste-veut-poursuivre-la-fermeture-massive-des-offices\/","title":{"rendered":"La Poste veut poursuivre la fermeture de ses offices de poste"},"content":{"rendered":"\n<div class=\"wp-block-group alignfull has-background-color has-primary-background-color has-text-color has-background has-link-color wp-elements-3313531ade330781bdb675aae361ed9f is-layout-constrained wp-block-group-is-layout-constrained\">\n<div class=\"wp-block-group is-style-narrow is-layout-constrained wp-block-group-is-layout-constrained\">\n<div class=\"wp-block-group pressrelease-meta is-nowrap is-layout-flex wp-container-core-group-is-layout-ad2f72ca wp-block-group-is-layout-flex\"><div class=\"wp-block-post-date\"><time datetime=\"2024-05-29T08:20:28+02:00\">29 mai 2024<\/time><\/div><\/div>\n\n\n\n<h1 class=\"wp-block-heading\" style=\"font-size:53px\">La Poste veut poursuivre la fermeture massive de ses offices de poste<\/h1>\n\n\n\n<div class=\"wp-block-columns is-layout-flex wp-container-core-columns-is-layout-9d6595d7 wp-block-columns-is-layout-flex\">\n<div class=\"wp-block-column is-layout-flow wp-block-column-is-layout-flow\" style=\"flex-basis:70%\">\n<p class=\"is-style-lead\">Au cours des ann\u00e9es \u00e0 venir, la Poste a l\u2019intention de r\u00e9duire massivement son r\u00e9seau de filiales en exploitation propre. Il s\u2019agit d\u2019un revirement radical de sa strat\u00e9gie actuelle, qui pr\u00e9voit une stabilisation du r\u00e9seau de ses filiales. Le syndicat syndicom critique s\u00e9v\u00e8rement ce d\u00e9mant\u00e8lement du service public. Il mettra tout en \u0153uvre pour maintenir le plus grand nombre possible d\u2019offices de poste. Si leur nombre devait malgr\u00e9 tout \u00eatre r\u00e9duit, la garantie doit \u00eatre donn\u00e9e qu\u2019aucun licenciement ne sera prononc\u00e9.<\/p>\n<\/div>\n<\/div>\n<\/div>\n<\/div>\n\n\n\n<div class=\"wp-block-group alignfull has-background-background-color has-background is-layout-constrained wp-block-group-is-layout-constrained\">\n<div class=\"wp-block-group is-style-narrow is-layout-constrained wp-block-group-is-layout-constrained\">\n<p>Comme la Poste le communique aujourd\u2019hui, elle entend fermer 170 des filiales qu\u2019elle exploite d\u2019ici 2028. Le nombre des filiales passerait ainsi \u00e0 600 dans toute la Suisse. Il s\u2019agit d\u2019un revirement radical de sa strat\u00e9gie pr\u00e9c\u00e9dente avec une stabilisation du r\u00e9seau \u00e0 environ 800 filiales. Au final, au moins une filiale sur cinq serait ferm\u00e9e. Si la Poste mettait en pratique ce projet, cela \u00e9quivaudrait \u00e0 un d\u00e9mant\u00e8lement sans pr\u00e9c\u00e9dent du service public. Une r\u00e9duction du nombre d\u2019offices de poste ne favoriserait certainement pas la strat\u00e9gie poursuivie par la Poste, qui pr\u00e9voit d\u2019ouvrir ses filiales \u00e0 des partenaires (ouverture du r\u00e9seau).<\/p>\n\n\n\n<h2 class=\"wp-block-heading\"><strong>Renverser la vapeur<\/strong><\/h2>\n\n\n\n<p>Avec les plans de la Poste, des centaines d\u2019emplois seraient irr\u00e9m\u00e9diablement perdus. Le syndicat syndicom critique les intentions annonc\u00e9es par la Poste et mettra tout en \u0153uvre pour maintenir le plus grand nombre possible d\u2019offices de poste. Manuel Wyss, membre du comit\u00e9 directeur de syndicom, d\u00e9clare:<\/p>\n\n\n<div class=\"wp-block-quote-wrapper\">\n<blockquote class=\"wp-block-quote is-layout-flow wp-block-quote-is-layout-flow\">\n<p>syndicom s\u2019engage pour un service public d\u00e9velopp\u00e9 et s\u2019oppose aux mesures de d\u00e9mant\u00e8lement dans la desserte de base. Il est important de pr\u00e9server le plus grand nombre possible de filiales et d\u2019emplois.<\/p>\n<\/blockquote>\n<\/div>\n\n\n<p>syndicom appelle les milieux politiques, et en particulier les autorit\u00e9s cantonales et communales concern\u00e9es ainsi que leur population \u00e0 s\u2019engager de leur c\u00f4t\u00e9 pour le maintien de leurs offices de poste.&nbsp;<\/p>\n\n\n\n<h2 class=\"wp-block-heading\"><strong>Aucun licenciement ne doit \u00eatre prononc\u00e9<\/strong><\/h2>\n\n\n\n<p>Pour le syndicat syndicom, il est clair qu\u2019il ne doit pas y avoir de licenciements li\u00e9s aux plans infructueux de la Poste. Manuel Wyss souligne :<\/p>\n\n\n<div class=\"wp-block-quote-wrapper\">\n<blockquote class=\"wp-block-quote is-layout-flow wp-block-quote-is-layout-flow\">\n<p>Si le nombre d\u2019offices de poste devait effectivement \u00eatre r\u00e9duit, syndicom exige que la Poste ne proc\u00e8de \u00e0 aucun licenciement. Compte tenu notamment de l\u2019\u00e2ge moyen du personnel en place, R\u00e9seauPostal peut le garantir sans autre en recourant aux fluctuations naturelles.<\/p>\n<\/blockquote>\n<\/div>\n\n\n<p>Aujourd\u2019hui d\u00e9j\u00e0, le personnel des filiales de la Poste est expos\u00e9 \u00e0 une forte pression. Avec la suppression de nouveaux emplois, la pression sur le personnel augmenterait encore.<\/p>\n<\/div>\n<\/div>\n","protected":false},"excerpt":{"rendered":"<p>La Poste veut fermer 170 autres filiales. syndicom s&rsquo;engage pour le maintien de ces filiales et pour qu&rsquo;il n&rsquo;y ait pas de licenciement.<\/p>\n","protected":false},"author":2,"featured_media":43780,"template":"","meta":{"_acf_changed":false,"inline_featured_image":false,"_coblocks_attr":"","_coblocks_dimensions":"","_coblocks_responsive_height":"","_coblocks_accordion_ie_support":"","footnotes":""},"pressrelease-category":[120,113],"class_list":["post-3507","pressrelease","type-pressrelease","status-publish","has-post-thumbnail","hentry","pressrelease-category-medienmitteilung-fr","pressrelease-category-logistik-fr"],"acf":[],"yoast_head":"<!-- This site is optimized with the Yoast SEO plugin v27.3 - https:\/\/yoast.com\/product\/yoast-seo-wordpress\/ -->\n<title>La Poste veut poursuivre la fermeture de ses offices de poste - syndicom<\/title>\n<meta name=\"description\" content=\"La Poste veut fermer 170 autres filiales. syndicom s&#039;engage pour le maintien de ces filiales et pour qu&#039;il n&#039;y ait pas de licenciement.\" \/>\n<meta name=\"robots\" content=\"index, follow, max-snippet:-1, max-image-preview:large, max-video-preview:-1\" \/>\n<link rel=\"canonical\" href=\"https:\/\/syndicom.ch\/fr\/communique-de-presse\/poste-veut-poursuivre-la-fermeture-massive-des-offices\/\" \/>\n<meta property=\"og:locale\" content=\"fr_FR\" \/>\n<meta property=\"og:type\" content=\"article\" \/>\n<meta property=\"og:title\" content=\"La Poste veut poursuivre la fermeture de ses offices de poste - syndicom\" \/>\n<meta property=\"og:description\" content=\"La Poste veut fermer 170 autres filiales. syndicom s&#039;engage pour le maintien de ces filiales et pour qu&#039;il n&#039;y ait pas de licenciement.\" \/>\n<meta property=\"og:url\" content=\"https:\/\/syndicom.ch\/fr\/communique-de-presse\/poste-veut-poursuivre-la-fermeture-massive-des-offices\/\" \/>\n<meta property=\"og:site_name\" content=\"syndicom\" \/>\n<meta property=\"article:modified_time\" content=\"2025-10-01T15:06:37+00:00\" \/>\n<meta property=\"og:image\" content=\"https:\/\/syndicom.ch\/app\/uploads\/2024\/10\/gewerkschaft-syndicom-poststelle-symbolbild-scaled.jpg\" \/>\n\t<meta property=\"og:image:width\" content=\"2560\" \/>\n\t<meta property=\"og:image:height\" content=\"1706\" \/>\n\t<meta property=\"og:image:type\" content=\"image\/jpeg\" \/>\n<meta name=\"twitter:card\" content=\"summary_large_image\" \/>\n<meta name=\"twitter:label1\" content=\"Dur\u00e9e de lecture estim\u00e9e\" \/>\n\t<meta name=\"twitter:data1\" content=\"2 minutes\" \/>\n<script type=\"application\/ld+json\" class=\"yoast-schema-graph\">{\"@context\":\"https:\\\/\\\/schema.org\",\"@graph\":[{\"@type\":\"NewsArticle\",\"@id\":\"https:\\\/\\\/syndicom.ch\\\/fr\\\/communique-de-presse\\\/poste-veut-poursuivre-la-fermeture-massive-des-offices\\\/#article\",\"isPartOf\":{\"@id\":\"https:\\\/\\\/syndicom.ch\\\/fr\\\/communique-de-presse\\\/poste-veut-poursuivre-la-fermeture-massive-des-offices\\\/\"},\"author\":{\"name\":\"Victoria Gross\",\"@id\":\"https:\\\/\\\/syndicom.ch\\\/fr\\\/#\\\/schema\\\/person\\\/840c26cca8a79d4b5be17fffe43a9b72\"},\"headline\":\"La Poste veut poursuivre la fermeture de ses offices de poste\",\"datePublished\":\"2024-05-29T06:20:28+00:00\",\"dateModified\":\"2025-10-01T15:06:37+00:00\",\"mainEntityOfPage\":{\"@id\":\"https:\\\/\\\/syndicom.ch\\\/fr\\\/communique-de-presse\\\/poste-veut-poursuivre-la-fermeture-massive-des-offices\\\/\"},\"wordCount\":361,\"publisher\":{\"@id\":\"https:\\\/\\\/syndicom.ch\\\/fr\\\/#organization\"},\"image\":{\"@id\":\"https:\\\/\\\/syndicom.ch\\\/fr\\\/communique-de-presse\\\/poste-veut-poursuivre-la-fermeture-massive-des-offices\\\/#primaryimage\"},\"thumbnailUrl\":\"https:\\\/\\\/syndicom.ch\\\/app\\\/uploads\\\/2024\\\/10\\\/gewerkschaft-syndicom-poststelle-symbolbild-scaled.jpg\",\"inLanguage\":\"fr-FR\"},{\"@type\":\"WebPage\",\"@id\":\"https:\\\/\\\/syndicom.ch\\\/fr\\\/communique-de-presse\\\/poste-veut-poursuivre-la-fermeture-massive-des-offices\\\/\",\"url\":\"https:\\\/\\\/syndicom.ch\\\/fr\\\/communique-de-presse\\\/poste-veut-poursuivre-la-fermeture-massive-des-offices\\\/\",\"name\":\"La Poste veut poursuivre la fermeture de ses offices de poste - syndicom\",\"isPartOf\":{\"@id\":\"https:\\\/\\\/syndicom.ch\\\/fr\\\/#website\"},\"primaryImageOfPage\":{\"@id\":\"https:\\\/\\\/syndicom.ch\\\/fr\\\/communique-de-presse\\\/poste-veut-poursuivre-la-fermeture-massive-des-offices\\\/#primaryimage\"},\"image\":{\"@id\":\"https:\\\/\\\/syndicom.ch\\\/fr\\\/communique-de-presse\\\/poste-veut-poursuivre-la-fermeture-massive-des-offices\\\/#primaryimage\"},\"thumbnailUrl\":\"https:\\\/\\\/syndicom.ch\\\/app\\\/uploads\\\/2024\\\/10\\\/gewerkschaft-syndicom-poststelle-symbolbild-scaled.jpg\",\"datePublished\":\"2024-05-29T06:20:28+00:00\",\"dateModified\":\"2025-10-01T15:06:37+00:00\",\"description\":\"La Poste veut fermer 170 autres filiales. syndicom s'engage pour le maintien de ces filiales et pour qu'il n'y ait pas de licenciement.\",\"breadcrumb\":{\"@id\":\"https:\\\/\\\/syndicom.ch\\\/fr\\\/communique-de-presse\\\/poste-veut-poursuivre-la-fermeture-massive-des-offices\\\/#breadcrumb\"},\"inLanguage\":\"fr-FR\",\"potentialAction\":[{\"@type\":\"ReadAction\",\"target\":[\"https:\\\/\\\/syndicom.ch\\\/fr\\\/communique-de-presse\\\/poste-veut-poursuivre-la-fermeture-massive-des-offices\\\/\"]}]},{\"@type\":\"ImageObject\",\"inLanguage\":\"fr-FR\",\"@id\":\"https:\\\/\\\/syndicom.ch\\\/fr\\\/communique-de-presse\\\/poste-veut-poursuivre-la-fermeture-massive-des-offices\\\/#primaryimage\",\"url\":\"https:\\\/\\\/syndicom.ch\\\/app\\\/uploads\\\/2024\\\/10\\\/gewerkschaft-syndicom-poststelle-symbolbild-scaled.jpg\",\"contentUrl\":\"https:\\\/\\\/syndicom.ch\\\/app\\\/uploads\\\/2024\\\/10\\\/gewerkschaft-syndicom-poststelle-symbolbild-scaled.jpg\",\"width\":2560,\"height\":1706},{\"@type\":\"BreadcrumbList\",\"@id\":\"https:\\\/\\\/syndicom.ch\\\/fr\\\/communique-de-presse\\\/poste-veut-poursuivre-la-fermeture-massive-des-offices\\\/#breadcrumb\",\"itemListElement\":[{\"@type\":\"ListItem\",\"position\":1,\"name\":\"Page d'accueil\",\"item\":\"https:\\\/\\\/syndicom.ch\\\/fr\\\/\"},{\"@type\":\"ListItem\",\"position\":2,\"name\":\"La Poste veut poursuivre la fermeture de ses offices de poste\"}]},{\"@type\":\"WebSite\",\"@id\":\"https:\\\/\\\/syndicom.ch\\\/fr\\\/#website\",\"url\":\"https:\\\/\\\/syndicom.ch\\\/fr\\\/\",\"name\":\"syndicom\",\"description\":\"\",\"publisher\":{\"@id\":\"https:\\\/\\\/syndicom.ch\\\/fr\\\/#organization\"},\"potentialAction\":[{\"@type\":\"SearchAction\",\"target\":{\"@type\":\"EntryPoint\",\"urlTemplate\":\"https:\\\/\\\/syndicom.ch\\\/fr\\\/?s={search_term_string}\"},\"query-input\":{\"@type\":\"PropertyValueSpecification\",\"valueRequired\":true,\"valueName\":\"search_term_string\"}}],\"inLanguage\":\"fr-FR\"},{\"@type\":\"Organization\",\"@id\":\"https:\\\/\\\/syndicom.ch\\\/fr\\\/#organization\",\"name\":\"syndicom\",\"url\":\"https:\\\/\\\/syndicom.ch\\\/fr\\\/\",\"logo\":{\"@type\":\"ImageObject\",\"inLanguage\":\"fr-FR\",\"@id\":\"https:\\\/\\\/syndicom.ch\\\/fr\\\/#\\\/schema\\\/logo\\\/image\\\/\",\"url\":\"https:\\\/\\\/syndicom.ch\\\/app\\\/uploads\\\/2024\\\/06\\\/logo.svg\",\"contentUrl\":\"https:\\\/\\\/syndicom.ch\\\/app\\\/uploads\\\/2024\\\/06\\\/logo.svg\",\"width\":297,\"height\":51,\"caption\":\"syndicom\"},\"image\":{\"@id\":\"https:\\\/\\\/syndicom.ch\\\/fr\\\/#\\\/schema\\\/logo\\\/image\\\/\"}},{\"@type\":\"Person\",\"@id\":\"https:\\\/\\\/syndicom.ch\\\/fr\\\/#\\\/schema\\\/person\\\/840c26cca8a79d4b5be17fffe43a9b72\",\"name\":\"Victoria Gross\",\"image\":{\"@type\":\"ImageObject\",\"inLanguage\":\"fr-FR\",\"@id\":\"https:\\\/\\\/secure.gravatar.com\\\/avatar\\\/820878f0ae3636310a06696d04b75c5481b1ba0d0c0d8532ce68c99073507e4c?s=96&d=mm&r=g\",\"url\":\"https:\\\/\\\/secure.gravatar.com\\\/avatar\\\/820878f0ae3636310a06696d04b75c5481b1ba0d0c0d8532ce68c99073507e4c?s=96&d=mm&r=g\",\"contentUrl\":\"https:\\\/\\\/secure.gravatar.com\\\/avatar\\\/820878f0ae3636310a06696d04b75c5481b1ba0d0c0d8532ce68c99073507e4c?s=96&d=mm&r=g\",\"caption\":\"Victoria Gross\"},\"url\":\"https:\\\/\\\/syndicom.ch\\\/fr\\\/blog\\\/author\\\/victoria-gross\\\/\"}]}<\/script>\n<!-- \/ Yoast SEO plugin. -->","yoast_head_json":{"title":"La Poste veut poursuivre la fermeture de ses offices de poste - syndicom","description":"La Poste veut fermer 170 autres filiales. syndicom s'engage pour le maintien de ces filiales et pour qu'il n'y ait pas de licenciement.","robots":{"index":"index","follow":"follow","max-snippet":"max-snippet:-1","max-image-preview":"max-image-preview:large","max-video-preview":"max-video-preview:-1"},"canonical":"https:\/\/syndicom.ch\/fr\/communique-de-presse\/poste-veut-poursuivre-la-fermeture-massive-des-offices\/","og_locale":"fr_FR","og_type":"article","og_title":"La Poste veut poursuivre la fermeture de ses offices de poste - syndicom","og_description":"La Poste veut fermer 170 autres filiales. syndicom s'engage pour le maintien de ces filiales et pour qu'il n'y ait pas de licenciement.","og_url":"https:\/\/syndicom.ch\/fr\/communique-de-presse\/poste-veut-poursuivre-la-fermeture-massive-des-offices\/","og_site_name":"syndicom","article_modified_time":"2025-10-01T15:06:37+00:00","og_image":[{"width":2560,"height":1706,"url":"https:\/\/syndicom.ch\/app\/uploads\/2024\/10\/gewerkschaft-syndicom-poststelle-symbolbild-scaled.jpg","type":"image\/jpeg"}],"twitter_card":"summary_large_image","twitter_misc":{"Dur\u00e9e de lecture estim\u00e9e":"2 minutes"},"schema":{"@context":"https:\/\/schema.org","@graph":[{"@type":"NewsArticle","@id":"https:\/\/syndicom.ch\/fr\/communique-de-presse\/poste-veut-poursuivre-la-fermeture-massive-des-offices\/#article","isPartOf":{"@id":"https:\/\/syndicom.ch\/fr\/communique-de-presse\/poste-veut-poursuivre-la-fermeture-massive-des-offices\/"},"author":{"name":"Victoria Gross","@id":"https:\/\/syndicom.ch\/fr\/#\/schema\/person\/840c26cca8a79d4b5be17fffe43a9b72"},"headline":"La Poste veut poursuivre la fermeture de ses offices de poste","datePublished":"2024-05-29T06:20:28+00:00","dateModified":"2025-10-01T15:06:37+00:00","mainEntityOfPage":{"@id":"https:\/\/syndicom.ch\/fr\/communique-de-presse\/poste-veut-poursuivre-la-fermeture-massive-des-offices\/"},"wordCount":361,"publisher":{"@id":"https:\/\/syndicom.ch\/fr\/#organization"},"image":{"@id":"https:\/\/syndicom.ch\/fr\/communique-de-presse\/poste-veut-poursuivre-la-fermeture-massive-des-offices\/#primaryimage"},"thumbnailUrl":"https:\/\/syndicom.ch\/app\/uploads\/2024\/10\/gewerkschaft-syndicom-poststelle-symbolbild-scaled.jpg","inLanguage":"fr-FR"},{"@type":"WebPage","@id":"https:\/\/syndicom.ch\/fr\/communique-de-presse\/poste-veut-poursuivre-la-fermeture-massive-des-offices\/","url":"https:\/\/syndicom.ch\/fr\/communique-de-presse\/poste-veut-poursuivre-la-fermeture-massive-des-offices\/","name":"La Poste veut poursuivre la fermeture de ses offices de poste - syndicom","isPartOf":{"@id":"https:\/\/syndicom.ch\/fr\/#website"},"primaryImageOfPage":{"@id":"https:\/\/syndicom.ch\/fr\/communique-de-presse\/poste-veut-poursuivre-la-fermeture-massive-des-offices\/#primaryimage"},"image":{"@id":"https:\/\/syndicom.ch\/fr\/communique-de-presse\/poste-veut-poursuivre-la-fermeture-massive-des-offices\/#primaryimage"},"thumbnailUrl":"https:\/\/syndicom.ch\/app\/uploads\/2024\/10\/gewerkschaft-syndicom-poststelle-symbolbild-scaled.jpg","datePublished":"2024-05-29T06:20:28+00:00","dateModified":"2025-10-01T15:06:37+00:00","description":"La Poste veut fermer 170 autres filiales. syndicom s'engage pour le maintien de ces filiales et pour qu'il n'y ait pas de licenciement.","breadcrumb":{"@id":"https:\/\/syndicom.ch\/fr\/communique-de-presse\/poste-veut-poursuivre-la-fermeture-massive-des-offices\/#breadcrumb"},"inLanguage":"fr-FR","potentialAction":[{"@type":"ReadAction","target":["https:\/\/syndicom.ch\/fr\/communique-de-presse\/poste-veut-poursuivre-la-fermeture-massive-des-offices\/"]}]},{"@type":"ImageObject","inLanguage":"fr-FR","@id":"https:\/\/syndicom.ch\/fr\/communique-de-presse\/poste-veut-poursuivre-la-fermeture-massive-des-offices\/#primaryimage","url":"https:\/\/syndicom.ch\/app\/uploads\/2024\/10\/gewerkschaft-syndicom-poststelle-symbolbild-scaled.jpg","contentUrl":"https:\/\/syndicom.ch\/app\/uploads\/2024\/10\/gewerkschaft-syndicom-poststelle-symbolbild-scaled.jpg","width":2560,"height":1706},{"@type":"BreadcrumbList","@id":"https:\/\/syndicom.ch\/fr\/communique-de-presse\/poste-veut-poursuivre-la-fermeture-massive-des-offices\/#breadcrumb","itemListElement":[{"@type":"ListItem","position":1,"name":"Page d'accueil","item":"https:\/\/syndicom.ch\/fr\/"},{"@type":"ListItem","position":2,"name":"La Poste veut poursuivre la fermeture de ses offices de poste"}]},{"@type":"WebSite","@id":"https:\/\/syndicom.ch\/fr\/#website","url":"https:\/\/syndicom.ch\/fr\/","name":"syndicom","description":"","publisher":{"@id":"https:\/\/syndicom.ch\/fr\/#organization"},"potentialAction":[{"@type":"SearchAction","target":{"@type":"EntryPoint","urlTemplate":"https:\/\/syndicom.ch\/fr\/?s={search_term_string}"},"query-input":{"@type":"PropertyValueSpecification","valueRequired":true,"valueName":"search_term_string"}}],"inLanguage":"fr-FR"},{"@type":"Organization","@id":"https:\/\/syndicom.ch\/fr\/#organization","name":"syndicom","url":"https:\/\/syndicom.ch\/fr\/","logo":{"@type":"ImageObject","inLanguage":"fr-FR","@id":"https:\/\/syndicom.ch\/fr\/#\/schema\/logo\/image\/","url":"https:\/\/syndicom.ch\/app\/uploads\/2024\/06\/logo.svg","contentUrl":"https:\/\/syndicom.ch\/app\/uploads\/2024\/06\/logo.svg","width":297,"height":51,"caption":"syndicom"},"image":{"@id":"https:\/\/syndicom.ch\/fr\/#\/schema\/logo\/image\/"}},{"@type":"Person","@id":"https:\/\/syndicom.ch\/fr\/#\/schema\/person\/840c26cca8a79d4b5be17fffe43a9b72","name":"Victoria Gross","image":{"@type":"ImageObject","inLanguage":"fr-FR","@id":"https:\/\/secure.gravatar.com\/avatar\/820878f0ae3636310a06696d04b75c5481b1ba0d0c0d8532ce68c99073507e4c?s=96&d=mm&r=g","url":"https:\/\/secure.gravatar.com\/avatar\/820878f0ae3636310a06696d04b75c5481b1ba0d0c0d8532ce68c99073507e4c?s=96&d=mm&r=g","contentUrl":"https:\/\/secure.gravatar.com\/avatar\/820878f0ae3636310a06696d04b75c5481b1ba0d0c0d8532ce68c99073507e4c?s=96&d=mm&r=g","caption":"Victoria Gross"},"url":"https:\/\/syndicom.ch\/fr\/blog\/author\/victoria-gross\/"}]}},"_links":{"self":[{"href":"https:\/\/syndicom.ch\/fr\/wp-json\/wp\/v2\/pressrelease\/3507","targetHints":{"allow":["GET"]}}],"collection":[{"href":"https:\/\/syndicom.ch\/fr\/wp-json\/wp\/v2\/pressrelease"}],"about":[{"href":"https:\/\/syndicom.ch\/fr\/wp-json\/wp\/v2\/types\/pressrelease"}],"author":[{"embeddable":true,"href":"https:\/\/syndicom.ch\/fr\/wp-json\/wp\/v2\/users\/2"}],"version-history":[{"count":6,"href":"https:\/\/syndicom.ch\/fr\/wp-json\/wp\/v2\/pressrelease\/3507\/revisions"}],"predecessor-version":[{"id":47397,"href":"https:\/\/syndicom.ch\/fr\/wp-json\/wp\/v2\/pressrelease\/3507\/revisions\/47397"}],"wp:featuredmedia":[{"embeddable":true,"href":"https:\/\/syndicom.ch\/fr\/wp-json\/wp\/v2\/media\/43780"}],"wp:attachment":[{"href":"https:\/\/syndicom.ch\/fr\/wp-json\/wp\/v2\/media?parent=3507"}],"wp:term":[{"taxonomy":"pressrelease-category","embeddable":true,"href":"https:\/\/syndicom.ch\/fr\/wp-json\/wp\/v2\/pressrelease-category?post=3507"}],"curies":[{"name":"wp","href":"https:\/\/api.w.org\/{rel}","templated":true}]}}