{"id":51677,"date":"2025-11-27T15:01:00","date_gmt":"2025-11-27T14:01:00","guid":{"rendered":"https:\/\/syndicom.ch\/?post_type=pressrelease&#038;p=51677"},"modified":"2025-11-27T17:07:09","modified_gmt":"2025-11-27T16:07:09","slug":"syndicom-denonce-la-strategie-de-la-poste","status":"publish","type":"pressrelease","link":"https:\/\/syndicom.ch\/fr\/communique-de-presse\/syndicom-denonce-la-strategie-de-la-poste\/","title":{"rendered":"Arc jurassien : mandat\u00e9 par les employ\u00e9-es, syndicom d\u00e9nonce la \u00ab\u00a0strat\u00e9gie du choc\u00a0\u00bb de La Poste"},"content":{"rendered":"\n<div class=\"wp-block-group alignfull has-background-color has-primary-background-color has-text-color has-background has-link-color wp-elements-3313531ade330781bdb675aae361ed9f is-layout-constrained wp-block-group-is-layout-constrained\">\n<div class=\"wp-block-group is-style-narrow is-layout-constrained wp-block-group-is-layout-constrained\">\n<div class=\"wp-block-group pressrelease-meta is-nowrap is-layout-flex wp-container-core-group-is-layout-ad2f72ca wp-block-group-is-layout-flex\"><div class=\"wp-block-post-date\"><time datetime=\"2025-11-27T15:01:00+01:00\">27 novembre 2025<\/time><\/div><\/div>\n\n\n\n<h1 class=\"wp-block-heading\" style=\"font-size:53px\"><strong>Arc jurassien : mandat\u00e9 par les employ\u00e9-es, syndicom d\u00e9nonce la \u00ab\u00a0strat\u00e9gie du choc\u00a0\u00bb de La Poste<\/strong><\/h1>\n\n\n\n<div class=\"wp-block-columns is-layout-flex wp-container-core-columns-is-layout-9d6595d7 wp-block-columns-is-layout-flex\">\n<div class=\"wp-block-column is-layout-flow wp-block-column-is-layout-flow\" style=\"flex-basis:70%\">\n<p class=\"is-style-lead\">Lors de la conf\u00e9rence de presse qui s\u2019est tenue ce matin \u00e0 9h \u00e0 la Brasserie du Jura \u00e0 Neuch\u00e2tel, syndicom a d\u00e9nonc\u00e9 la pression que subissent les coll\u00e8gues du R\u00e9seauPostal (PostNetz).<\/p>\n<\/div>\n<\/div>\n<\/div>\n<\/div>\n\n\n\n<div class=\"wp-block-group alignfull has-background-background-color has-background is-layout-constrained wp-block-group-is-layout-constrained\">\n<div class=\"wp-block-group is-style-narrow is-layout-constrained wp-block-group-is-layout-constrained\">\n<p>Dans l\u2019Arc jurassien, les employ\u00e9-es de R\u00e9seauPostal vivent en effet une restructuration d\u2019une port\u00e9e in\u00e9dite pour les cantons de Neuch\u00e2tel et du Jura. Par son ampleur, 19 offices devraient fermer ou \u00eatre transform\u00e9s, mais aussi par l\u2019attitude de La Poste. Pour rappel, lors de son annonce de fermeture de 170 bureaux de poste d\u2019ici \u00e0 2028 sur tout le territoire suisse, La Poste promettait une restructuration sans licenciements, comptant sur des d\u00e9parts dits \u00ab\u2009naturels\u2009\u00bb (retraites, d\u00e9parts volontaires).\u00a0<\/p>\n\n\n\n<p>La r\u00e9alit\u00e9 est bien diff\u00e9rente. Selon les informations r\u00e9colt\u00e9es par syndicom, sur un total de 150 postes, entre 30 et 40 postes de travail, au moins, sont appel\u00e9s \u00e0 dispara\u00eetre, soit pr\u00e8s d\u2019un quart du personnel. Et ce, sans qu\u2019un plan social ou des mesures d\u2019accompagnement ne soient activ\u00e9s&nbsp;en amont.<\/p>\n\n\n\n<h2 class=\"wp-block-heading\"><strong>Des d\u00e9parts forc\u00e9s<\/strong><\/h2>\n\n\n\n<p>Mandat\u00e9 par 120 employ\u00e9-es (sur 150, soit 80 % du personnel), syndicom a recueilli des dizaines de t\u00e9moignages de coll\u00e8gues \u00e9puis\u00e9-es. Elles et ils d\u00e9noncent une pression\u00a0\u00ab\u2009inhumaine\u2009\u00bb, afin de d\u00e9motiver les collaborateur-trices et les inciter au d\u00e9part. syndicom a re\u00e7u des messages alarmants concernant des objectifs de vente accrus, des menaces disciplinaires, une sous-planification syst\u00e9matique, une communication inexistante, voire malveillante, quant \u00e0 l\u2019avenir de leur emploi.\u00a0<\/p>\n\n\n\n<h2 class=\"wp-block-heading\"><strong>Une incertitude sur l\u2019avenir<\/strong><\/h2>\n\n\n\n<p>Les employ\u00e9-es sont constamment laiss\u00e9-es dans l\u2019incertitude. Au lieu de mettre en place un licenciement collectif, planifier les d\u00e9parts et activer un plan social, La Poste agit au cas par cas et met tout en \u0153uvre pour inqui\u00e9ter les coll\u00e8gues sur leur avenir. Lorsqu\u2019un office ferme, les contrats sont modifi\u00e9s pour changer le lieu de travail et le taux d\u2019occupation. Forc\u00e9-es de travailler plus loin et pour moins de salaire, les coll\u00e8gues d\u00e9missionnent.\u00a0<\/p>\n\n\n<div class=\"wp-block-quote-wrapper\">\n<blockquote class=\"wp-block-quote is-layout-flow wp-block-quote-is-layout-flow\">\n<p>Nous avons peur de l\u2019instabilit\u00e9 permanente, o\u00f9 l\u2019on peut perdre son travail si l\u2019on n\u2019accepte pas les propositions faites. Les femmes avec enfants par exemple ne peuvent pas forc\u00e9ment accepter des d\u00e9placements d\u2019offices, des horaires qui changent tous les jours, ce n\u2019est pas pour rien si elles ne sont pas tr\u00e8s nombreuses.<\/p>\n<\/blockquote>\n<\/div>\n\n\n<p>nous dit V\u00e9ronique, 61&nbsp;ans, buraliste dans le Jura.<\/p>\n\n\n\n<p>Une m\u00eame pression s\u2019exerce pour demander de prendre une retraite anticip\u00e9e \u00e0 des collaborateur-trices qui n\u2019ont m\u00eame pas encore 60 ans, ou de ne pas revenir apr\u00e8s une maladie.<\/p>\n\n\n\n<p>Marc, 62 ans :<\/p>\n\n\n<div class=\"wp-block-quote-wrapper\">\n<blockquote class=\"wp-block-quote is-layout-flow wp-block-quote-is-layout-flow\">\n<p>On nous fait comprendre que nous sommes de trop, que l\u2019on co\u00fbte trop cher.<\/p>\n<\/blockquote>\n<\/div>\n\n\n<h2 class=\"wp-block-heading\"><strong>Une pression quotidienne<\/strong><\/h2>\n\n\n\n<p>\u00c0 cette pression s\u2019ajoute celle, quotidienne, de la charge de travail et des objectifs de vente.\u00a0Forc\u00e9-es de proposer un produit commercial \u00e0 chaque client, les coll\u00e8gues ne reconnaissent plus leur m\u00e9tier<\/p>\n\n\n\n<p>Marc, 62 ans:<\/p>\n\n\n<div class=\"wp-block-quote-wrapper\">\n<blockquote class=\"wp-block-quote is-layout-flow wp-block-quote-is-layout-flow\">\n<p>Nous ne sommes plus au service des gens, nous sommes devenus des vendeur-euses et on nous oppresse tellement que nous avons la sensation de harceler les clients. Nos r\u00e9sultats sont fliqu\u00e9s et cela vire \u00e0 l\u2019obsession. Des coll\u00e8gues pleurent avant de venir travailler, d\u2019autres ne trouvent plus le sommeil, les coll\u00e8gues sont en souffrance et les responsables sont les coupables.<\/p>\n<\/blockquote>\n<\/div>\n\n\n<h2 class=\"wp-block-heading\"><strong><strong>Une strat\u00e9gie du choc indigne de La Poste<\/strong><\/strong><\/h2>\n\n\n\n<p>Cette \u00ab\u2009strat\u00e9gie du choc\u2009\u00bb est indigne de La Poste. Celle-ci a en effet les moyens financiers et les m\u00e9thodes pour mettre en place une restructuration qui respecte les employ\u00e9-es, assure leur avenir \u00e0 La Poste, ou garantisse des d\u00e9parts dignes et dans de bonnes conditions.<\/p>\n\n\n\n<p>Pour cela, syndicom demande&nbsp;:<\/p>\n\n\n\n<ul class=\"wp-block-list\">\n<li>L\u2019arr\u00eat imm\u00e9diat des pressions exerc\u00e9es sur les employ\u00e9-es&nbsp;;<\/li>\n\n\n\n<li>La fin des objectifs de ventes&nbsp;;<\/li>\n\n\n\n<li>Que la Poste assume la r\u00e9duction des effectifs et annonce un licenciement collectif, avec une planification des d\u00e9parts et l\u2019activation d\u2019un plan social&nbsp;;<\/li>\n\n\n\n<li>Un guichet volontaire de d\u00e9parts et la mise en place d\u2019une aide au d\u00e9part \u00e0 la retraite anticip\u00e9e d\u00e8s 58 ans.<a id=\"_msocom_1\"><\/a><\/li>\n<\/ul>\n<\/div>\n<\/div>\n","protected":false},"excerpt":{"rendered":"<p>syndicom critique la strat\u00e9gie de La Poste qui pousse les collaborateurs de R\u00e9seauPostal \u00e0 d\u00e9missionner sans leur proposer de plan social.<\/p>\n","protected":false},"author":3,"featured_media":0,"template":"","meta":{"_acf_changed":false,"inline_featured_image":false,"_coblocks_attr":"","_coblocks_dimensions":"","_coblocks_responsive_height":"","_coblocks_accordion_ie_support":"","footnotes":""},"pressrelease-category":[120,113],"class_list":["post-51677","pressrelease","type-pressrelease","status-publish","hentry","pressrelease-category-medienmitteilung-fr","pressrelease-category-logistik-fr"],"acf":[],"yoast_head":"<!-- This site is optimized with the Yoast SEO plugin v27.3 - https:\/\/yoast.com\/product\/yoast-seo-wordpress\/ -->\n<title>Arc jurassien : mandat\u00e9 par les employ\u00e9-es, syndicom d\u00e9nonce la \u00ab\u00a0strat\u00e9gie du choc\u00a0\u00bb de La Poste - syndicom<\/title>\n<meta name=\"description\" content=\"syndicom critique la strat\u00e9gie de La Poste qui pousse les collaborateurs de R\u00e9seauPostal \u00e0 d\u00e9missionner sans leur proposer de plan social.\" \/>\n<meta name=\"robots\" content=\"index, follow, max-snippet:-1, max-image-preview:large, max-video-preview:-1\" \/>\n<link rel=\"canonical\" href=\"https:\/\/syndicom.ch\/fr\/communique-de-presse\/syndicom-denonce-la-strategie-de-la-poste\/\" \/>\n<meta property=\"og:locale\" content=\"fr_FR\" \/>\n<meta property=\"og:type\" content=\"article\" \/>\n<meta property=\"og:title\" content=\"Arc jurassien : mandat\u00e9 par les employ\u00e9-es, syndicom d\u00e9nonce la \u00ab\u00a0strat\u00e9gie du choc\u00a0\u00bb de La Poste - syndicom\" \/>\n<meta property=\"og:description\" content=\"syndicom critique la strat\u00e9gie de La Poste qui pousse les collaborateurs de R\u00e9seauPostal \u00e0 d\u00e9missionner sans leur proposer de plan social.\" \/>\n<meta property=\"og:url\" content=\"https:\/\/syndicom.ch\/fr\/communique-de-presse\/syndicom-denonce-la-strategie-de-la-poste\/\" \/>\n<meta property=\"og:site_name\" content=\"syndicom\" \/>\n<meta property=\"article:modified_time\" content=\"2025-11-27T16:07:09+00:00\" \/>\n<meta name=\"twitter:card\" content=\"summary_large_image\" \/>\n<meta name=\"twitter:label1\" content=\"Dur\u00e9e de lecture estim\u00e9e\" \/>\n\t<meta name=\"twitter:data1\" content=\"3 minutes\" \/>\n<script type=\"application\/ld+json\" class=\"yoast-schema-graph\">{\"@context\":\"https:\\\/\\\/schema.org\",\"@graph\":[{\"@type\":\"WebPage\",\"@id\":\"https:\\\/\\\/syndicom.ch\\\/fr\\\/communique-de-presse\\\/syndicom-denonce-la-strategie-de-la-poste\\\/\",\"url\":\"https:\\\/\\\/syndicom.ch\\\/fr\\\/communique-de-presse\\\/syndicom-denonce-la-strategie-de-la-poste\\\/\",\"name\":\"Arc jurassien : mandat\u00e9 par les employ\u00e9-es, syndicom d\u00e9nonce la \u00ab\u00a0strat\u00e9gie du choc\u00a0\u00bb de La Poste - syndicom\",\"isPartOf\":{\"@id\":\"https:\\\/\\\/syndicom.ch\\\/fr\\\/#website\"},\"datePublished\":\"2025-11-27T14:01:00+00:00\",\"dateModified\":\"2025-11-27T16:07:09+00:00\",\"description\":\"syndicom critique la strat\u00e9gie de La Poste qui pousse les collaborateurs de R\u00e9seauPostal \u00e0 d\u00e9missionner sans leur proposer de plan social.\",\"breadcrumb\":{\"@id\":\"https:\\\/\\\/syndicom.ch\\\/fr\\\/communique-de-presse\\\/syndicom-denonce-la-strategie-de-la-poste\\\/#breadcrumb\"},\"inLanguage\":\"fr-FR\",\"potentialAction\":[{\"@type\":\"ReadAction\",\"target\":[\"https:\\\/\\\/syndicom.ch\\\/fr\\\/communique-de-presse\\\/syndicom-denonce-la-strategie-de-la-poste\\\/\"]}]},{\"@type\":\"BreadcrumbList\",\"@id\":\"https:\\\/\\\/syndicom.ch\\\/fr\\\/communique-de-presse\\\/syndicom-denonce-la-strategie-de-la-poste\\\/#breadcrumb\",\"itemListElement\":[{\"@type\":\"ListItem\",\"position\":1,\"name\":\"Page d'accueil\",\"item\":\"https:\\\/\\\/syndicom.ch\\\/fr\\\/\"},{\"@type\":\"ListItem\",\"position\":2,\"name\":\"Arc jurassien : mandat\u00e9 par les employ\u00e9-es, syndicom d\u00e9nonce la \u00ab\u00a0strat\u00e9gie du choc\u00a0\u00bb de La Poste\"}]},{\"@type\":\"WebSite\",\"@id\":\"https:\\\/\\\/syndicom.ch\\\/fr\\\/#website\",\"url\":\"https:\\\/\\\/syndicom.ch\\\/fr\\\/\",\"name\":\"syndicom\",\"description\":\"\",\"publisher\":{\"@id\":\"https:\\\/\\\/syndicom.ch\\\/fr\\\/#organization\"},\"potentialAction\":[{\"@type\":\"SearchAction\",\"target\":{\"@type\":\"EntryPoint\",\"urlTemplate\":\"https:\\\/\\\/syndicom.ch\\\/fr\\\/?s={search_term_string}\"},\"query-input\":{\"@type\":\"PropertyValueSpecification\",\"valueRequired\":true,\"valueName\":\"search_term_string\"}}],\"inLanguage\":\"fr-FR\"},{\"@type\":\"Organization\",\"@id\":\"https:\\\/\\\/syndicom.ch\\\/fr\\\/#organization\",\"name\":\"syndicom\",\"url\":\"https:\\\/\\\/syndicom.ch\\\/fr\\\/\",\"logo\":{\"@type\":\"ImageObject\",\"inLanguage\":\"fr-FR\",\"@id\":\"https:\\\/\\\/syndicom.ch\\\/fr\\\/#\\\/schema\\\/logo\\\/image\\\/\",\"url\":\"https:\\\/\\\/syndicom.ch\\\/app\\\/uploads\\\/2024\\\/06\\\/logo.svg\",\"contentUrl\":\"https:\\\/\\\/syndicom.ch\\\/app\\\/uploads\\\/2024\\\/06\\\/logo.svg\",\"width\":297,\"height\":51,\"caption\":\"syndicom\"},\"image\":{\"@id\":\"https:\\\/\\\/syndicom.ch\\\/fr\\\/#\\\/schema\\\/logo\\\/image\\\/\"}}]}<\/script>\n<!-- \/ Yoast SEO plugin. -->","yoast_head_json":{"title":"Arc jurassien : mandat\u00e9 par les employ\u00e9-es, syndicom d\u00e9nonce la \u00ab\u00a0strat\u00e9gie du choc\u00a0\u00bb de La Poste - syndicom","description":"syndicom critique la strat\u00e9gie de La Poste qui pousse les collaborateurs de R\u00e9seauPostal \u00e0 d\u00e9missionner sans leur proposer de plan social.","robots":{"index":"index","follow":"follow","max-snippet":"max-snippet:-1","max-image-preview":"max-image-preview:large","max-video-preview":"max-video-preview:-1"},"canonical":"https:\/\/syndicom.ch\/fr\/communique-de-presse\/syndicom-denonce-la-strategie-de-la-poste\/","og_locale":"fr_FR","og_type":"article","og_title":"Arc jurassien : mandat\u00e9 par les employ\u00e9-es, syndicom d\u00e9nonce la \u00ab\u00a0strat\u00e9gie du choc\u00a0\u00bb de La Poste - syndicom","og_description":"syndicom critique la strat\u00e9gie de La Poste qui pousse les collaborateurs de R\u00e9seauPostal \u00e0 d\u00e9missionner sans leur proposer de plan social.","og_url":"https:\/\/syndicom.ch\/fr\/communique-de-presse\/syndicom-denonce-la-strategie-de-la-poste\/","og_site_name":"syndicom","article_modified_time":"2025-11-27T16:07:09+00:00","twitter_card":"summary_large_image","twitter_misc":{"Dur\u00e9e de lecture estim\u00e9e":"3 minutes"},"schema":{"@context":"https:\/\/schema.org","@graph":[{"@type":"WebPage","@id":"https:\/\/syndicom.ch\/fr\/communique-de-presse\/syndicom-denonce-la-strategie-de-la-poste\/","url":"https:\/\/syndicom.ch\/fr\/communique-de-presse\/syndicom-denonce-la-strategie-de-la-poste\/","name":"Arc jurassien : mandat\u00e9 par les employ\u00e9-es, syndicom d\u00e9nonce la \u00ab\u00a0strat\u00e9gie du choc\u00a0\u00bb de La Poste - syndicom","isPartOf":{"@id":"https:\/\/syndicom.ch\/fr\/#website"},"datePublished":"2025-11-27T14:01:00+00:00","dateModified":"2025-11-27T16:07:09+00:00","description":"syndicom critique la strat\u00e9gie de La Poste qui pousse les collaborateurs de R\u00e9seauPostal \u00e0 d\u00e9missionner sans leur proposer de plan social.","breadcrumb":{"@id":"https:\/\/syndicom.ch\/fr\/communique-de-presse\/syndicom-denonce-la-strategie-de-la-poste\/#breadcrumb"},"inLanguage":"fr-FR","potentialAction":[{"@type":"ReadAction","target":["https:\/\/syndicom.ch\/fr\/communique-de-presse\/syndicom-denonce-la-strategie-de-la-poste\/"]}]},{"@type":"BreadcrumbList","@id":"https:\/\/syndicom.ch\/fr\/communique-de-presse\/syndicom-denonce-la-strategie-de-la-poste\/#breadcrumb","itemListElement":[{"@type":"ListItem","position":1,"name":"Page d'accueil","item":"https:\/\/syndicom.ch\/fr\/"},{"@type":"ListItem","position":2,"name":"Arc jurassien : mandat\u00e9 par les employ\u00e9-es, syndicom d\u00e9nonce la \u00ab\u00a0strat\u00e9gie du choc\u00a0\u00bb de La Poste"}]},{"@type":"WebSite","@id":"https:\/\/syndicom.ch\/fr\/#website","url":"https:\/\/syndicom.ch\/fr\/","name":"syndicom","description":"","publisher":{"@id":"https:\/\/syndicom.ch\/fr\/#organization"},"potentialAction":[{"@type":"SearchAction","target":{"@type":"EntryPoint","urlTemplate":"https:\/\/syndicom.ch\/fr\/?s={search_term_string}"},"query-input":{"@type":"PropertyValueSpecification","valueRequired":true,"valueName":"search_term_string"}}],"inLanguage":"fr-FR"},{"@type":"Organization","@id":"https:\/\/syndicom.ch\/fr\/#organization","name":"syndicom","url":"https:\/\/syndicom.ch\/fr\/","logo":{"@type":"ImageObject","inLanguage":"fr-FR","@id":"https:\/\/syndicom.ch\/fr\/#\/schema\/logo\/image\/","url":"https:\/\/syndicom.ch\/app\/uploads\/2024\/06\/logo.svg","contentUrl":"https:\/\/syndicom.ch\/app\/uploads\/2024\/06\/logo.svg","width":297,"height":51,"caption":"syndicom"},"image":{"@id":"https:\/\/syndicom.ch\/fr\/#\/schema\/logo\/image\/"}}]}},"_links":{"self":[{"href":"https:\/\/syndicom.ch\/fr\/wp-json\/wp\/v2\/pressrelease\/51677","targetHints":{"allow":["GET"]}}],"collection":[{"href":"https:\/\/syndicom.ch\/fr\/wp-json\/wp\/v2\/pressrelease"}],"about":[{"href":"https:\/\/syndicom.ch\/fr\/wp-json\/wp\/v2\/types\/pressrelease"}],"author":[{"embeddable":true,"href":"https:\/\/syndicom.ch\/fr\/wp-json\/wp\/v2\/users\/3"}],"version-history":[{"count":8,"href":"https:\/\/syndicom.ch\/fr\/wp-json\/wp\/v2\/pressrelease\/51677\/revisions"}],"predecessor-version":[{"id":51749,"href":"https:\/\/syndicom.ch\/fr\/wp-json\/wp\/v2\/pressrelease\/51677\/revisions\/51749"}],"wp:attachment":[{"href":"https:\/\/syndicom.ch\/fr\/wp-json\/wp\/v2\/media?parent=51677"}],"wp:term":[{"taxonomy":"pressrelease-category","embeddable":true,"href":"https:\/\/syndicom.ch\/fr\/wp-json\/wp\/v2\/pressrelease-category?post=51677"}],"curies":[{"name":"wp","href":"https:\/\/api.w.org\/{rel}","templated":true}]}}