{"id":59147,"date":"2026-03-08T13:47:55","date_gmt":"2026-03-08T12:47:55","guid":{"rendered":"https:\/\/syndicom.ch\/?post_type=pressrelease&#038;p=59147"},"modified":"2026-03-13T10:49:11","modified_gmt":"2026-03-13T09:49:11","slug":"rejet-net-de-linitiative-anti-ssr","status":"publish","type":"pressrelease","link":"https:\/\/syndicom.ch\/fr\/communique-de-presse\/rejet-net-de-linitiative-anti-ssr\/","title":{"rendered":"Rejet net de l\u2019initiative anti-SSR"},"content":{"rendered":"\n<div class=\"wp-block-group alignfull has-background-color has-primary-background-color has-text-color has-background has-link-color wp-elements-3313531ade330781bdb675aae361ed9f is-layout-constrained wp-block-group-is-layout-constrained\">\n<div class=\"wp-block-group is-style-narrow is-layout-constrained wp-block-group-is-layout-constrained\">\n<div class=\"wp-block-group pressrelease-meta is-nowrap is-layout-flex wp-container-core-group-is-layout-ad2f72ca wp-block-group-is-layout-flex\"><div class=\"wp-block-post-date\"><time datetime=\"2026-03-08T13:47:55+01:00\">8 mars 2026<\/time><\/div><\/div>\n\n\n\n<h1 class=\"wp-block-heading\" style=\"font-size:53px\"><strong>Rejet net de l\u2019initiative anti-SSR \u2013 le service public et la diversit\u00e9 des m\u00e9dias sont renforc\u00e9s<\/strong><\/h1>\n\n\n\n<div class=\"wp-block-columns is-layout-flex wp-container-core-columns-is-layout-9d6595d7 wp-block-columns-is-layout-flex\">\n<div class=\"wp-block-column is-layout-flow wp-block-column-is-layout-flow\" style=\"flex-basis:70%\">\n<p class=\"is-style-lead\">Le peuple suisse a clairement refus\u00e9 l\u2019initiative \u00ab\u00a0200 francs, \u00e7a suffit\u00a0\u00bb, le 8 mars. Un d\u00e9mant\u00e8lement massif du service public est ainsi \u00e9vit\u00e9. Pour syndicom, le r\u00e9sultat est un signal clair contre de nouvelles suppressions de postes dans le journalisme et en faveur d\u2019un renforcement des m\u00e9dias ind\u00e9pendants.<\/p>\n<\/div>\n<\/div>\n<\/div>\n<\/div>\n\n\n\n<div class=\"wp-block-group alignfull has-background-background-color has-background is-layout-constrained wp-block-group-is-layout-constrained\">\n<div class=\"wp-block-group is-style-narrow is-layout-constrained wp-block-group-is-layout-constrained\">\n<p>Une large alliance form\u00e9e de syndicats, d\u2019acteurs culturels, d\u2019organisations sportives, de personnalit\u00e9s politiques et de la soci\u00e9t\u00e9 civile a combattu la baisse radicale des redevances de radio et de t\u00e9l\u00e9vision. syndicom a lui aussi men\u00e9 une campagne de votation engag\u00e9e, \u00e0 laquelle ont particip\u00e9 un grand nombre de <a href=\"https:\/\/syndicom.ch\/fr\/offres-par-metier\/presse\/\" type=\"page\" id=\"16571\" target=\"_blank\" rel=\"noreferrer noopener\">professionnel-les des m\u00e9dias<\/a> issu-es de groupes de presse priv\u00e9s ainsi que des journalistes <a href=\"https:\/\/syndicom.ch\/fr\/independant-e-s\/\" type=\"page\" id=\"7236\" target=\"_blank\" rel=\"noreferrer noopener\">ind\u00e9pendant-es<\/a>.<\/p>\n\n\n\n<h2 class=\"wp-block-heading\"><strong>Une d\u00e9cision claire pour des m\u00e9dias forts dans toutes les r\u00e9gions linguistiques<\/strong><strong><\/strong><\/h2>\n\n\n\n<p>Avec ce \u00ab&nbsp;non&nbsp;\u00bb clair, le peuple reconna\u00eet le mandat de base de la SSR&nbsp;: une information \u00e9quilibr\u00e9e dans toutes les r\u00e9gions linguistiques et une large offre culturelle et sportive. Dans le m\u00eame temps, le r\u00e9sultat est un rejet d\u2019une politique m\u00e9diatique ax\u00e9e sur les coupes et les \u00e9conomies.<\/p>\n\n\n\n<figure data-wp-context=\"{&quot;imageId&quot;:&quot;69f586dbd19ee&quot;}\" data-wp-interactive=\"core\/image\" data-wp-key=\"69f586dbd19ee\" class=\"wp-block-image aligncenter size-full has-lightbox wp-lightbox-container\"><img decoding=\"async\" data-wp-class--hide=\"state.isContentHidden\" data-wp-class--show=\"state.isContentVisible\" data-wp-init=\"callbacks.setButtonStyles\" data-wp-on--click=\"actions.showLightbox\" data-wp-on--load=\"callbacks.setButtonStyles\" data-wp-on-window--resize=\"callbacks.setButtonStyles\" src=\"https:\/\/syndicom.ch\/app\/uploads\/2026\/03\/Abstimmungsfest_Halbierungsinitiative-2.jpg\" alt=\"\" class=\"wp-image-59174\"\/><button\n\t\t\tclass=\"lightbox-trigger\"\n\t\t\ttype=\"button\"\n\t\t\taria-haspopup=\"dialog\"\n\t\t\taria-label=\"Agrandir\"\n\t\t\tdata-wp-init=\"callbacks.initTriggerButton\"\n\t\t\tdata-wp-on--click=\"actions.showLightbox\"\n\t\t\tdata-wp-style--right=\"state.imageButtonRight\"\n\t\t\tdata-wp-style--top=\"state.imageButtonTop\"\n\t\t>\n\t\t\t<svg xmlns=\"http:\/\/www.w3.org\/2000\/svg\" width=\"12\" height=\"12\" fill=\"none\" viewBox=\"0 0 12 12\">\n\t\t\t\t<path fill=\"#fff\" d=\"M2 0a2 2 0 0 0-2 2v2h1.5V2a.5.5 0 0 1 .5-.5h2V0H2Zm2 10.5H2a.5.5 0 0 1-.5-.5V8H0v2a2 2 0 0 0 2 2h2v-1.5ZM8 12v-1.5h2a.5.5 0 0 0 .5-.5V8H12v2a2 2 0 0 1-2 2H8Zm2-12a2 2 0 0 1 2 2v2h-1.5V2a.5.5 0 0 0-.5-.5H8V0h2Z\" \/>\n\t\t\t<\/svg>\n\t\t<\/button><figcaption class=\"wp-element-caption\">Stephanie Vonarburg (au centre) se r\u00e9jouit du rejet clair de l&rsquo;initiative SSG.<\/figcaption><\/figure>\n\n\n\n<p>Aux yeux du syndicat syndicom, une r\u00e9duction de moiti\u00e9 des finances de la SSR aurait eu des cons\u00e9quences directes pour la couverture de base de toutes les r\u00e9gions, pour la qualit\u00e9 des informations et pour les conditions de travail des <a href=\"https:\/\/syndicom.ch\/fr\/offres-par-metier\/presse\/\" type=\"page\" id=\"16571\" target=\"_blank\" rel=\"noreferrer noopener\">professionnel-les des m\u00e9dias<\/a> ainsi que des collaborateur-trices internes et externes r\u00e9gulier-\u00e8res.<\/p>\n\n\n\n<p>Stephanie Vonarburg, responsable du secteur M\u00e9dias et vice-pr\u00e9sidente de syndicom, rel\u00e8ve&nbsp;:<\/p>\n\n\n<div class=\"wp-block-quote-wrapper\">\n<blockquote class=\"wp-block-quote is-layout-flow wp-block-quote-is-layout-flow\">\n<p>La d\u00e9cision engage tous les acteurs. Celles et ceux qui veulent que le journalisme cr\u00e9dible soit un rempart contre la d\u00e9sinformation et les fake news doivent \u00e9galement le rendre possible \u2013 avec un financement stable et de bonnes conditions de travail&nbsp;.<\/p>\n<\/blockquote>\n<\/div>\n\n\n<h2 class=\"wp-block-heading\"><strong>Signal au Conseil f\u00e9d\u00e9ral, \u00e0 la SSR et aux groupes de presse priv\u00e9s<\/strong><strong><\/strong><\/h2>\n\n\n\n<p>Le r\u00e9sultat de votation envoie aussi un signal politique. syndicom appelle le Conseil f\u00e9d\u00e9ral \u00e0 renoncer \u00e0 la baisse pr\u00e9vue de la redevance. Apr\u00e8s ce vote populaire clair, la stabilit\u00e9 est de mise plut\u00f4t que d\u2019autres mesures d\u2019\u00e9conomie.<\/p>\n\n\n\n<p>Dans le m\u00eame temps, syndicom attend que la SSR et les groupes de presse priv\u00e9s investissent \u00e0 nouveau de fa\u00e7on syst\u00e9matique dans un journalisme de qualit\u00e9 et de bonnes conditions de travail. La qualit\u00e9 ne r\u00e9sulte pas de programmes d\u2019\u00e9conomies, mais n\u00e9cessite un personnel suffisant, du temps pour la recherche et des conditions de travail \u00e9quitables.<\/p>\n\n\n\n<h2 class=\"wp-block-heading\"><strong>Poursuivre la mobilisation en vue de 2028<\/strong><strong><\/strong><\/h2>\n\n\n\n<p>La large alliance form\u00e9e dans le cadre de la campagne de votation montre que les attaques contre les m\u00e9dias ind\u00e9pendants peuvent \u00eatre repouss\u00e9es par un engagement collectif. Compte tenu de l\u2019expiration de la concession SSR en 2028, cette alliance restera n\u00e9cessaire.<\/p>\n\n\n\n<p>Pour syndicom, il est clair qu\u2019une opinion publique d\u00e9mocratique a besoin de m\u00e9dias forts ainsi que de conditions de travail \u00e9quitables pour celles et ceux qui exercent quotidiennement le m\u00e9tier de journaliste. Il faut plus de soutien financier public pour des m\u00e9dias forts et diversifi\u00e9s.<\/p>\n<\/div>\n<\/div>\n","protected":false},"excerpt":{"rendered":"<p>Le peuple suisse a refus\u00e9 l\u2019initiative \u00ab\u00a0200 francs, \u00e7a suffit\u00a0\u00bb, le 8 mars. Un d\u00e9mant\u00e8lement massif du service public est \u00e9vit\u00e9.<\/p>\n","protected":false},"author":3,"featured_media":0,"template":"","meta":{"_acf_changed":false,"inline_featured_image":false,"_coblocks_attr":"","_coblocks_dimensions":"","_coblocks_responsive_height":"","_coblocks_accordion_ie_support":"","footnotes":""},"pressrelease-category":[120,115],"class_list":["post-59147","pressrelease","type-pressrelease","status-publish","hentry","pressrelease-category-medienmitteilung-fr","pressrelease-category-medien-fr"],"acf":[],"yoast_head":"<!-- This site is optimized with the Yoast SEO plugin v27.3 - https:\/\/yoast.com\/product\/yoast-seo-wordpress\/ -->\n<title>Rejet net de l\u2019initiative anti-SSR - syndicom<\/title>\n<meta name=\"description\" content=\"Le peuple suisse a clairement refus\u00e9 l\u2019initiative \u00ab\u00a0200 francs, \u00e7a suffit\u00a0\u00bb, le 8 mars. Un d\u00e9mant\u00e8lement massif du service public est \u00e9vit\u00e9.\" \/>\n<meta name=\"robots\" content=\"index, follow, max-snippet:-1, max-image-preview:large, max-video-preview:-1\" \/>\n<link rel=\"canonical\" href=\"https:\/\/syndicom.ch\/fr\/communique-de-presse\/rejet-net-de-linitiative-anti-ssr\/\" \/>\n<meta property=\"og:locale\" content=\"fr_FR\" \/>\n<meta property=\"og:type\" content=\"article\" \/>\n<meta property=\"og:title\" content=\"Rejet net de l\u2019initiative anti-SSR - syndicom\" \/>\n<meta property=\"og:description\" content=\"Le peuple suisse a clairement refus\u00e9 l\u2019initiative \u00ab\u00a0200 francs, \u00e7a suffit\u00a0\u00bb, le 8 mars. Un d\u00e9mant\u00e8lement massif du service public est \u00e9vit\u00e9.\" \/>\n<meta property=\"og:url\" content=\"https:\/\/syndicom.ch\/fr\/communique-de-presse\/rejet-net-de-linitiative-anti-ssr\/\" \/>\n<meta property=\"og:site_name\" content=\"syndicom\" \/>\n<meta property=\"article:modified_time\" content=\"2026-03-13T09:49:11+00:00\" \/>\n<meta property=\"og:image\" content=\"https:\/\/syndicom.ch\/app\/uploads\/2026\/03\/Abstimmungsfest_Halbierungsinitiative-2.jpg\" \/>\n<meta name=\"twitter:card\" content=\"summary_large_image\" \/>\n<meta name=\"twitter:label1\" content=\"Dur\u00e9e de lecture estim\u00e9e\" \/>\n\t<meta name=\"twitter:data1\" content=\"3 minutes\" \/>\n<script type=\"application\/ld+json\" class=\"yoast-schema-graph\">{\"@context\":\"https:\\\/\\\/schema.org\",\"@graph\":[{\"@type\":\"WebPage\",\"@id\":\"https:\\\/\\\/syndicom.ch\\\/fr\\\/communique-de-presse\\\/rejet-net-de-linitiative-anti-ssr\\\/\",\"url\":\"https:\\\/\\\/syndicom.ch\\\/fr\\\/communique-de-presse\\\/rejet-net-de-linitiative-anti-ssr\\\/\",\"name\":\"Rejet net de l\u2019initiative anti-SSR - syndicom\",\"isPartOf\":{\"@id\":\"https:\\\/\\\/syndicom.ch\\\/fr\\\/#website\"},\"primaryImageOfPage\":{\"@id\":\"https:\\\/\\\/syndicom.ch\\\/fr\\\/communique-de-presse\\\/rejet-net-de-linitiative-anti-ssr\\\/#primaryimage\"},\"image\":{\"@id\":\"https:\\\/\\\/syndicom.ch\\\/fr\\\/communique-de-presse\\\/rejet-net-de-linitiative-anti-ssr\\\/#primaryimage\"},\"thumbnailUrl\":\"https:\\\/\\\/syndicom.ch\\\/app\\\/uploads\\\/2026\\\/03\\\/Abstimmungsfest_Halbierungsinitiative-2.jpg\",\"datePublished\":\"2026-03-08T12:47:55+00:00\",\"dateModified\":\"2026-03-13T09:49:11+00:00\",\"description\":\"Le peuple suisse a clairement refus\u00e9 l\u2019initiative \u00ab\u00a0200 francs, \u00e7a suffit\u00a0\u00bb, le 8 mars. Un d\u00e9mant\u00e8lement massif du service public est \u00e9vit\u00e9.\",\"breadcrumb\":{\"@id\":\"https:\\\/\\\/syndicom.ch\\\/fr\\\/communique-de-presse\\\/rejet-net-de-linitiative-anti-ssr\\\/#breadcrumb\"},\"inLanguage\":\"fr-FR\",\"potentialAction\":[{\"@type\":\"ReadAction\",\"target\":[\"https:\\\/\\\/syndicom.ch\\\/fr\\\/communique-de-presse\\\/rejet-net-de-linitiative-anti-ssr\\\/\"]}]},{\"@type\":\"ImageObject\",\"inLanguage\":\"fr-FR\",\"@id\":\"https:\\\/\\\/syndicom.ch\\\/fr\\\/communique-de-presse\\\/rejet-net-de-linitiative-anti-ssr\\\/#primaryimage\",\"url\":\"https:\\\/\\\/syndicom.ch\\\/app\\\/uploads\\\/2026\\\/03\\\/Abstimmungsfest_Halbierungsinitiative-2.jpg\",\"contentUrl\":\"https:\\\/\\\/syndicom.ch\\\/app\\\/uploads\\\/2026\\\/03\\\/Abstimmungsfest_Halbierungsinitiative-2.jpg\"},{\"@type\":\"BreadcrumbList\",\"@id\":\"https:\\\/\\\/syndicom.ch\\\/fr\\\/communique-de-presse\\\/rejet-net-de-linitiative-anti-ssr\\\/#breadcrumb\",\"itemListElement\":[{\"@type\":\"ListItem\",\"position\":1,\"name\":\"Page d'accueil\",\"item\":\"https:\\\/\\\/syndicom.ch\\\/fr\\\/\"},{\"@type\":\"ListItem\",\"position\":2,\"name\":\"Rejet net de l\u2019initiative anti-SSR\"}]},{\"@type\":\"WebSite\",\"@id\":\"https:\\\/\\\/syndicom.ch\\\/fr\\\/#website\",\"url\":\"https:\\\/\\\/syndicom.ch\\\/fr\\\/\",\"name\":\"syndicom\",\"description\":\"\",\"publisher\":{\"@id\":\"https:\\\/\\\/syndicom.ch\\\/fr\\\/#organization\"},\"potentialAction\":[{\"@type\":\"SearchAction\",\"target\":{\"@type\":\"EntryPoint\",\"urlTemplate\":\"https:\\\/\\\/syndicom.ch\\\/fr\\\/?s={search_term_string}\"},\"query-input\":{\"@type\":\"PropertyValueSpecification\",\"valueRequired\":true,\"valueName\":\"search_term_string\"}}],\"inLanguage\":\"fr-FR\"},{\"@type\":\"Organization\",\"@id\":\"https:\\\/\\\/syndicom.ch\\\/fr\\\/#organization\",\"name\":\"syndicom\",\"url\":\"https:\\\/\\\/syndicom.ch\\\/fr\\\/\",\"logo\":{\"@type\":\"ImageObject\",\"inLanguage\":\"fr-FR\",\"@id\":\"https:\\\/\\\/syndicom.ch\\\/fr\\\/#\\\/schema\\\/logo\\\/image\\\/\",\"url\":\"https:\\\/\\\/syndicom.ch\\\/app\\\/uploads\\\/2024\\\/06\\\/logo.svg\",\"contentUrl\":\"https:\\\/\\\/syndicom.ch\\\/app\\\/uploads\\\/2024\\\/06\\\/logo.svg\",\"width\":297,\"height\":51,\"caption\":\"syndicom\"},\"image\":{\"@id\":\"https:\\\/\\\/syndicom.ch\\\/fr\\\/#\\\/schema\\\/logo\\\/image\\\/\"}}]}<\/script>\n<!-- \/ Yoast SEO plugin. -->","yoast_head_json":{"title":"Rejet net de l\u2019initiative anti-SSR - syndicom","description":"Le peuple suisse a clairement refus\u00e9 l\u2019initiative \u00ab\u00a0200 francs, \u00e7a suffit\u00a0\u00bb, le 8 mars. Un d\u00e9mant\u00e8lement massif du service public est \u00e9vit\u00e9.","robots":{"index":"index","follow":"follow","max-snippet":"max-snippet:-1","max-image-preview":"max-image-preview:large","max-video-preview":"max-video-preview:-1"},"canonical":"https:\/\/syndicom.ch\/fr\/communique-de-presse\/rejet-net-de-linitiative-anti-ssr\/","og_locale":"fr_FR","og_type":"article","og_title":"Rejet net de l\u2019initiative anti-SSR - syndicom","og_description":"Le peuple suisse a clairement refus\u00e9 l\u2019initiative \u00ab\u00a0200 francs, \u00e7a suffit\u00a0\u00bb, le 8 mars. Un d\u00e9mant\u00e8lement massif du service public est \u00e9vit\u00e9.","og_url":"https:\/\/syndicom.ch\/fr\/communique-de-presse\/rejet-net-de-linitiative-anti-ssr\/","og_site_name":"syndicom","article_modified_time":"2026-03-13T09:49:11+00:00","og_image":[{"url":"https:\/\/syndicom.ch\/app\/uploads\/2026\/03\/Abstimmungsfest_Halbierungsinitiative-2.jpg","type":"","width":"","height":""}],"twitter_card":"summary_large_image","twitter_misc":{"Dur\u00e9e de lecture estim\u00e9e":"3 minutes"},"schema":{"@context":"https:\/\/schema.org","@graph":[{"@type":"WebPage","@id":"https:\/\/syndicom.ch\/fr\/communique-de-presse\/rejet-net-de-linitiative-anti-ssr\/","url":"https:\/\/syndicom.ch\/fr\/communique-de-presse\/rejet-net-de-linitiative-anti-ssr\/","name":"Rejet net de l\u2019initiative anti-SSR - syndicom","isPartOf":{"@id":"https:\/\/syndicom.ch\/fr\/#website"},"primaryImageOfPage":{"@id":"https:\/\/syndicom.ch\/fr\/communique-de-presse\/rejet-net-de-linitiative-anti-ssr\/#primaryimage"},"image":{"@id":"https:\/\/syndicom.ch\/fr\/communique-de-presse\/rejet-net-de-linitiative-anti-ssr\/#primaryimage"},"thumbnailUrl":"https:\/\/syndicom.ch\/app\/uploads\/2026\/03\/Abstimmungsfest_Halbierungsinitiative-2.jpg","datePublished":"2026-03-08T12:47:55+00:00","dateModified":"2026-03-13T09:49:11+00:00","description":"Le peuple suisse a clairement refus\u00e9 l\u2019initiative \u00ab\u00a0200 francs, \u00e7a suffit\u00a0\u00bb, le 8 mars. Un d\u00e9mant\u00e8lement massif du service public est \u00e9vit\u00e9.","breadcrumb":{"@id":"https:\/\/syndicom.ch\/fr\/communique-de-presse\/rejet-net-de-linitiative-anti-ssr\/#breadcrumb"},"inLanguage":"fr-FR","potentialAction":[{"@type":"ReadAction","target":["https:\/\/syndicom.ch\/fr\/communique-de-presse\/rejet-net-de-linitiative-anti-ssr\/"]}]},{"@type":"ImageObject","inLanguage":"fr-FR","@id":"https:\/\/syndicom.ch\/fr\/communique-de-presse\/rejet-net-de-linitiative-anti-ssr\/#primaryimage","url":"https:\/\/syndicom.ch\/app\/uploads\/2026\/03\/Abstimmungsfest_Halbierungsinitiative-2.jpg","contentUrl":"https:\/\/syndicom.ch\/app\/uploads\/2026\/03\/Abstimmungsfest_Halbierungsinitiative-2.jpg"},{"@type":"BreadcrumbList","@id":"https:\/\/syndicom.ch\/fr\/communique-de-presse\/rejet-net-de-linitiative-anti-ssr\/#breadcrumb","itemListElement":[{"@type":"ListItem","position":1,"name":"Page d'accueil","item":"https:\/\/syndicom.ch\/fr\/"},{"@type":"ListItem","position":2,"name":"Rejet net de l\u2019initiative anti-SSR"}]},{"@type":"WebSite","@id":"https:\/\/syndicom.ch\/fr\/#website","url":"https:\/\/syndicom.ch\/fr\/","name":"syndicom","description":"","publisher":{"@id":"https:\/\/syndicom.ch\/fr\/#organization"},"potentialAction":[{"@type":"SearchAction","target":{"@type":"EntryPoint","urlTemplate":"https:\/\/syndicom.ch\/fr\/?s={search_term_string}"},"query-input":{"@type":"PropertyValueSpecification","valueRequired":true,"valueName":"search_term_string"}}],"inLanguage":"fr-FR"},{"@type":"Organization","@id":"https:\/\/syndicom.ch\/fr\/#organization","name":"syndicom","url":"https:\/\/syndicom.ch\/fr\/","logo":{"@type":"ImageObject","inLanguage":"fr-FR","@id":"https:\/\/syndicom.ch\/fr\/#\/schema\/logo\/image\/","url":"https:\/\/syndicom.ch\/app\/uploads\/2024\/06\/logo.svg","contentUrl":"https:\/\/syndicom.ch\/app\/uploads\/2024\/06\/logo.svg","width":297,"height":51,"caption":"syndicom"},"image":{"@id":"https:\/\/syndicom.ch\/fr\/#\/schema\/logo\/image\/"}}]}},"_links":{"self":[{"href":"https:\/\/syndicom.ch\/fr\/wp-json\/wp\/v2\/pressrelease\/59147","targetHints":{"allow":["GET"]}}],"collection":[{"href":"https:\/\/syndicom.ch\/fr\/wp-json\/wp\/v2\/pressrelease"}],"about":[{"href":"https:\/\/syndicom.ch\/fr\/wp-json\/wp\/v2\/types\/pressrelease"}],"author":[{"embeddable":true,"href":"https:\/\/syndicom.ch\/fr\/wp-json\/wp\/v2\/users\/3"}],"version-history":[{"count":11,"href":"https:\/\/syndicom.ch\/fr\/wp-json\/wp\/v2\/pressrelease\/59147\/revisions"}],"predecessor-version":[{"id":59533,"href":"https:\/\/syndicom.ch\/fr\/wp-json\/wp\/v2\/pressrelease\/59147\/revisions\/59533"}],"wp:attachment":[{"href":"https:\/\/syndicom.ch\/fr\/wp-json\/wp\/v2\/media?parent=59147"}],"wp:term":[{"taxonomy":"pressrelease-category","embeddable":true,"href":"https:\/\/syndicom.ch\/fr\/wp-json\/wp\/v2\/pressrelease-category?post=59147"}],"curies":[{"name":"wp","href":"https:\/\/api.w.org\/{rel}","templated":true}]}}