{"id":59465,"date":"2026-03-12T11:02:45","date_gmt":"2026-03-12T10:02:45","guid":{"rendered":"https:\/\/syndicom.ch\/?post_type=pressrelease&#038;p=59465"},"modified":"2026-04-10T11:15:10","modified_gmt":"2026-04-10T09:15:10","slug":"resultat-exploitation-poste-et-nouveau-ceo","status":"publish","type":"pressrelease","link":"https:\/\/syndicom.ch\/fr\/communique-de-presse\/resultat-exploitation-poste-et-nouveau-ceo\/","title":{"rendered":"Carton jaune pour le nouveau CEO du \u00ab g\u00e9ant jaune \u00bb"},"content":{"rendered":"\n<div class=\"wp-block-group alignfull has-background-color has-primary-background-color has-text-color has-background has-link-color wp-elements-3313531ade330781bdb675aae361ed9f is-layout-constrained wp-block-group-is-layout-constrained\">\n<div class=\"wp-block-group is-style-narrow is-layout-constrained wp-block-group-is-layout-constrained\">\n<div class=\"wp-block-group pressrelease-meta is-nowrap is-layout-flex wp-container-core-group-is-layout-ad2f72ca wp-block-group-is-layout-flex\"><div class=\"wp-block-post-date\"><time datetime=\"2026-03-12T11:02:45+01:00\">12 mars 2026<\/time><\/div><\/div>\n\n\n\n<h1 class=\"wp-block-heading\" style=\"font-size:53px\">Carton jaune pour le nouveau CEO du \u00ab g\u00e9ant jaune \u00bb<\/h1>\n\n\n\n<div class=\"wp-block-columns is-layout-flex wp-container-core-columns-is-layout-9d6595d7 wp-block-columns-is-layout-flex\">\n<div class=\"wp-block-column is-layout-flow wp-block-column-is-layout-flow\" style=\"flex-basis:70%\">\n<p class=\"is-style-lead\">La Poste Suisse SA pr\u00e9sente un b\u00e9n\u00e9fice juteux au d\u00e9triment du personnel. Le syndicat syndicom critique que le nouveau CEO, malgr\u00e9 des r\u00e9sultats satisfaisants, entende poursuivre une politique d\u2019\u00e9conomies d\u00e9pourvue d\u2019imagination. syndicom annonce qu\u2019il s\u2019opposera \u00e0 tout d\u00e9mant\u00e8lement : la Suisse a besoin de plus, pas de moins de service public.<\/p>\n<\/div>\n<\/div>\n<\/div>\n<\/div>\n\n\n\n<div class=\"wp-block-group alignfull has-background-background-color has-background is-layout-constrained wp-block-group-is-layout-constrained\">\n<div class=\"wp-block-group is-style-narrow is-layout-constrained wp-block-group-is-layout-constrained\">\n<div class=\"wp-block-columns has-foreground-background-color has-background is-layout-flex wp-container-core-columns-is-layout-9d6595d7 wp-block-columns-is-layout-flex\">\n<div class=\"wp-block-column is-layout-flow wp-block-column-is-layout-flow\">\n<p class=\"has-background-color has-text-color has-link-color wp-elements-20f65b7c255e34f8cae64ce63542f1a1\">11 mars 2026 | syndicom est boulevers\u00e9 par l\u2019incendie tragique d\u2019un car postal \u00e0 Chi\u00e8tres, mardi. Nous portons le deuil de notre coll\u00e8gue qui a perdu la vie dans cette incendie. Nos pens\u00e9es vont \u00e0 toutes les victimes et \u00e0 leurs proches, \u00e0 qui nous adressons nos sinc\u00e8res condol\u00e9ances.<\/p>\n<\/div>\n<\/div>\n\n\n\n<p>Aujourd\u2019hui, les responsables de la Poste ont pr\u00e9sent\u00e9 le r\u00e9sultat d\u2019exploitation 2025. Dans le m\u00eame temps, le nouveau CEO de la Poste a fait sa premi\u00e8re d\u00e9claration et pr\u00e9sent\u00e9 la voie que compte suivre le \u00ab g\u00e9ant jaune \u00bb sous sa direction.<\/p>\n\n\n\n<p> Aux yeux des <a href=\"https:\/\/syndicom.ch\/fr\/offres-par-metier\/poste\/\" type=\"page\" id=\"16595\" target=\"_blank\" rel=\"noreferrer noopener\">employ\u00e9-es de la Poste<\/a>, il est positif de vouloir rechercher un renforcement du service public par des investissements dans l\u2019activit\u00e9 de base. Le service public peut avoir un co\u00fbt, parce qu\u2019il renforce la coh\u00e9sion nationale. Le dernier week-end de votation a clairement montr\u00e9 que la population suisse soutient un service public bien d\u00e9velopp\u00e9 et accessible \u00e0 toutes et tous. La tendance des derni\u00e8res ann\u00e9es, marqu\u00e9e par un d\u00e9mant\u00e8lement constant des prestations dans le service postal universel, doit enfin \u00eatre stopp\u00e9e.<\/p>\n\n\n\n<h2 class=\"wp-block-heading\"><strong>Profit au d\u00e9triment des employ\u00e9-es de la Poste<\/strong><\/h2>\n\n\n\n<p>Pour le syndicat syndicom, il est extr\u00eamement choquant que la Poste ait effectivement \u00e9t\u00e9 en mesure de verser&nbsp;un dividende en millions de francs \u00e0 trois chiffres au propri\u00e9taire. Une certaine retenue et plus de tact auraient \u00e9t\u00e9 de mise ici. Car derri\u00e8re ce bilan annuel positif se trouvent de nombreux destins humains et la suppression d\u2019emplois de qualit\u00e9 : entre autres, le licenciement des employ\u00e9-es de Notime SA ou de PostFinance SA, la d\u00e9localisation d\u2019emplois dans l\u2019informatique au Portugal ou les fermetures d\u2019entreprises qui ont concern\u00e9 les employ\u00e9-es des centres de tri du courrier de Gossau et Kriens. Par ailleurs, les <a href=\"https:\/\/syndicom.ch\/fr\/offres-par-metier\/poste\/\" type=\"page\" id=\"16595\" target=\"_blank\" rel=\"noreferrer noopener\">employ\u00e9-es de la Poste<\/a> doivent accepter cette ann\u00e9e des augmentations de salaire d\u00e9risoires. C\u2019est du profit au d\u00e9triment des salari\u00e9-es et, du point de vue du propri\u00e9taire, un non-sens socio-politique.&nbsp;<\/p>\n\n\n\n<p>Dominik Dietrich, secr\u00e9taire central du syndicat syndicom, est pr\u00e9occup\u00e9 :<\/p>\n\n\n<div class=\"wp-block-quote-wrapper\">\n<blockquote class=\"wp-block-quote is-layout-flow wp-block-quote-is-layout-flow\">\n<p>Le nouveau CEO semble manquer de fantaisie lorsque, \u00e0 sa premi\u00e8re apparition, malgr\u00e9 des b\u00e9n\u00e9fices juteux, il annonce d\u00e9j\u00e0 les prochaines mesures d\u2019\u00e9conomie. Pour cette raison, nous lui pr\u00e9sentons un carton jaune. Le syndicat syndicom s\u2019opposera \u00e0 chaque licenciement et \u00e0 toute externalisation.<\/p>\n<\/blockquote>\n<\/div>\n\n\n<p>En ce qui concerne les mesures d\u2019efficience \u00e9voqu\u00e9es, vou\u00e9es \u00e0 simplifier les processus dans les domaines internes, syndicom attend une implication tr\u00e8s \u00e9troite des partenaires sociaux et une responsabilit\u00e9 sociale maximale de la part de l\u2019employeuse.<\/p>\n\n\n\n<h2 class=\"wp-block-heading\"><strong>Oui au service public num\u00e9rique, mais il doit \u00eatre au service des humains<\/strong><\/h2>\n\n\n\n<p>Le syndicat syndicom attend que la Poste continue d\u2019investir dans les domaines d\u2019avenir, dont font aussi partie les services num\u00e9riques. Mais cette num\u00e9risation doit \u00eatre au service des humains \u2013 de la population et des travailleur-euses \u2013, et pas l\u2019inverse. Les gains de productivit\u00e9 qui en r\u00e9sultent doivent \u00eatre r\u00e9partis \u00e9quitablement.<\/p>\n\n\n\n<p>Dominik Dietrich d\u2019ajouter :<\/p>\n\n\n<div class=\"wp-block-quote-wrapper\">\n<blockquote class=\"wp-block-quote is-layout-flow wp-block-quote-is-layout-flow\">\n<p>Le syndicat syndicom attend du nouveau CEO qu\u2019il soit tr\u00e8s conscient de la responsabilit\u00e9 sociale particuli\u00e8re qui incombe \u00e0 une entreprise \u00e9tatique. Non seulement nous le lui rappellerons r\u00e9guli\u00e8rement, mais nous l\u2019\u00e9valuerons surtout en fonction de la mani\u00e8re dont il traite ses <a href=\"https:\/\/syndicom.ch\/fr\/offres-par-metier\/poste\/\" type=\"page\" id=\"16595\" target=\"_blank\" rel=\"noreferrer noopener\">employ\u00e9-es<\/a> et la fortune publique qu\u2019il g\u00e8re.<\/p>\n<\/blockquote>\n<\/div><\/div>\n<\/div>\n","protected":false},"excerpt":{"rendered":"<p>La Poste Suisse SA fait des profits au d\u00e9triment du personnel. syndicom critique cette situation et annonce qu&rsquo;il va s&rsquo;y opposer.<\/p>\n","protected":false},"author":3,"featured_media":43746,"template":"","meta":{"_acf_changed":false,"inline_featured_image":false,"_coblocks_attr":"","_coblocks_dimensions":"","_coblocks_responsive_height":"","_coblocks_accordion_ie_support":"","footnotes":""},"pressrelease-category":[120,113],"class_list":["post-59465","pressrelease","type-pressrelease","status-publish","has-post-thumbnail","hentry","pressrelease-category-medienmitteilung-fr","pressrelease-category-logistik-fr"],"acf":[],"yoast_head":"<!-- This site is optimized with the Yoast SEO plugin v27.3 - https:\/\/yoast.com\/product\/yoast-seo-wordpress\/ -->\n<title>Carton jaune pour le nouveau CEO du \u00ab g\u00e9ant jaune \u00bb - syndicom<\/title>\n<meta name=\"description\" content=\"La Poste Suisse SA fait des profits au d\u00e9triment du personnel. syndicom critique cette situation et annonce qu&#039;il va s&#039;y opposer.\" \/>\n<meta name=\"robots\" content=\"index, follow, max-snippet:-1, max-image-preview:large, max-video-preview:-1\" \/>\n<link rel=\"canonical\" href=\"https:\/\/syndicom.ch\/fr\/communique-de-presse\/resultat-exploitation-poste-et-nouveau-ceo\/\" \/>\n<meta property=\"og:locale\" content=\"fr_FR\" \/>\n<meta property=\"og:type\" content=\"article\" \/>\n<meta property=\"og:title\" content=\"Carton jaune pour le nouveau CEO du \u00ab g\u00e9ant jaune \u00bb - syndicom\" \/>\n<meta property=\"og:description\" content=\"La Poste Suisse SA fait des profits au d\u00e9triment du personnel. syndicom critique cette situation et annonce qu&#039;il va s&#039;y opposer.\" \/>\n<meta property=\"og:url\" content=\"https:\/\/syndicom.ch\/fr\/communique-de-presse\/resultat-exploitation-poste-et-nouveau-ceo\/\" \/>\n<meta property=\"og:site_name\" content=\"syndicom\" \/>\n<meta property=\"article:modified_time\" content=\"2026-04-10T09:15:10+00:00\" \/>\n<meta property=\"og:image\" content=\"https:\/\/syndicom.ch\/app\/uploads\/2025\/07\/gewerkschaft-syndicom-post-logo-symbolbild-scaled.jpg\" \/>\n\t<meta property=\"og:image:width\" content=\"2560\" \/>\n\t<meta property=\"og:image:height\" content=\"1707\" \/>\n\t<meta property=\"og:image:type\" content=\"image\/jpeg\" \/>\n<meta name=\"twitter:card\" content=\"summary_large_image\" \/>\n<meta name=\"twitter:label1\" content=\"Dur\u00e9e de lecture estim\u00e9e\" \/>\n\t<meta name=\"twitter:data1\" content=\"3 minutes\" \/>\n<script type=\"application\/ld+json\" class=\"yoast-schema-graph\">{\"@context\":\"https:\\\/\\\/schema.org\",\"@graph\":[{\"@type\":\"WebPage\",\"@id\":\"https:\\\/\\\/syndicom.ch\\\/fr\\\/communique-de-presse\\\/resultat-exploitation-poste-et-nouveau-ceo\\\/\",\"url\":\"https:\\\/\\\/syndicom.ch\\\/fr\\\/communique-de-presse\\\/resultat-exploitation-poste-et-nouveau-ceo\\\/\",\"name\":\"Carton jaune pour le nouveau CEO du \u00ab g\u00e9ant jaune \u00bb - syndicom\",\"isPartOf\":{\"@id\":\"https:\\\/\\\/syndicom.ch\\\/fr\\\/#website\"},\"primaryImageOfPage\":{\"@id\":\"https:\\\/\\\/syndicom.ch\\\/fr\\\/communique-de-presse\\\/resultat-exploitation-poste-et-nouveau-ceo\\\/#primaryimage\"},\"image\":{\"@id\":\"https:\\\/\\\/syndicom.ch\\\/fr\\\/communique-de-presse\\\/resultat-exploitation-poste-et-nouveau-ceo\\\/#primaryimage\"},\"thumbnailUrl\":\"https:\\\/\\\/syndicom.ch\\\/app\\\/uploads\\\/2025\\\/07\\\/gewerkschaft-syndicom-post-logo-symbolbild-scaled.jpg\",\"datePublished\":\"2026-03-12T10:02:45+00:00\",\"dateModified\":\"2026-04-10T09:15:10+00:00\",\"description\":\"La Poste Suisse SA fait des profits au d\u00e9triment du personnel. syndicom critique cette situation et annonce qu'il va s'y opposer.\",\"breadcrumb\":{\"@id\":\"https:\\\/\\\/syndicom.ch\\\/fr\\\/communique-de-presse\\\/resultat-exploitation-poste-et-nouveau-ceo\\\/#breadcrumb\"},\"inLanguage\":\"fr-FR\",\"potentialAction\":[{\"@type\":\"ReadAction\",\"target\":[\"https:\\\/\\\/syndicom.ch\\\/fr\\\/communique-de-presse\\\/resultat-exploitation-poste-et-nouveau-ceo\\\/\"]}]},{\"@type\":\"ImageObject\",\"inLanguage\":\"fr-FR\",\"@id\":\"https:\\\/\\\/syndicom.ch\\\/fr\\\/communique-de-presse\\\/resultat-exploitation-poste-et-nouveau-ceo\\\/#primaryimage\",\"url\":\"https:\\\/\\\/syndicom.ch\\\/app\\\/uploads\\\/2025\\\/07\\\/gewerkschaft-syndicom-post-logo-symbolbild-scaled.jpg\",\"contentUrl\":\"https:\\\/\\\/syndicom.ch\\\/app\\\/uploads\\\/2025\\\/07\\\/gewerkschaft-syndicom-post-logo-symbolbild-scaled.jpg\",\"width\":2560,\"height\":1707},{\"@type\":\"BreadcrumbList\",\"@id\":\"https:\\\/\\\/syndicom.ch\\\/fr\\\/communique-de-presse\\\/resultat-exploitation-poste-et-nouveau-ceo\\\/#breadcrumb\",\"itemListElement\":[{\"@type\":\"ListItem\",\"position\":1,\"name\":\"Page d'accueil\",\"item\":\"https:\\\/\\\/syndicom.ch\\\/fr\\\/\"},{\"@type\":\"ListItem\",\"position\":2,\"name\":\"Carton jaune pour le nouveau CEO du \u00ab g\u00e9ant jaune \u00bb\"}]},{\"@type\":\"WebSite\",\"@id\":\"https:\\\/\\\/syndicom.ch\\\/fr\\\/#website\",\"url\":\"https:\\\/\\\/syndicom.ch\\\/fr\\\/\",\"name\":\"syndicom\",\"description\":\"\",\"publisher\":{\"@id\":\"https:\\\/\\\/syndicom.ch\\\/fr\\\/#organization\"},\"potentialAction\":[{\"@type\":\"SearchAction\",\"target\":{\"@type\":\"EntryPoint\",\"urlTemplate\":\"https:\\\/\\\/syndicom.ch\\\/fr\\\/?s={search_term_string}\"},\"query-input\":{\"@type\":\"PropertyValueSpecification\",\"valueRequired\":true,\"valueName\":\"search_term_string\"}}],\"inLanguage\":\"fr-FR\"},{\"@type\":\"Organization\",\"@id\":\"https:\\\/\\\/syndicom.ch\\\/fr\\\/#organization\",\"name\":\"syndicom\",\"url\":\"https:\\\/\\\/syndicom.ch\\\/fr\\\/\",\"logo\":{\"@type\":\"ImageObject\",\"inLanguage\":\"fr-FR\",\"@id\":\"https:\\\/\\\/syndicom.ch\\\/fr\\\/#\\\/schema\\\/logo\\\/image\\\/\",\"url\":\"https:\\\/\\\/syndicom.ch\\\/app\\\/uploads\\\/2024\\\/06\\\/logo.svg\",\"contentUrl\":\"https:\\\/\\\/syndicom.ch\\\/app\\\/uploads\\\/2024\\\/06\\\/logo.svg\",\"width\":297,\"height\":51,\"caption\":\"syndicom\"},\"image\":{\"@id\":\"https:\\\/\\\/syndicom.ch\\\/fr\\\/#\\\/schema\\\/logo\\\/image\\\/\"}}]}<\/script>\n<!-- \/ Yoast SEO plugin. -->","yoast_head_json":{"title":"Carton jaune pour le nouveau CEO du \u00ab g\u00e9ant jaune \u00bb - syndicom","description":"La Poste Suisse SA fait des profits au d\u00e9triment du personnel. syndicom critique cette situation et annonce qu'il va s'y opposer.","robots":{"index":"index","follow":"follow","max-snippet":"max-snippet:-1","max-image-preview":"max-image-preview:large","max-video-preview":"max-video-preview:-1"},"canonical":"https:\/\/syndicom.ch\/fr\/communique-de-presse\/resultat-exploitation-poste-et-nouveau-ceo\/","og_locale":"fr_FR","og_type":"article","og_title":"Carton jaune pour le nouveau CEO du \u00ab g\u00e9ant jaune \u00bb - syndicom","og_description":"La Poste Suisse SA fait des profits au d\u00e9triment du personnel. syndicom critique cette situation et annonce qu'il va s'y opposer.","og_url":"https:\/\/syndicom.ch\/fr\/communique-de-presse\/resultat-exploitation-poste-et-nouveau-ceo\/","og_site_name":"syndicom","article_modified_time":"2026-04-10T09:15:10+00:00","og_image":[{"width":2560,"height":1707,"url":"https:\/\/syndicom.ch\/app\/uploads\/2025\/07\/gewerkschaft-syndicom-post-logo-symbolbild-scaled.jpg","type":"image\/jpeg"}],"twitter_card":"summary_large_image","twitter_misc":{"Dur\u00e9e de lecture estim\u00e9e":"3 minutes"},"schema":{"@context":"https:\/\/schema.org","@graph":[{"@type":"WebPage","@id":"https:\/\/syndicom.ch\/fr\/communique-de-presse\/resultat-exploitation-poste-et-nouveau-ceo\/","url":"https:\/\/syndicom.ch\/fr\/communique-de-presse\/resultat-exploitation-poste-et-nouveau-ceo\/","name":"Carton jaune pour le nouveau CEO du \u00ab g\u00e9ant jaune \u00bb - syndicom","isPartOf":{"@id":"https:\/\/syndicom.ch\/fr\/#website"},"primaryImageOfPage":{"@id":"https:\/\/syndicom.ch\/fr\/communique-de-presse\/resultat-exploitation-poste-et-nouveau-ceo\/#primaryimage"},"image":{"@id":"https:\/\/syndicom.ch\/fr\/communique-de-presse\/resultat-exploitation-poste-et-nouveau-ceo\/#primaryimage"},"thumbnailUrl":"https:\/\/syndicom.ch\/app\/uploads\/2025\/07\/gewerkschaft-syndicom-post-logo-symbolbild-scaled.jpg","datePublished":"2026-03-12T10:02:45+00:00","dateModified":"2026-04-10T09:15:10+00:00","description":"La Poste Suisse SA fait des profits au d\u00e9triment du personnel. syndicom critique cette situation et annonce qu'il va s'y opposer.","breadcrumb":{"@id":"https:\/\/syndicom.ch\/fr\/communique-de-presse\/resultat-exploitation-poste-et-nouveau-ceo\/#breadcrumb"},"inLanguage":"fr-FR","potentialAction":[{"@type":"ReadAction","target":["https:\/\/syndicom.ch\/fr\/communique-de-presse\/resultat-exploitation-poste-et-nouveau-ceo\/"]}]},{"@type":"ImageObject","inLanguage":"fr-FR","@id":"https:\/\/syndicom.ch\/fr\/communique-de-presse\/resultat-exploitation-poste-et-nouveau-ceo\/#primaryimage","url":"https:\/\/syndicom.ch\/app\/uploads\/2025\/07\/gewerkschaft-syndicom-post-logo-symbolbild-scaled.jpg","contentUrl":"https:\/\/syndicom.ch\/app\/uploads\/2025\/07\/gewerkschaft-syndicom-post-logo-symbolbild-scaled.jpg","width":2560,"height":1707},{"@type":"BreadcrumbList","@id":"https:\/\/syndicom.ch\/fr\/communique-de-presse\/resultat-exploitation-poste-et-nouveau-ceo\/#breadcrumb","itemListElement":[{"@type":"ListItem","position":1,"name":"Page d'accueil","item":"https:\/\/syndicom.ch\/fr\/"},{"@type":"ListItem","position":2,"name":"Carton jaune pour le nouveau CEO du \u00ab g\u00e9ant jaune \u00bb"}]},{"@type":"WebSite","@id":"https:\/\/syndicom.ch\/fr\/#website","url":"https:\/\/syndicom.ch\/fr\/","name":"syndicom","description":"","publisher":{"@id":"https:\/\/syndicom.ch\/fr\/#organization"},"potentialAction":[{"@type":"SearchAction","target":{"@type":"EntryPoint","urlTemplate":"https:\/\/syndicom.ch\/fr\/?s={search_term_string}"},"query-input":{"@type":"PropertyValueSpecification","valueRequired":true,"valueName":"search_term_string"}}],"inLanguage":"fr-FR"},{"@type":"Organization","@id":"https:\/\/syndicom.ch\/fr\/#organization","name":"syndicom","url":"https:\/\/syndicom.ch\/fr\/","logo":{"@type":"ImageObject","inLanguage":"fr-FR","@id":"https:\/\/syndicom.ch\/fr\/#\/schema\/logo\/image\/","url":"https:\/\/syndicom.ch\/app\/uploads\/2024\/06\/logo.svg","contentUrl":"https:\/\/syndicom.ch\/app\/uploads\/2024\/06\/logo.svg","width":297,"height":51,"caption":"syndicom"},"image":{"@id":"https:\/\/syndicom.ch\/fr\/#\/schema\/logo\/image\/"}}]}},"_links":{"self":[{"href":"https:\/\/syndicom.ch\/fr\/wp-json\/wp\/v2\/pressrelease\/59465","targetHints":{"allow":["GET"]}}],"collection":[{"href":"https:\/\/syndicom.ch\/fr\/wp-json\/wp\/v2\/pressrelease"}],"about":[{"href":"https:\/\/syndicom.ch\/fr\/wp-json\/wp\/v2\/types\/pressrelease"}],"author":[{"embeddable":true,"href":"https:\/\/syndicom.ch\/fr\/wp-json\/wp\/v2\/users\/3"}],"version-history":[{"count":6,"href":"https:\/\/syndicom.ch\/fr\/wp-json\/wp\/v2\/pressrelease\/59465\/revisions"}],"predecessor-version":[{"id":60724,"href":"https:\/\/syndicom.ch\/fr\/wp-json\/wp\/v2\/pressrelease\/59465\/revisions\/60724"}],"wp:featuredmedia":[{"embeddable":true,"href":"https:\/\/syndicom.ch\/fr\/wp-json\/wp\/v2\/media\/43746"}],"wp:attachment":[{"href":"https:\/\/syndicom.ch\/fr\/wp-json\/wp\/v2\/media?parent=59465"}],"wp:term":[{"taxonomy":"pressrelease-category","embeddable":true,"href":"https:\/\/syndicom.ch\/fr\/wp-json\/wp\/v2\/pressrelease-category?post=59465"}],"curies":[{"name":"wp","href":"https:\/\/api.w.org\/{rel}","templated":true}]}}