{"id":6273,"date":"2024-10-11T13:38:04","date_gmt":"2024-10-11T11:38:04","guid":{"rendered":"https:\/\/projects.atxeit.ch\/syndicom\/?post_type=pressrelease&#038;p=6273"},"modified":"2025-10-08T10:15:36","modified_gmt":"2025-10-08T08:15:36","slug":"pas-de-licenciement-chez-carpostal","status":"publish","type":"pressrelease","link":"https:\/\/syndicom.ch\/fr\/communique-de-presse\/pas-de-licenciement-chez-carpostal\/","title":{"rendered":"Pas de licenciement chez CarPostal !"},"content":{"rendered":"\n<div class=\"wp-block-group alignfull has-background-color has-primary-background-color has-text-color has-background has-link-color wp-elements-3313531ade330781bdb675aae361ed9f is-layout-constrained wp-block-group-is-layout-constrained\">\n<div class=\"wp-block-group is-style-narrow is-layout-constrained wp-block-group-is-layout-constrained\">\n<div class=\"wp-block-group pressrelease-meta is-nowrap is-layout-flex wp-container-core-group-is-layout-ad2f72ca wp-block-group-is-layout-flex\"><div class=\"wp-block-post-date\"><time datetime=\"2024-10-11T13:38:04+02:00\">11 octobre 2024<\/time><\/div><\/div>\n\n\n\n<h1 class=\"wp-block-heading\" style=\"font-size:53px\">Pas de licenciement chez CarPostal !<\/h1>\n\n\n\n<div class=\"wp-block-columns is-layout-flex wp-container-core-columns-is-layout-9d6595d7 wp-block-columns-is-layout-flex\">\n<div class=\"wp-block-column is-layout-flow wp-block-column-is-layout-flow\" style=\"flex-basis:70%\">\n<p class=\"is-style-lead\">Plans de d\u00e9mant\u00e8lement de CarPostal: syndicom exige l\u2019arr\u00eat de la proc\u00e9dure de consultation! Les adaptations structurelles annonc\u00e9es par CarPostal SA ne sont pas m\u00fbres et il manque une base s\u00e9rieuse pour qu\u2019une proc\u00e9dure de consultation ait lieu. Si CarPostal n\u2019est pas en mesure de fournir cette base dans un bref d\u00e9lai, syndicom exige que la proc\u00e9dure de consultation soit stopp\u00e9e.<\/p>\n<\/div>\n<\/div>\n<\/div>\n<\/div>\n\n\n\n<div class=\"wp-block-group alignfull has-background-background-color has-background is-layout-constrained wp-block-group-is-layout-constrained\">\n<div class=\"wp-block-group is-style-narrow is-layout-constrained wp-block-group-is-layout-constrained\">\n<p><a href=\"https:\/\/syndicom.ch\/fr\/entree-glossaire\/carpostal\/\" target=\"_blank\" rel=\"noreferrer noopener\">CarPostal SA<\/a> a annonc\u00e9 aujourd\u2019hui qu\u2019elle allait adapter ses structures dans les domaines du management et de l\u2019administration. Il pourrait en r\u00e9sulter jusqu\u2019\u00e0 70\u00a0licenciements et 200\u00a0adaptations de contrats de travail. Une proc\u00e9dure de consultation a \u00e9t\u00e9 lanc\u00e9e.<\/p>\n\n\n\n<p>syndicom conteste les plans de CarPostal qu\u2019il estime absolument non aboutis. Par exemple, on ne sait pas encore comment les adaptations structurelles pr\u00e9vues se r\u00e9percuteront sur les structures r\u00e9gionales et sur la r\u00e9partition territoriale de CarPostal. syndicom a d\u00e9j\u00e0 demand\u00e9 \u00e0 CarPostal des informations plus concr\u00e8tes, notamment sur le cercle \u00e9ventuel des personnes concern\u00e9es.<\/p>\n\n\n\n<p>Selon Manuel Wyss, membre du comit\u00e9 directeur de syndicom:<\/p>\n\n\n<div class=\"wp-block-quote-wrapper\">\n<blockquote class=\"wp-block-quote is-layout-flow wp-block-quote-is-layout-flow\">\n<p>C\u2019est irresponsable d\u2019annoncer des licenciements reposant sur une base aussi incertaine. Aucune proc\u00e9dure de consultation s\u00e9rieuse ne peut avoir lieu de cette mani\u00e8re. On dirait que les plans sont pr\u00e9cipit\u00e9s et qu\u2019ils doivent de toute \u00e9vidence passer en vitesse avant le d\u00e9part du CEO.<\/p>\n<\/blockquote>\n<\/div>\n\n\n<p>Annoncer des licenciements et des adaptations de contrats sur cette base non aboutie n\u2019est pas s\u00e9rieux. De m\u00eame, les plans n\u2019offrent pas une base solide pour une proc\u00e9dure de consultation conforme aux exigences l\u00e9gales. De plus, il est pr\u00e9vu que la proc\u00e9dure de consultation ne dure que trois semaines, ce qui est totalement insuffisant au vu des impr\u00e9cisions d\u00e9crites.<\/p>\n\n\n\n<p>Le fait que la Poste cherche \u00e0 justifier ses plans dans son propre communiqu\u00e9 de presse en invoquant les propositions d\u2019\u00e9conomies absurdes du Conseil f\u00e9d\u00e9ral dans le domaine des transports publics constitue une plaisanterie, d\u2019autant plus que le dernier mot n\u2019a pas encore \u00e9t\u00e9 dit dans ce domaine sur le plan politique.<\/p>\n\n\n\n<p>syndicom exige la suspension de la proc\u00e9dure de consultation si CarPostal SA n\u2019est pas en mesure de fournir dans un bref d\u00e9lai des bases concr\u00e8tes et fond\u00e9es pour sa mise en \u0153uvre. Si les bases requises sont effectivement fournies, le d\u00e9lai de consultation devra \u00eatre consid\u00e9rablement prolong\u00e9.<\/p>\n\n\n\n<p>Pour syndicom, il est de toute fa\u00e7on clair que les licenciements et les d\u00e9t\u00e9riorations des contrats de travail existants sont inacceptables.<\/p>\n<\/div>\n<\/div>\n","protected":false},"excerpt":{"rendered":"<p>syndicom trouve que les plans de CarPostal ne sont pas bien pens\u00e9s et demande qu&rsquo;on arr\u00eate la proc\u00e9dure de consultation.<\/p>\n","protected":false},"author":2,"featured_media":43737,"template":"","meta":{"_acf_changed":false,"inline_featured_image":false,"_coblocks_attr":"","_coblocks_dimensions":"","_coblocks_responsive_height":"","_coblocks_accordion_ie_support":"","footnotes":""},"pressrelease-category":[120,113],"class_list":["post-6273","pressrelease","type-pressrelease","status-publish","has-post-thumbnail","hentry","pressrelease-category-medienmitteilung-fr","pressrelease-category-logistik-fr"],"acf":[],"yoast_head":"<!-- This site is optimized with the Yoast SEO plugin v27.3 - https:\/\/yoast.com\/product\/yoast-seo-wordpress\/ -->\n<title>Pas de licenciement chez CarPostal ! - syndicom<\/title>\n<meta name=\"description\" content=\"syndicom trouve que les plans de CarPostal ne sont pas bien pens\u00e9s et demande qu&#039;on arr\u00eate la proc\u00e9dure de consultation.\" \/>\n<meta name=\"robots\" content=\"index, follow, max-snippet:-1, max-image-preview:large, max-video-preview:-1\" \/>\n<link rel=\"canonical\" href=\"https:\/\/syndicom.ch\/fr\/communique-de-presse\/pas-de-licenciement-chez-carpostal\/\" \/>\n<meta property=\"og:locale\" content=\"fr_FR\" \/>\n<meta property=\"og:type\" content=\"article\" \/>\n<meta property=\"og:title\" content=\"Pas de licenciement chez CarPostal ! - syndicom\" \/>\n<meta property=\"og:description\" content=\"syndicom trouve que les plans de CarPostal ne sont pas bien pens\u00e9s et demande qu&#039;on arr\u00eate la proc\u00e9dure de consultation.\" \/>\n<meta property=\"og:url\" content=\"https:\/\/syndicom.ch\/fr\/communique-de-presse\/pas-de-licenciement-chez-carpostal\/\" \/>\n<meta property=\"og:site_name\" content=\"syndicom\" \/>\n<meta property=\"article:modified_time\" content=\"2025-10-08T08:15:36+00:00\" \/>\n<meta property=\"og:image\" content=\"https:\/\/syndicom.ch\/app\/uploads\/2024\/10\/gewerkschaft-syndicom-postauto-symbolbild.jpg\" \/>\n\t<meta property=\"og:image:width\" content=\"2362\" \/>\n\t<meta property=\"og:image:height\" content=\"1575\" \/>\n\t<meta property=\"og:image:type\" content=\"image\/jpeg\" \/>\n<meta name=\"twitter:card\" content=\"summary_large_image\" \/>\n<meta name=\"twitter:label1\" content=\"Dur\u00e9e de lecture estim\u00e9e\" \/>\n\t<meta name=\"twitter:data1\" content=\"2 minutes\" \/>\n<script type=\"application\/ld+json\" class=\"yoast-schema-graph\">{\"@context\":\"https:\\\/\\\/schema.org\",\"@graph\":[{\"@type\":\"WebPage\",\"@id\":\"https:\\\/\\\/syndicom.ch\\\/fr\\\/communique-de-presse\\\/pas-de-licenciement-chez-carpostal\\\/\",\"url\":\"https:\\\/\\\/syndicom.ch\\\/fr\\\/communique-de-presse\\\/pas-de-licenciement-chez-carpostal\\\/\",\"name\":\"Pas de licenciement chez CarPostal ! - syndicom\",\"isPartOf\":{\"@id\":\"https:\\\/\\\/syndicom.ch\\\/fr\\\/#website\"},\"primaryImageOfPage\":{\"@id\":\"https:\\\/\\\/syndicom.ch\\\/fr\\\/communique-de-presse\\\/pas-de-licenciement-chez-carpostal\\\/#primaryimage\"},\"image\":{\"@id\":\"https:\\\/\\\/syndicom.ch\\\/fr\\\/communique-de-presse\\\/pas-de-licenciement-chez-carpostal\\\/#primaryimage\"},\"thumbnailUrl\":\"https:\\\/\\\/syndicom.ch\\\/app\\\/uploads\\\/2024\\\/10\\\/gewerkschaft-syndicom-postauto-symbolbild.jpg\",\"datePublished\":\"2024-10-11T11:38:04+00:00\",\"dateModified\":\"2025-10-08T08:15:36+00:00\",\"description\":\"syndicom trouve que les plans de CarPostal ne sont pas bien pens\u00e9s et demande qu'on arr\u00eate la proc\u00e9dure de consultation.\",\"breadcrumb\":{\"@id\":\"https:\\\/\\\/syndicom.ch\\\/fr\\\/communique-de-presse\\\/pas-de-licenciement-chez-carpostal\\\/#breadcrumb\"},\"inLanguage\":\"fr-FR\",\"potentialAction\":[{\"@type\":\"ReadAction\",\"target\":[\"https:\\\/\\\/syndicom.ch\\\/fr\\\/communique-de-presse\\\/pas-de-licenciement-chez-carpostal\\\/\"]}]},{\"@type\":\"ImageObject\",\"inLanguage\":\"fr-FR\",\"@id\":\"https:\\\/\\\/syndicom.ch\\\/fr\\\/communique-de-presse\\\/pas-de-licenciement-chez-carpostal\\\/#primaryimage\",\"url\":\"https:\\\/\\\/syndicom.ch\\\/app\\\/uploads\\\/2024\\\/10\\\/gewerkschaft-syndicom-postauto-symbolbild.jpg\",\"contentUrl\":\"https:\\\/\\\/syndicom.ch\\\/app\\\/uploads\\\/2024\\\/10\\\/gewerkschaft-syndicom-postauto-symbolbild.jpg\",\"width\":2362,\"height\":1575},{\"@type\":\"BreadcrumbList\",\"@id\":\"https:\\\/\\\/syndicom.ch\\\/fr\\\/communique-de-presse\\\/pas-de-licenciement-chez-carpostal\\\/#breadcrumb\",\"itemListElement\":[{\"@type\":\"ListItem\",\"position\":1,\"name\":\"Page d'accueil\",\"item\":\"https:\\\/\\\/syndicom.ch\\\/fr\\\/\"},{\"@type\":\"ListItem\",\"position\":2,\"name\":\"Pas de licenciement chez CarPostal !\"}]},{\"@type\":\"WebSite\",\"@id\":\"https:\\\/\\\/syndicom.ch\\\/fr\\\/#website\",\"url\":\"https:\\\/\\\/syndicom.ch\\\/fr\\\/\",\"name\":\"syndicom\",\"description\":\"\",\"publisher\":{\"@id\":\"https:\\\/\\\/syndicom.ch\\\/fr\\\/#organization\"},\"potentialAction\":[{\"@type\":\"SearchAction\",\"target\":{\"@type\":\"EntryPoint\",\"urlTemplate\":\"https:\\\/\\\/syndicom.ch\\\/fr\\\/?s={search_term_string}\"},\"query-input\":{\"@type\":\"PropertyValueSpecification\",\"valueRequired\":true,\"valueName\":\"search_term_string\"}}],\"inLanguage\":\"fr-FR\"},{\"@type\":\"Organization\",\"@id\":\"https:\\\/\\\/syndicom.ch\\\/fr\\\/#organization\",\"name\":\"syndicom\",\"url\":\"https:\\\/\\\/syndicom.ch\\\/fr\\\/\",\"logo\":{\"@type\":\"ImageObject\",\"inLanguage\":\"fr-FR\",\"@id\":\"https:\\\/\\\/syndicom.ch\\\/fr\\\/#\\\/schema\\\/logo\\\/image\\\/\",\"url\":\"https:\\\/\\\/syndicom.ch\\\/app\\\/uploads\\\/2024\\\/06\\\/logo.svg\",\"contentUrl\":\"https:\\\/\\\/syndicom.ch\\\/app\\\/uploads\\\/2024\\\/06\\\/logo.svg\",\"width\":297,\"height\":51,\"caption\":\"syndicom\"},\"image\":{\"@id\":\"https:\\\/\\\/syndicom.ch\\\/fr\\\/#\\\/schema\\\/logo\\\/image\\\/\"}}]}<\/script>\n<!-- \/ Yoast SEO plugin. -->","yoast_head_json":{"title":"Pas de licenciement chez CarPostal ! - syndicom","description":"syndicom trouve que les plans de CarPostal ne sont pas bien pens\u00e9s et demande qu'on arr\u00eate la proc\u00e9dure de consultation.","robots":{"index":"index","follow":"follow","max-snippet":"max-snippet:-1","max-image-preview":"max-image-preview:large","max-video-preview":"max-video-preview:-1"},"canonical":"https:\/\/syndicom.ch\/fr\/communique-de-presse\/pas-de-licenciement-chez-carpostal\/","og_locale":"fr_FR","og_type":"article","og_title":"Pas de licenciement chez CarPostal ! - syndicom","og_description":"syndicom trouve que les plans de CarPostal ne sont pas bien pens\u00e9s et demande qu'on arr\u00eate la proc\u00e9dure de consultation.","og_url":"https:\/\/syndicom.ch\/fr\/communique-de-presse\/pas-de-licenciement-chez-carpostal\/","og_site_name":"syndicom","article_modified_time":"2025-10-08T08:15:36+00:00","og_image":[{"width":2362,"height":1575,"url":"https:\/\/syndicom.ch\/app\/uploads\/2024\/10\/gewerkschaft-syndicom-postauto-symbolbild.jpg","type":"image\/jpeg"}],"twitter_card":"summary_large_image","twitter_misc":{"Dur\u00e9e de lecture estim\u00e9e":"2 minutes"},"schema":{"@context":"https:\/\/schema.org","@graph":[{"@type":"WebPage","@id":"https:\/\/syndicom.ch\/fr\/communique-de-presse\/pas-de-licenciement-chez-carpostal\/","url":"https:\/\/syndicom.ch\/fr\/communique-de-presse\/pas-de-licenciement-chez-carpostal\/","name":"Pas de licenciement chez CarPostal ! - syndicom","isPartOf":{"@id":"https:\/\/syndicom.ch\/fr\/#website"},"primaryImageOfPage":{"@id":"https:\/\/syndicom.ch\/fr\/communique-de-presse\/pas-de-licenciement-chez-carpostal\/#primaryimage"},"image":{"@id":"https:\/\/syndicom.ch\/fr\/communique-de-presse\/pas-de-licenciement-chez-carpostal\/#primaryimage"},"thumbnailUrl":"https:\/\/syndicom.ch\/app\/uploads\/2024\/10\/gewerkschaft-syndicom-postauto-symbolbild.jpg","datePublished":"2024-10-11T11:38:04+00:00","dateModified":"2025-10-08T08:15:36+00:00","description":"syndicom trouve que les plans de CarPostal ne sont pas bien pens\u00e9s et demande qu'on arr\u00eate la proc\u00e9dure de consultation.","breadcrumb":{"@id":"https:\/\/syndicom.ch\/fr\/communique-de-presse\/pas-de-licenciement-chez-carpostal\/#breadcrumb"},"inLanguage":"fr-FR","potentialAction":[{"@type":"ReadAction","target":["https:\/\/syndicom.ch\/fr\/communique-de-presse\/pas-de-licenciement-chez-carpostal\/"]}]},{"@type":"ImageObject","inLanguage":"fr-FR","@id":"https:\/\/syndicom.ch\/fr\/communique-de-presse\/pas-de-licenciement-chez-carpostal\/#primaryimage","url":"https:\/\/syndicom.ch\/app\/uploads\/2024\/10\/gewerkschaft-syndicom-postauto-symbolbild.jpg","contentUrl":"https:\/\/syndicom.ch\/app\/uploads\/2024\/10\/gewerkschaft-syndicom-postauto-symbolbild.jpg","width":2362,"height":1575},{"@type":"BreadcrumbList","@id":"https:\/\/syndicom.ch\/fr\/communique-de-presse\/pas-de-licenciement-chez-carpostal\/#breadcrumb","itemListElement":[{"@type":"ListItem","position":1,"name":"Page d'accueil","item":"https:\/\/syndicom.ch\/fr\/"},{"@type":"ListItem","position":2,"name":"Pas de licenciement chez CarPostal !"}]},{"@type":"WebSite","@id":"https:\/\/syndicom.ch\/fr\/#website","url":"https:\/\/syndicom.ch\/fr\/","name":"syndicom","description":"","publisher":{"@id":"https:\/\/syndicom.ch\/fr\/#organization"},"potentialAction":[{"@type":"SearchAction","target":{"@type":"EntryPoint","urlTemplate":"https:\/\/syndicom.ch\/fr\/?s={search_term_string}"},"query-input":{"@type":"PropertyValueSpecification","valueRequired":true,"valueName":"search_term_string"}}],"inLanguage":"fr-FR"},{"@type":"Organization","@id":"https:\/\/syndicom.ch\/fr\/#organization","name":"syndicom","url":"https:\/\/syndicom.ch\/fr\/","logo":{"@type":"ImageObject","inLanguage":"fr-FR","@id":"https:\/\/syndicom.ch\/fr\/#\/schema\/logo\/image\/","url":"https:\/\/syndicom.ch\/app\/uploads\/2024\/06\/logo.svg","contentUrl":"https:\/\/syndicom.ch\/app\/uploads\/2024\/06\/logo.svg","width":297,"height":51,"caption":"syndicom"},"image":{"@id":"https:\/\/syndicom.ch\/fr\/#\/schema\/logo\/image\/"}}]}},"_links":{"self":[{"href":"https:\/\/syndicom.ch\/fr\/wp-json\/wp\/v2\/pressrelease\/6273","targetHints":{"allow":["GET"]}}],"collection":[{"href":"https:\/\/syndicom.ch\/fr\/wp-json\/wp\/v2\/pressrelease"}],"about":[{"href":"https:\/\/syndicom.ch\/fr\/wp-json\/wp\/v2\/types\/pressrelease"}],"author":[{"embeddable":true,"href":"https:\/\/syndicom.ch\/fr\/wp-json\/wp\/v2\/users\/2"}],"version-history":[{"count":5,"href":"https:\/\/syndicom.ch\/fr\/wp-json\/wp\/v2\/pressrelease\/6273\/revisions"}],"predecessor-version":[{"id":47797,"href":"https:\/\/syndicom.ch\/fr\/wp-json\/wp\/v2\/pressrelease\/6273\/revisions\/47797"}],"wp:featuredmedia":[{"embeddable":true,"href":"https:\/\/syndicom.ch\/fr\/wp-json\/wp\/v2\/media\/43737"}],"wp:attachment":[{"href":"https:\/\/syndicom.ch\/fr\/wp-json\/wp\/v2\/media?parent=6273"}],"wp:term":[{"taxonomy":"pressrelease-category","embeddable":true,"href":"https:\/\/syndicom.ch\/fr\/wp-json\/wp\/v2\/pressrelease-category?post=6273"}],"curies":[{"name":"wp","href":"https:\/\/api.w.org\/{rel}","templated":true}]}}