{"id":3796,"date":"2019-10-01T15:58:00","date_gmt":"2019-10-01T13:58:00","guid":{"rendered":"https:\/\/projects.atxeit.ch\/syndicom\/?post_type=article&#038;p=3796"},"modified":"2025-05-21T16:16:59","modified_gmt":"2025-05-21T14:16:59","slug":"disponibilita-dopo-la-fine-del-lavoro","status":"publish","type":"article","link":"https:\/\/syndicom.ch\/it\/articolo-guida\/disponibilita-dopo-la-fine-del-lavoro\/","title":{"rendered":"Disponibilit\u00e0 dopo la fine del lavoro"},"content":{"rendered":"\n<div class=\"wp-block-group alignfull has-background-color has-primary-background-color has-text-color has-background has-link-color wp-elements-91cb3e4f03c162aeafb88dafe504af8a is-layout-constrained wp-block-group-is-layout-constrained\">\n<div class=\"wp-block-group is-style-narrow is-layout-constrained wp-block-group-is-layout-constrained\">\n<p class=\"is-style-lead\">Lavoro presso un\u2019agenzia grafica da luned\u00ec a venerd\u00ec (dalle ore 8 alle 17). La mia superiore spesso mi chiama sul cellulare aziendale dopo la fine del lavoro.<\/p>\n<\/div>\n<\/div>\n\n\n\n<div class=\"wp-block-group alignfull has-background-background-color has-background is-layout-constrained wp-block-group-is-layout-constrained\">\n<div class=\"wp-block-group is-style-narrow is-layout-constrained wp-block-group-is-layout-constrained\">\n<h3 class=\"wp-block-heading\"><strong>\u00c8 autorizzata a farlo? E io ho l\u2019obbligo di rispondere al cellulare aziendale? Devo richiamarla la sera stessa?<\/strong><\/h3>\n\n\n\n<p>In Svizzera la legge sul lavoro non prevede un \u00abdiritto a staccare la spina\u00bb. In linea di massima il dipendente deve stare a disposizione ed essere rintracciabile dal datore di lavoro solo durante gli orari di lavoro definiti. Possono essere concordate eccezioni nel contratto o fatte eccezioni in casi di emergenza. <\/p>\n\n\n\n<p>Se un datore di lavoro chiede a un dipendente di essere raggiungibile anche dopo la\u00a0fine del lavoro e questo non \u00e8 stato concordato per contratto o non rappresenta un\u2019emergenza, il dipendente ha il diritto di rifiutarsi. Qualora sussista un obbligo contrattuale di essere rintracciabile in determinati orari fuori dai turni stabiliti, questa disponibilit\u00e0 va retribuita (in maniera ridotta).<\/p>\n\n\n\n<h3 class=\"wp-block-heading\"><strong>Queste telefonate serali a volte durano anche pi\u00f9 di due ore. Quali conseguenze devo mettere in conto se mi rifiutassi di tenere dei colloqui telefonici lavorativi di questa entit\u00e0 dopo la fine del lavoro?<\/strong><\/h3>\n\n\n\n<p>Il rifiuto \u00e8 legittimo se le telefonate avvengono al di fuori degli orari stabiliti per contratto e se non si tratta di un\u2019emergenza, dunque di un\u2019eccezione. <\/p>\n\n\n\n<p>Inoltre, dovresti chiedere che questi impieghi straordinari ti vengano accreditati e retribuiti come tempo di lavoro, al limite anche con la maggiorazione dello straordinario. <\/p>\n\n\n\n<p>In extremis, se si arrivasse al licenziamento, quest\u2019ultimo sarebbe anche gravemente discriminatorio. <\/p>\n\n\n\n<h3 class=\"wp-block-heading\"><strong>Questa settimana la mia preposta mi ha inviato una mail alle ore 23 con la documentazione che serviva per prepararmi per una riunione del giorno dopo. Ho dovuto lavorare di notte per prepararmi. Ero obbligata a farlo?<\/strong><\/h3>\n\n\n\n<p>La legge sul lavoro vieta il lavoro notturno \u2013 ovvero tra le ore 23 e 6 \u2013 non autorizzato. Ci\u00f2 malgrado, la tua superiore \u00e8 libera di mandarti una mail anche dopo le 23 (nonostante sia quanto meno maleducato), ma non pu\u00f2 certo esigere che tu te ne occupi subito. <\/p>\n\n\n\n<p>Qui entra in gioco anche l\u2019autoresponsabilit\u00e0 del dipendente: controlla le tue mail di lavoro solo nel tuo orario di lavoro o negli orari stabiliti per contratto, ma di sicuro non la sera tardi. <strong>Mica sei il CEO, giusto?<\/strong><\/p>\n\n\n\n<h3 class=\"wp-block-heading\"><strong>La mia capa mi manda spesso delle e-mail in tarda serata. Devo sempre essere reperibile e rispondere immediatamente a queste e-mail?&nbsp;<\/strong><\/h3>\n\n\n\n<p>No, non devi essere sempre disponibile, bens\u00ec soltanto durante le ore di lavoro stabilite.<\/p>\n\n\n\n<p>Se un datore di lavoro richiede a un dipendente di essere disponibile la sera dopo l\u2019orario di lavoro senza un accordo contrattuale e al di fuori delle emergenze, ci\u00f2 pu\u00f2 essere rifiutato. <\/p>\n\n\n\n<p>Se gli orari di lavoro non vengono definiti contrattualmente e non si devono rispettare gli orari di presenza fissi presso l\u2019azienda o in servizio, occorre osservare in ogni caso le disposizioni di legge riguardanti i periodi di riposo, il lavoro notturno e le pause. <\/p>\n\n\n\n<p>Di conseguenza, non \u00e8 necessario rispondere lo stesso giorno a un\u2019e-mail che arriva alla sera dopo il lavoro, a meno che non ci sia un\u2019emergenza. \u00a0<\/p>\n<\/div>\n<\/div>\n","protected":false},"excerpt":{"rendered":"<p>Lavoro presso un\u2019agenzia grafica da luned\u00ec a venerd\u00ec (dalle ore 8 alle 17). La mia superiore spesso mi chiama sul cellulare aziendale dopo la fine del lavoro. \u00c8 autorizzata a farlo? E io ho l\u2019obbligo di rispondere al cellulare aziendale? Devo richiamarla la sera stessa? In Svizzera la legge sul lavoro non prevede un \u00abdiritto [&hellip;]<\/p>\n","protected":false},"featured_media":0,"template":"","meta":{"_acf_changed":false,"inline_featured_image":false,"_coblocks_attr":"","_coblocks_dimensions":"","_coblocks_responsive_height":"","_coblocks_accordion_ie_support":"","footnotes":""},"article-category":[310],"class_list":["post-3796","article","type-article","status-publish","hentry","article-category-vacanze-libero"],"acf":[],"yoast_head":"<!-- This site is optimized with the Yoast SEO plugin v27.3 - https:\/\/yoast.com\/product\/yoast-seo-wordpress\/ -->\n<title>Disponibilit\u00e0 dopo la fine del lavoro - syndicom<\/title>\n<meta name=\"description\" content=\"Devo sempre essere disponibile per il mio datore di lavoro, anche dopo la fine del lavoro? Il sindacato syndicom lo spiega.\" \/>\n<meta name=\"robots\" content=\"index, follow, max-snippet:-1, max-image-preview:large, max-video-preview:-1\" \/>\n<link rel=\"canonical\" href=\"https:\/\/syndicom.ch\/it\/articolo-guida\/disponibilita-dopo-la-fine-del-lavoro\/\" \/>\n<meta property=\"og:locale\" content=\"it_IT\" \/>\n<meta property=\"og:type\" content=\"article\" \/>\n<meta property=\"og:title\" content=\"Disponibilit\u00e0 dopo la fine del lavoro - syndicom\" \/>\n<meta property=\"og:description\" content=\"Devo sempre essere disponibile per il mio datore di lavoro, anche dopo la fine del lavoro? Il sindacato syndicom lo spiega.\" \/>\n<meta property=\"og:url\" content=\"https:\/\/syndicom.ch\/it\/articolo-guida\/disponibilita-dopo-la-fine-del-lavoro\/\" \/>\n<meta property=\"og:site_name\" content=\"syndicom\" \/>\n<meta property=\"article:modified_time\" content=\"2025-05-21T14:16:59+00:00\" \/>\n<meta name=\"twitter:card\" content=\"summary_large_image\" \/>\n<meta name=\"twitter:label1\" content=\"Tempo di lettura stimato\" \/>\n\t<meta name=\"twitter:data1\" content=\"3 minuti\" \/>\n<script type=\"application\/ld+json\" class=\"yoast-schema-graph\">{\"@context\":\"https:\\\/\\\/schema.org\",\"@graph\":[{\"@type\":\"WebPage\",\"@id\":\"https:\\\/\\\/syndicom.ch\\\/it\\\/articolo-guida\\\/disponibilita-dopo-la-fine-del-lavoro\\\/\",\"url\":\"https:\\\/\\\/syndicom.ch\\\/it\\\/articolo-guida\\\/disponibilita-dopo-la-fine-del-lavoro\\\/\",\"name\":\"Disponibilit\u00e0 dopo la fine del lavoro - syndicom\",\"isPartOf\":{\"@id\":\"https:\\\/\\\/syndicom.ch\\\/it\\\/#website\"},\"datePublished\":\"2019-10-01T13:58:00+00:00\",\"dateModified\":\"2025-05-21T14:16:59+00:00\",\"description\":\"Devo sempre essere disponibile per il mio datore di lavoro, anche dopo la fine del lavoro? Il sindacato syndicom lo spiega.\",\"breadcrumb\":{\"@id\":\"https:\\\/\\\/syndicom.ch\\\/it\\\/articolo-guida\\\/disponibilita-dopo-la-fine-del-lavoro\\\/#breadcrumb\"},\"inLanguage\":\"it-IT\",\"potentialAction\":[{\"@type\":\"ReadAction\",\"target\":[\"https:\\\/\\\/syndicom.ch\\\/it\\\/articolo-guida\\\/disponibilita-dopo-la-fine-del-lavoro\\\/\"]}]},{\"@type\":\"BreadcrumbList\",\"@id\":\"https:\\\/\\\/syndicom.ch\\\/it\\\/articolo-guida\\\/disponibilita-dopo-la-fine-del-lavoro\\\/#breadcrumb\",\"itemListElement\":[{\"@type\":\"ListItem\",\"position\":1,\"name\":\"Pagina iniziale\",\"item\":\"https:\\\/\\\/syndicom.ch\\\/it\\\/\"},{\"@type\":\"ListItem\",\"position\":2,\"name\":\"Disponibilit\u00e0 dopo la fine del lavoro\"}]},{\"@type\":\"WebSite\",\"@id\":\"https:\\\/\\\/syndicom.ch\\\/it\\\/#website\",\"url\":\"https:\\\/\\\/syndicom.ch\\\/it\\\/\",\"name\":\"syndicom\",\"description\":\"\",\"publisher\":{\"@id\":\"https:\\\/\\\/syndicom.ch\\\/it\\\/#organization\"},\"potentialAction\":[{\"@type\":\"SearchAction\",\"target\":{\"@type\":\"EntryPoint\",\"urlTemplate\":\"https:\\\/\\\/syndicom.ch\\\/it\\\/?s={search_term_string}\"},\"query-input\":{\"@type\":\"PropertyValueSpecification\",\"valueRequired\":true,\"valueName\":\"search_term_string\"}}],\"inLanguage\":\"it-IT\"},{\"@type\":\"Organization\",\"@id\":\"https:\\\/\\\/syndicom.ch\\\/it\\\/#organization\",\"name\":\"syndicom\",\"url\":\"https:\\\/\\\/syndicom.ch\\\/it\\\/\",\"logo\":{\"@type\":\"ImageObject\",\"inLanguage\":\"it-IT\",\"@id\":\"https:\\\/\\\/syndicom.ch\\\/it\\\/#\\\/schema\\\/logo\\\/image\\\/\",\"url\":\"https:\\\/\\\/syndicom.ch\\\/app\\\/uploads\\\/2024\\\/06\\\/logo.svg\",\"contentUrl\":\"https:\\\/\\\/syndicom.ch\\\/app\\\/uploads\\\/2024\\\/06\\\/logo.svg\",\"width\":297,\"height\":51,\"caption\":\"syndicom\"},\"image\":{\"@id\":\"https:\\\/\\\/syndicom.ch\\\/it\\\/#\\\/schema\\\/logo\\\/image\\\/\"}}]}<\/script>\n<!-- \/ Yoast SEO plugin. -->","yoast_head_json":{"title":"Disponibilit\u00e0 dopo la fine del lavoro - syndicom","description":"Devo sempre essere disponibile per il mio datore di lavoro, anche dopo la fine del lavoro? Il sindacato syndicom lo spiega.","robots":{"index":"index","follow":"follow","max-snippet":"max-snippet:-1","max-image-preview":"max-image-preview:large","max-video-preview":"max-video-preview:-1"},"canonical":"https:\/\/syndicom.ch\/it\/articolo-guida\/disponibilita-dopo-la-fine-del-lavoro\/","og_locale":"it_IT","og_type":"article","og_title":"Disponibilit\u00e0 dopo la fine del lavoro - syndicom","og_description":"Devo sempre essere disponibile per il mio datore di lavoro, anche dopo la fine del lavoro? Il sindacato syndicom lo spiega.","og_url":"https:\/\/syndicom.ch\/it\/articolo-guida\/disponibilita-dopo-la-fine-del-lavoro\/","og_site_name":"syndicom","article_modified_time":"2025-05-21T14:16:59+00:00","twitter_card":"summary_large_image","twitter_misc":{"Tempo di lettura stimato":"3 minuti"},"schema":{"@context":"https:\/\/schema.org","@graph":[{"@type":"WebPage","@id":"https:\/\/syndicom.ch\/it\/articolo-guida\/disponibilita-dopo-la-fine-del-lavoro\/","url":"https:\/\/syndicom.ch\/it\/articolo-guida\/disponibilita-dopo-la-fine-del-lavoro\/","name":"Disponibilit\u00e0 dopo la fine del lavoro - syndicom","isPartOf":{"@id":"https:\/\/syndicom.ch\/it\/#website"},"datePublished":"2019-10-01T13:58:00+00:00","dateModified":"2025-05-21T14:16:59+00:00","description":"Devo sempre essere disponibile per il mio datore di lavoro, anche dopo la fine del lavoro? Il sindacato syndicom lo spiega.","breadcrumb":{"@id":"https:\/\/syndicom.ch\/it\/articolo-guida\/disponibilita-dopo-la-fine-del-lavoro\/#breadcrumb"},"inLanguage":"it-IT","potentialAction":[{"@type":"ReadAction","target":["https:\/\/syndicom.ch\/it\/articolo-guida\/disponibilita-dopo-la-fine-del-lavoro\/"]}]},{"@type":"BreadcrumbList","@id":"https:\/\/syndicom.ch\/it\/articolo-guida\/disponibilita-dopo-la-fine-del-lavoro\/#breadcrumb","itemListElement":[{"@type":"ListItem","position":1,"name":"Pagina iniziale","item":"https:\/\/syndicom.ch\/it\/"},{"@type":"ListItem","position":2,"name":"Disponibilit\u00e0 dopo la fine del lavoro"}]},{"@type":"WebSite","@id":"https:\/\/syndicom.ch\/it\/#website","url":"https:\/\/syndicom.ch\/it\/","name":"syndicom","description":"","publisher":{"@id":"https:\/\/syndicom.ch\/it\/#organization"},"potentialAction":[{"@type":"SearchAction","target":{"@type":"EntryPoint","urlTemplate":"https:\/\/syndicom.ch\/it\/?s={search_term_string}"},"query-input":{"@type":"PropertyValueSpecification","valueRequired":true,"valueName":"search_term_string"}}],"inLanguage":"it-IT"},{"@type":"Organization","@id":"https:\/\/syndicom.ch\/it\/#organization","name":"syndicom","url":"https:\/\/syndicom.ch\/it\/","logo":{"@type":"ImageObject","inLanguage":"it-IT","@id":"https:\/\/syndicom.ch\/it\/#\/schema\/logo\/image\/","url":"https:\/\/syndicom.ch\/app\/uploads\/2024\/06\/logo.svg","contentUrl":"https:\/\/syndicom.ch\/app\/uploads\/2024\/06\/logo.svg","width":297,"height":51,"caption":"syndicom"},"image":{"@id":"https:\/\/syndicom.ch\/it\/#\/schema\/logo\/image\/"}}]}},"_links":{"self":[{"href":"https:\/\/syndicom.ch\/it\/wp-json\/wp\/v2\/article\/3796","targetHints":{"allow":["GET"]}}],"collection":[{"href":"https:\/\/syndicom.ch\/it\/wp-json\/wp\/v2\/article"}],"about":[{"href":"https:\/\/syndicom.ch\/it\/wp-json\/wp\/v2\/types\/article"}],"version-history":[{"count":12,"href":"https:\/\/syndicom.ch\/it\/wp-json\/wp\/v2\/article\/3796\/revisions"}],"predecessor-version":[{"id":37401,"href":"https:\/\/syndicom.ch\/it\/wp-json\/wp\/v2\/article\/3796\/revisions\/37401"}],"wp:attachment":[{"href":"https:\/\/syndicom.ch\/it\/wp-json\/wp\/v2\/media?parent=3796"}],"wp:term":[{"taxonomy":"article-category","embeddable":true,"href":"https:\/\/syndicom.ch\/it\/wp-json\/wp\/v2\/article-category?post=3796"}],"curies":[{"name":"wp","href":"https:\/\/api.w.org\/{rel}","templated":true}]}}