{"id":3920,"date":"2023-11-01T14:12:40","date_gmt":"2023-11-01T13:12:40","guid":{"rendered":"https:\/\/projects.atxeit.ch\/syndicom\/?post_type=article&#038;p=3920"},"modified":"2025-05-20T12:09:17","modified_gmt":"2025-05-20T10:09:17","slug":"diritti-come-praticante","status":"publish","type":"article","link":"https:\/\/syndicom.ch\/it\/articolo-guida\/diritti-come-praticante\/","title":{"rendered":"I miei diritti come praticante"},"content":{"rendered":"\n<div class=\"wp-block-group alignfull has-background-color has-primary-background-color has-text-color has-background has-link-color wp-elements-ea344238bedf66b5b07bbcde85f549e0 is-layout-constrained wp-block-group-is-layout-constrained\">\n<div class=\"wp-block-group is-style-narrow is-layout-constrained wp-block-group-is-layout-constrained\">\n<p class=\"is-style-lead\">Nell&#8217;estate del 2022 ho conseguito il bachelor in Graphic Design. Poich\u00e9 in seguito non sono riuscita a trovare lavoro come grafica, all&#8217;inizio dell&#8217;anno ho iniziato un lavoro come praticante\u00a0nella prestampa di una tipografia. Era previsto un praticantatodi sei mesi, al termine del quale la tipografia avrebbe voluto assumermi a tempo indeterminato. <\/p>\n<\/div>\n<\/div>\n\n\n\n<div class=\"wp-block-group alignfull has-background-background-color has-background is-layout-constrained wp-block-group-is-layout-constrained\">\n<div class=\"wp-block-group is-style-narrow is-layout-constrained wp-block-group-is-layout-constrained\">\n<h3 class=\"wp-block-heading\"><strong>Quali diritti ho come praticante?<\/strong><\/h3>\n\n\n\n<p>Poich\u00e9 non esistono norme legali che regolano il rapporto di lavoro durante un praticantato, \u00e8 sempre consigliabile insistere su un contratto di praticantato scritto. Questo dovrebbe disciplinare i punti essenziali del contratto, in particolare lo stipendio, il periodo di prova e le possibilit\u00e0 di disdetta, che non sono previsti dalla legge nel caso di rapporti di lavoro a tempo determinato. <\/p>\n\n\n\n<p>In assenza di un contratto di praticantato, tu in veste di praticante \u2013 come tutti i dipendenti \u2013 hai diritto per legge a vacanze pagate, a un certificato di lavoro, al rispetto dell&#8217;orario di lavoro settimanale massimo e alla copertura assicurativa contro gli infortuni. Se il carico di lavoro \u00e8 superiore alle otto ore settimanali, \u00e8 obbligatoria anche l&#8217;assicurazione contro gli infortuni non professionali. <\/p>\n\n\n\n<p>Inoltre, se l&#8217;azienda rientra nel campo d\u2019applicazione del <a href=\"https:\/\/syndicom.ch\/it\/voce-glossario\/industria-grafica\/\" target=\"_blank\" rel=\"noreferrer noopener\">contratto collettivo di lavoro per l&#8217;industria grafica<\/a>, queste disposizioni si applicano anche ai praticanti. Secondo tale CCL, i praticantihanno diritto a minimo cinque settimane di vacanze per anno solare e l\u2019orario di lavoro massimo previsto \u00e8 di 40 ore settimanali.<\/p>\n\n\n\n<h3 class=\"wp-block-heading\"><strong>A giugno, al posto di un contratto a tempo indeterminato, il capo mi ha offerto un altro contratto di praticantato di tre mesi alle stesse condizioni. Dopo sei mesi di esperienza professionale, non ho diritto a un&#8217;assunzione a tempo indeterminato e a un salario pi\u00f9 elevato?<\/strong><\/h3>\n\n\n\n<p>Per sei mesi hai svolto il lavoro previsto dal contratto di praticantato, quindi il datore di lavoro deve giustificare il motivo per cui le tue prestazioni non sono sufficienti per un\u2019assunzione a tempo indeterminato. Perci\u00f2, in un contratto di praticantato si dovrebbero specificare pure gli obiettivi. Anche la retribuzione non \u00e8 regolata dalla legge. Poich\u00e9 il carattere formativo nel praticantato \u00e8 di centrale importanza, una retribuzione inferiore \u00e8 giustificata. Il salario per il praticantato \u00e8 una questione meramente negoziale. <\/p>\n\n\n\n<p>Se si applica <a href=\"https:\/\/syndicom.ch\/it\/contratti-collettivi-di-lavoro-ccl\/\" target=\"_blank\" rel=\"noreferrer noopener\">il CCL<\/a>, si possono eventualmente utilizzare come base di negoziazione le disposizioni relative ai salari dei lavoratori non qualificati e degli apprendisti. In ogni caso, \u00e8 importante orientarsi ai salari del settore.<\/p>\n\n\n\n<h3 class=\"wp-block-heading\"><strong>A settembre mi \u00e8 stato offerto un nuovo contratto di praticantato. \u00c8 consentito?<\/strong><\/h3>\n\n\n\n<p>Un praticantato ha finalit\u00e0 formative. Non \u00e8 quindi consentito svolgere pi\u00f9 praticantati consecutivi presso la stessa azienda, nello stesso ambito lavorativo e alle stesse condizioni di lavoro. Analogamente ala giurisprudenza del Tribunale federale concernente i rapporti di lavoro a tempo determinato, trattasi nella fattispecie di contratti di lavoro consecutivi vietati. In questo modo si eludono i diritti legali a tutela dei dipendenti. <\/p>\n\n\n\n<p>Puoi difenderti da questa situazione e, se sei membro del sindacato, syndicom sar\u00e0 lieto di consigliarti. Anche la nostra <a href=\"https:\/\/syndicom.ch\/it\/giovani\/\" target=\"_blank\" rel=\"noreferrer noopener\">segretaria dei giovani<\/a> si adopera contro questi abusi.<\/p>\n<\/div>\n<\/div>\n","protected":false},"excerpt":{"rendered":"<p>Nell&#8217;estate del 2022 ho conseguito il bachelor in Graphic Design. Poich\u00e9 in seguito non sono riuscita a trovare lavoro come grafica, all&#8217;inizio dell&#8217;anno ho iniziato un lavoro come praticante\u00a0nella prestampa di una tipografia. Era previsto un praticantatodi sei mesi, al termine del quale la tipografia avrebbe voluto assumermi a tempo indeterminato. Quali diritti ho come [&hellip;]<\/p>\n","protected":false},"featured_media":0,"template":"","meta":{"_acf_changed":false,"inline_featured_image":false,"_coblocks_attr":"","_coblocks_dimensions":"","_coblocks_responsive_height":"","_coblocks_accordion_ie_support":"","footnotes":""},"article-category":[320,311],"class_list":["post-3920","article","type-article","status-publish","hentry","article-category-formazione","article-category-giovani"],"acf":[],"yoast_head":"<!-- This site is optimized with the Yoast SEO plugin v27.3 - https:\/\/yoast.com\/product\/yoast-seo-wordpress\/ -->\n<title>I miei diritti come praticante - syndicom<\/title>\n<meta name=\"description\" content=\"Quali sono i miei diritti come praticante? Cosa dice il contratto collettivo di lavoro (CCL)? Il sindacato syndicom ti d\u00e0 tutte le info.\" \/>\n<meta name=\"robots\" content=\"index, follow, max-snippet:-1, max-image-preview:large, max-video-preview:-1\" \/>\n<link rel=\"canonical\" href=\"https:\/\/syndicom.ch\/it\/articolo-guida\/diritti-come-praticante\/\" \/>\n<meta property=\"og:locale\" content=\"it_IT\" \/>\n<meta property=\"og:type\" content=\"article\" \/>\n<meta property=\"og:title\" content=\"I miei diritti come praticante - syndicom\" \/>\n<meta property=\"og:description\" content=\"Quali sono i miei diritti come praticante? Cosa dice il contratto collettivo di lavoro (CCL)? Il sindacato syndicom ti d\u00e0 tutte le info.\" \/>\n<meta property=\"og:url\" content=\"https:\/\/syndicom.ch\/it\/articolo-guida\/diritti-come-praticante\/\" \/>\n<meta property=\"og:site_name\" content=\"syndicom\" \/>\n<meta property=\"article:modified_time\" content=\"2025-05-20T10:09:17+00:00\" \/>\n<meta name=\"twitter:card\" content=\"summary_large_image\" \/>\n<meta name=\"twitter:label1\" content=\"Tempo di lettura stimato\" \/>\n\t<meta name=\"twitter:data1\" content=\"3 minuti\" \/>\n<script type=\"application\/ld+json\" class=\"yoast-schema-graph\">{\"@context\":\"https:\\\/\\\/schema.org\",\"@graph\":[{\"@type\":\"WebPage\",\"@id\":\"https:\\\/\\\/syndicom.ch\\\/it\\\/articolo-guida\\\/diritti-come-praticante\\\/\",\"url\":\"https:\\\/\\\/syndicom.ch\\\/it\\\/articolo-guida\\\/diritti-come-praticante\\\/\",\"name\":\"I miei diritti come praticante - syndicom\",\"isPartOf\":{\"@id\":\"https:\\\/\\\/syndicom.ch\\\/it\\\/#website\"},\"datePublished\":\"2023-11-01T13:12:40+00:00\",\"dateModified\":\"2025-05-20T10:09:17+00:00\",\"description\":\"Quali sono i miei diritti come praticante? Cosa dice il contratto collettivo di lavoro (CCL)? Il sindacato syndicom ti d\u00e0 tutte le info.\",\"breadcrumb\":{\"@id\":\"https:\\\/\\\/syndicom.ch\\\/it\\\/articolo-guida\\\/diritti-come-praticante\\\/#breadcrumb\"},\"inLanguage\":\"it-IT\",\"potentialAction\":[{\"@type\":\"ReadAction\",\"target\":[\"https:\\\/\\\/syndicom.ch\\\/it\\\/articolo-guida\\\/diritti-come-praticante\\\/\"]}]},{\"@type\":\"BreadcrumbList\",\"@id\":\"https:\\\/\\\/syndicom.ch\\\/it\\\/articolo-guida\\\/diritti-come-praticante\\\/#breadcrumb\",\"itemListElement\":[{\"@type\":\"ListItem\",\"position\":1,\"name\":\"Pagina iniziale\",\"item\":\"https:\\\/\\\/syndicom.ch\\\/it\\\/\"},{\"@type\":\"ListItem\",\"position\":2,\"name\":\"I miei diritti come praticante\"}]},{\"@type\":\"WebSite\",\"@id\":\"https:\\\/\\\/syndicom.ch\\\/it\\\/#website\",\"url\":\"https:\\\/\\\/syndicom.ch\\\/it\\\/\",\"name\":\"syndicom\",\"description\":\"\",\"publisher\":{\"@id\":\"https:\\\/\\\/syndicom.ch\\\/it\\\/#organization\"},\"potentialAction\":[{\"@type\":\"SearchAction\",\"target\":{\"@type\":\"EntryPoint\",\"urlTemplate\":\"https:\\\/\\\/syndicom.ch\\\/it\\\/?s={search_term_string}\"},\"query-input\":{\"@type\":\"PropertyValueSpecification\",\"valueRequired\":true,\"valueName\":\"search_term_string\"}}],\"inLanguage\":\"it-IT\"},{\"@type\":\"Organization\",\"@id\":\"https:\\\/\\\/syndicom.ch\\\/it\\\/#organization\",\"name\":\"syndicom\",\"url\":\"https:\\\/\\\/syndicom.ch\\\/it\\\/\",\"logo\":{\"@type\":\"ImageObject\",\"inLanguage\":\"it-IT\",\"@id\":\"https:\\\/\\\/syndicom.ch\\\/it\\\/#\\\/schema\\\/logo\\\/image\\\/\",\"url\":\"https:\\\/\\\/syndicom.ch\\\/app\\\/uploads\\\/2024\\\/06\\\/logo.svg\",\"contentUrl\":\"https:\\\/\\\/syndicom.ch\\\/app\\\/uploads\\\/2024\\\/06\\\/logo.svg\",\"width\":297,\"height\":51,\"caption\":\"syndicom\"},\"image\":{\"@id\":\"https:\\\/\\\/syndicom.ch\\\/it\\\/#\\\/schema\\\/logo\\\/image\\\/\"}}]}<\/script>\n<!-- \/ Yoast SEO plugin. -->","yoast_head_json":{"title":"I miei diritti come praticante - syndicom","description":"Quali sono i miei diritti come praticante? Cosa dice il contratto collettivo di lavoro (CCL)? Il sindacato syndicom ti d\u00e0 tutte le info.","robots":{"index":"index","follow":"follow","max-snippet":"max-snippet:-1","max-image-preview":"max-image-preview:large","max-video-preview":"max-video-preview:-1"},"canonical":"https:\/\/syndicom.ch\/it\/articolo-guida\/diritti-come-praticante\/","og_locale":"it_IT","og_type":"article","og_title":"I miei diritti come praticante - syndicom","og_description":"Quali sono i miei diritti come praticante? Cosa dice il contratto collettivo di lavoro (CCL)? Il sindacato syndicom ti d\u00e0 tutte le info.","og_url":"https:\/\/syndicom.ch\/it\/articolo-guida\/diritti-come-praticante\/","og_site_name":"syndicom","article_modified_time":"2025-05-20T10:09:17+00:00","twitter_card":"summary_large_image","twitter_misc":{"Tempo di lettura stimato":"3 minuti"},"schema":{"@context":"https:\/\/schema.org","@graph":[{"@type":"WebPage","@id":"https:\/\/syndicom.ch\/it\/articolo-guida\/diritti-come-praticante\/","url":"https:\/\/syndicom.ch\/it\/articolo-guida\/diritti-come-praticante\/","name":"I miei diritti come praticante - syndicom","isPartOf":{"@id":"https:\/\/syndicom.ch\/it\/#website"},"datePublished":"2023-11-01T13:12:40+00:00","dateModified":"2025-05-20T10:09:17+00:00","description":"Quali sono i miei diritti come praticante? Cosa dice il contratto collettivo di lavoro (CCL)? Il sindacato syndicom ti d\u00e0 tutte le info.","breadcrumb":{"@id":"https:\/\/syndicom.ch\/it\/articolo-guida\/diritti-come-praticante\/#breadcrumb"},"inLanguage":"it-IT","potentialAction":[{"@type":"ReadAction","target":["https:\/\/syndicom.ch\/it\/articolo-guida\/diritti-come-praticante\/"]}]},{"@type":"BreadcrumbList","@id":"https:\/\/syndicom.ch\/it\/articolo-guida\/diritti-come-praticante\/#breadcrumb","itemListElement":[{"@type":"ListItem","position":1,"name":"Pagina iniziale","item":"https:\/\/syndicom.ch\/it\/"},{"@type":"ListItem","position":2,"name":"I miei diritti come praticante"}]},{"@type":"WebSite","@id":"https:\/\/syndicom.ch\/it\/#website","url":"https:\/\/syndicom.ch\/it\/","name":"syndicom","description":"","publisher":{"@id":"https:\/\/syndicom.ch\/it\/#organization"},"potentialAction":[{"@type":"SearchAction","target":{"@type":"EntryPoint","urlTemplate":"https:\/\/syndicom.ch\/it\/?s={search_term_string}"},"query-input":{"@type":"PropertyValueSpecification","valueRequired":true,"valueName":"search_term_string"}}],"inLanguage":"it-IT"},{"@type":"Organization","@id":"https:\/\/syndicom.ch\/it\/#organization","name":"syndicom","url":"https:\/\/syndicom.ch\/it\/","logo":{"@type":"ImageObject","inLanguage":"it-IT","@id":"https:\/\/syndicom.ch\/it\/#\/schema\/logo\/image\/","url":"https:\/\/syndicom.ch\/app\/uploads\/2024\/06\/logo.svg","contentUrl":"https:\/\/syndicom.ch\/app\/uploads\/2024\/06\/logo.svg","width":297,"height":51,"caption":"syndicom"},"image":{"@id":"https:\/\/syndicom.ch\/it\/#\/schema\/logo\/image\/"}}]}},"_links":{"self":[{"href":"https:\/\/syndicom.ch\/it\/wp-json\/wp\/v2\/article\/3920","targetHints":{"allow":["GET"]}}],"collection":[{"href":"https:\/\/syndicom.ch\/it\/wp-json\/wp\/v2\/article"}],"about":[{"href":"https:\/\/syndicom.ch\/it\/wp-json\/wp\/v2\/types\/article"}],"version-history":[{"count":7,"href":"https:\/\/syndicom.ch\/it\/wp-json\/wp\/v2\/article\/3920\/revisions"}],"predecessor-version":[{"id":37020,"href":"https:\/\/syndicom.ch\/it\/wp-json\/wp\/v2\/article\/3920\/revisions\/37020"}],"wp:attachment":[{"href":"https:\/\/syndicom.ch\/it\/wp-json\/wp\/v2\/media?parent=3920"}],"wp:term":[{"taxonomy":"article-category","embeddable":true,"href":"https:\/\/syndicom.ch\/it\/wp-json\/wp\/v2\/article-category?post=3920"}],"curies":[{"name":"wp","href":"https:\/\/api.w.org\/{rel}","templated":true}]}}