{"id":4033,"date":"2024-04-01T13:49:00","date_gmt":"2024-04-01T11:49:00","guid":{"rendered":"https:\/\/projects.atxeit.ch\/syndicom\/?post_type=article&#038;p=4033"},"modified":"2025-05-20T11:55:40","modified_gmt":"2025-05-20T09:55:40","slug":"salario-minimo-nel-settore-dei-call-center","status":"publish","type":"article","link":"https:\/\/syndicom.ch\/it\/articolo-guida\/salario-minimo-nel-settore-dei-call-center\/","title":{"rendered":"Salario nel settore dei call center"},"content":{"rendered":"\n<div class=\"wp-block-group alignfull has-background-color has-primary-background-color has-text-color has-background has-link-color wp-elements-37764d65bce00aef27be61829b7adaf3 is-layout-constrained wp-block-group-is-layout-constrained\">\n<div class=\"wp-block-group is-style-narrow is-layout-constrained wp-block-group-is-layout-constrained\">\n<p class=\"is-style-lead\">Lavoro per un call center. I forti aumenti dei premi delle casse malati, dei generi alimentari, dell\u2019energia e dell\u2019affitto mi stanno mettendo in una situazione finanziaria precaria. Mi trovo nell\u2019impossibilit\u00e0 di pagare alcune fatture. Il mio salario non \u00e8 molto elevato. <\/p>\n<\/div>\n<\/div>\n\n\n\n<div class=\"wp-block-group alignfull has-background-background-color has-background is-layout-constrained wp-block-group-is-layout-constrained\">\n<div class=\"wp-block-group is-style-narrow is-layout-constrained wp-block-group-is-layout-constrained\">\n<h3 class=\"wp-block-heading\"><strong>Esiste un salario minimo? Ho diritto a un aumento salariale?<\/strong><\/h3>\n\n\n\n<p>Il settore dei call e dei contact center \u00e8 assoggettato a un contratto collettivo di lavoro (CCL) di obbligatoriet\u00e0 generale. Ci\u00f2 significa che il tuo datore di lavoro deve rispettare alcune delle sue disposizioni, anche se non \u00e8 membro di un\u2019associazione firmataria di questo CCL.<\/p>\n\n\n\n<h2 class=\"wp-block-heading\"><strong>Salario minimo<\/strong><\/h2>\n\n\n\n<p>L\u2019articolo 5.13 del CCL prevede un salario minimo, a seconda della tua posizione e degli anni di servizio. Il tuo datore di lavoro deve rispettare questa disposizione. Nei Cantoni in cui esiste un salario minimo (nella Svizzera francese sono i Cantoni GE, NE e JU), \u00e8 importante verificare che il tuo salario corrisponda al salario minimo cantonale. \u00c8 infatti possibile che il CCL preveda un salario minimo inferiore a quello cantonale. In questo caso per ora fa testo il salario cantonale. Attualmente \u00e8 in corso di consultazione una revisione della legge al fine di favorire i salari minimi stabiliti da un CCL di obbligatoriet\u00e0 generale.<\/p>\n\n\n\n<h2 class=\"wp-block-heading\"><strong>Aumenti salariali<\/strong><\/h2>\n\n\n\n<p>Gli aumenti salariali sono previsti dall\u2019articolo 4.4 del CCL. Le trattative salariali tra le parti firmatarie si svolgono nell\u2019ultimo trimestre di ogni anno. Esse poggiano sui salari di base individuali. I criteri decisivi per le trattative salariali sono l\u2019andamento della produttivit\u00e0, il successo dell\u2019azienda, la situazione del mercato, la parit\u00e0 di retribuzione tra uomini e donne e l\u2019andamento del costo della vita. Al di fuori di queste trattative, non \u00e8 previsto un diritto individuale a un ulteriore aumento. <\/p>\n\n\n\n<p>Puoi controllare gli aumenti sul sito <a href=\"https:\/\/gav.vollzug.ch\/?l=it\" target=\"_blank\" rel=\"noreferrer noopener\">gav.vollzug.ch<\/a>.<\/p>\n<\/div>\n<\/div>\n","protected":false},"excerpt":{"rendered":"<p>Lavoro per un call center. I forti aumenti dei premi delle casse malati, dei generi alimentari, dell\u2019energia e dell\u2019affitto mi stanno mettendo in una situazione finanziaria precaria. Mi trovo nell\u2019impossibilit\u00e0 di pagare alcune fatture. Il mio salario non \u00e8 molto elevato. Esiste un salario minimo? Ho diritto a un aumento salariale? Il settore dei call [&hellip;]<\/p>\n","protected":false},"featured_media":0,"template":"","meta":{"_acf_changed":false,"inline_featured_image":false,"_coblocks_attr":"","_coblocks_dimensions":"","_coblocks_responsive_height":"","_coblocks_accordion_ie_support":"","footnotes":""},"article-category":[315],"class_list":["post-4033","article","type-article","status-publish","hentry","article-category-salario"],"acf":[],"yoast_head":"<!-- This site is optimized with the Yoast SEO plugin v27.3 - https:\/\/yoast.com\/product\/yoast-seo-wordpress\/ -->\n<title>Salario nel settore dei call center - syndicom<\/title>\n<meta name=\"description\" content=\"Ho diritto a un salario minimo o a un aumento di stipendio come dipendente di un call center? Il sindacato syndicom ti d\u00e0 tutte le info.\" \/>\n<meta name=\"robots\" content=\"index, follow, max-snippet:-1, max-image-preview:large, max-video-preview:-1\" \/>\n<link rel=\"canonical\" href=\"https:\/\/syndicom.ch\/it\/articolo-guida\/salario-minimo-nel-settore-dei-call-center\/\" \/>\n<meta property=\"og:locale\" content=\"it_IT\" \/>\n<meta property=\"og:type\" content=\"article\" \/>\n<meta property=\"og:title\" content=\"Salario nel settore dei call center - syndicom\" \/>\n<meta property=\"og:description\" content=\"Ho diritto a un salario minimo o a un aumento di stipendio come dipendente di un call center? Il sindacato syndicom ti d\u00e0 tutte le info.\" \/>\n<meta property=\"og:url\" content=\"https:\/\/syndicom.ch\/it\/articolo-guida\/salario-minimo-nel-settore-dei-call-center\/\" \/>\n<meta property=\"og:site_name\" content=\"syndicom\" \/>\n<meta property=\"article:modified_time\" content=\"2025-05-20T09:55:40+00:00\" \/>\n<meta name=\"twitter:card\" content=\"summary_large_image\" \/>\n<meta name=\"twitter:label1\" content=\"Tempo di lettura stimato\" \/>\n\t<meta name=\"twitter:data1\" content=\"2 minuti\" \/>\n<script type=\"application\/ld+json\" class=\"yoast-schema-graph\">{\"@context\":\"https:\\\/\\\/schema.org\",\"@graph\":[{\"@type\":\"WebPage\",\"@id\":\"https:\\\/\\\/syndicom.ch\\\/it\\\/articolo-guida\\\/salario-minimo-nel-settore-dei-call-center\\\/\",\"url\":\"https:\\\/\\\/syndicom.ch\\\/it\\\/articolo-guida\\\/salario-minimo-nel-settore-dei-call-center\\\/\",\"name\":\"Salario nel settore dei call center - syndicom\",\"isPartOf\":{\"@id\":\"https:\\\/\\\/syndicom.ch\\\/it\\\/#website\"},\"datePublished\":\"2024-04-01T11:49:00+00:00\",\"dateModified\":\"2025-05-20T09:55:40+00:00\",\"description\":\"Ho diritto a un salario minimo o a un aumento di stipendio come dipendente di un call center? Il sindacato syndicom ti d\u00e0 tutte le info.\",\"breadcrumb\":{\"@id\":\"https:\\\/\\\/syndicom.ch\\\/it\\\/articolo-guida\\\/salario-minimo-nel-settore-dei-call-center\\\/#breadcrumb\"},\"inLanguage\":\"it-IT\",\"potentialAction\":[{\"@type\":\"ReadAction\",\"target\":[\"https:\\\/\\\/syndicom.ch\\\/it\\\/articolo-guida\\\/salario-minimo-nel-settore-dei-call-center\\\/\"]}]},{\"@type\":\"BreadcrumbList\",\"@id\":\"https:\\\/\\\/syndicom.ch\\\/it\\\/articolo-guida\\\/salario-minimo-nel-settore-dei-call-center\\\/#breadcrumb\",\"itemListElement\":[{\"@type\":\"ListItem\",\"position\":1,\"name\":\"Pagina iniziale\",\"item\":\"https:\\\/\\\/syndicom.ch\\\/it\\\/\"},{\"@type\":\"ListItem\",\"position\":2,\"name\":\"Salario nel settore dei call center\"}]},{\"@type\":\"WebSite\",\"@id\":\"https:\\\/\\\/syndicom.ch\\\/it\\\/#website\",\"url\":\"https:\\\/\\\/syndicom.ch\\\/it\\\/\",\"name\":\"syndicom\",\"description\":\"\",\"publisher\":{\"@id\":\"https:\\\/\\\/syndicom.ch\\\/it\\\/#organization\"},\"potentialAction\":[{\"@type\":\"SearchAction\",\"target\":{\"@type\":\"EntryPoint\",\"urlTemplate\":\"https:\\\/\\\/syndicom.ch\\\/it\\\/?s={search_term_string}\"},\"query-input\":{\"@type\":\"PropertyValueSpecification\",\"valueRequired\":true,\"valueName\":\"search_term_string\"}}],\"inLanguage\":\"it-IT\"},{\"@type\":\"Organization\",\"@id\":\"https:\\\/\\\/syndicom.ch\\\/it\\\/#organization\",\"name\":\"syndicom\",\"url\":\"https:\\\/\\\/syndicom.ch\\\/it\\\/\",\"logo\":{\"@type\":\"ImageObject\",\"inLanguage\":\"it-IT\",\"@id\":\"https:\\\/\\\/syndicom.ch\\\/it\\\/#\\\/schema\\\/logo\\\/image\\\/\",\"url\":\"https:\\\/\\\/syndicom.ch\\\/app\\\/uploads\\\/2024\\\/06\\\/logo.svg\",\"contentUrl\":\"https:\\\/\\\/syndicom.ch\\\/app\\\/uploads\\\/2024\\\/06\\\/logo.svg\",\"width\":297,\"height\":51,\"caption\":\"syndicom\"},\"image\":{\"@id\":\"https:\\\/\\\/syndicom.ch\\\/it\\\/#\\\/schema\\\/logo\\\/image\\\/\"}}]}<\/script>\n<!-- \/ Yoast SEO plugin. -->","yoast_head_json":{"title":"Salario nel settore dei call center - syndicom","description":"Ho diritto a un salario minimo o a un aumento di stipendio come dipendente di un call center? Il sindacato syndicom ti d\u00e0 tutte le info.","robots":{"index":"index","follow":"follow","max-snippet":"max-snippet:-1","max-image-preview":"max-image-preview:large","max-video-preview":"max-video-preview:-1"},"canonical":"https:\/\/syndicom.ch\/it\/articolo-guida\/salario-minimo-nel-settore-dei-call-center\/","og_locale":"it_IT","og_type":"article","og_title":"Salario nel settore dei call center - syndicom","og_description":"Ho diritto a un salario minimo o a un aumento di stipendio come dipendente di un call center? Il sindacato syndicom ti d\u00e0 tutte le info.","og_url":"https:\/\/syndicom.ch\/it\/articolo-guida\/salario-minimo-nel-settore-dei-call-center\/","og_site_name":"syndicom","article_modified_time":"2025-05-20T09:55:40+00:00","twitter_card":"summary_large_image","twitter_misc":{"Tempo di lettura stimato":"2 minuti"},"schema":{"@context":"https:\/\/schema.org","@graph":[{"@type":"WebPage","@id":"https:\/\/syndicom.ch\/it\/articolo-guida\/salario-minimo-nel-settore-dei-call-center\/","url":"https:\/\/syndicom.ch\/it\/articolo-guida\/salario-minimo-nel-settore-dei-call-center\/","name":"Salario nel settore dei call center - syndicom","isPartOf":{"@id":"https:\/\/syndicom.ch\/it\/#website"},"datePublished":"2024-04-01T11:49:00+00:00","dateModified":"2025-05-20T09:55:40+00:00","description":"Ho diritto a un salario minimo o a un aumento di stipendio come dipendente di un call center? Il sindacato syndicom ti d\u00e0 tutte le info.","breadcrumb":{"@id":"https:\/\/syndicom.ch\/it\/articolo-guida\/salario-minimo-nel-settore-dei-call-center\/#breadcrumb"},"inLanguage":"it-IT","potentialAction":[{"@type":"ReadAction","target":["https:\/\/syndicom.ch\/it\/articolo-guida\/salario-minimo-nel-settore-dei-call-center\/"]}]},{"@type":"BreadcrumbList","@id":"https:\/\/syndicom.ch\/it\/articolo-guida\/salario-minimo-nel-settore-dei-call-center\/#breadcrumb","itemListElement":[{"@type":"ListItem","position":1,"name":"Pagina iniziale","item":"https:\/\/syndicom.ch\/it\/"},{"@type":"ListItem","position":2,"name":"Salario nel settore dei call center"}]},{"@type":"WebSite","@id":"https:\/\/syndicom.ch\/it\/#website","url":"https:\/\/syndicom.ch\/it\/","name":"syndicom","description":"","publisher":{"@id":"https:\/\/syndicom.ch\/it\/#organization"},"potentialAction":[{"@type":"SearchAction","target":{"@type":"EntryPoint","urlTemplate":"https:\/\/syndicom.ch\/it\/?s={search_term_string}"},"query-input":{"@type":"PropertyValueSpecification","valueRequired":true,"valueName":"search_term_string"}}],"inLanguage":"it-IT"},{"@type":"Organization","@id":"https:\/\/syndicom.ch\/it\/#organization","name":"syndicom","url":"https:\/\/syndicom.ch\/it\/","logo":{"@type":"ImageObject","inLanguage":"it-IT","@id":"https:\/\/syndicom.ch\/it\/#\/schema\/logo\/image\/","url":"https:\/\/syndicom.ch\/app\/uploads\/2024\/06\/logo.svg","contentUrl":"https:\/\/syndicom.ch\/app\/uploads\/2024\/06\/logo.svg","width":297,"height":51,"caption":"syndicom"},"image":{"@id":"https:\/\/syndicom.ch\/it\/#\/schema\/logo\/image\/"}}]}},"_links":{"self":[{"href":"https:\/\/syndicom.ch\/it\/wp-json\/wp\/v2\/article\/4033","targetHints":{"allow":["GET"]}}],"collection":[{"href":"https:\/\/syndicom.ch\/it\/wp-json\/wp\/v2\/article"}],"about":[{"href":"https:\/\/syndicom.ch\/it\/wp-json\/wp\/v2\/types\/article"}],"version-history":[{"count":4,"href":"https:\/\/syndicom.ch\/it\/wp-json\/wp\/v2\/article\/4033\/revisions"}],"predecessor-version":[{"id":37006,"href":"https:\/\/syndicom.ch\/it\/wp-json\/wp\/v2\/article\/4033\/revisions\/37006"}],"wp:attachment":[{"href":"https:\/\/syndicom.ch\/it\/wp-json\/wp\/v2\/media?parent=4033"}],"wp:term":[{"taxonomy":"article-category","embeddable":true,"href":"https:\/\/syndicom.ch\/it\/wp-json\/wp\/v2\/article-category?post=4033"}],"curies":[{"name":"wp","href":"https:\/\/api.w.org\/{rel}","templated":true}]}}