{"id":4065,"date":"2022-05-01T15:01:00","date_gmt":"2022-05-01T13:01:00","guid":{"rendered":"https:\/\/projects.atxeit.ch\/syndicom\/?post_type=article&#038;p=4065"},"modified":"2025-05-20T14:26:38","modified_gmt":"2025-05-20T12:26:38","slug":"discriminazione-sul-lavoro","status":"publish","type":"article","link":"https:\/\/syndicom.ch\/it\/articolo-guida\/discriminazione-sul-lavoro\/","title":{"rendered":"Discriminazione sul lavoro"},"content":{"rendered":"\n<div class=\"wp-block-group alignfull has-background-color has-primary-background-color has-text-color has-background has-link-color wp-elements-7183e024d2a850fbf443ea9f76401aca is-layout-constrained wp-block-group-is-layout-constrained\">\n<div class=\"wp-block-group is-style-narrow is-layout-constrained wp-block-group-is-layout-constrained\">\n<p class=\"is-style-lead\">Caro servizio di consulenza giuridica, lavoro come grafica in un\u2019agenzia pubblicitaria (grado di occupazione: 80%). Da novembre 2021 sono con orgoglio mamma di una bambina. Io e il mio compagno siamo d\u2019accordo di svolgere l\u2019attivit\u00e0 lavorativa, domestica e assistenziale possibilmente in parti uguali. Pertanto, ho voluto ridurre il mio grado di occupazione al 60%.<\/p>\n<\/div>\n<\/div>\n\n\n\n<div class=\"wp-block-group alignfull has-background-background-color has-background is-layout-constrained wp-block-group-is-layout-constrained\">\n<div class=\"wp-block-group is-style-narrow is-layout-constrained wp-block-group-is-layout-constrained\">\n<h3 class=\"wp-block-heading\"><strong>Il mio capo me lo ha negato minacciandomi di licenziarmi. Allo stesso tempo a un mio collega, che segue un perfezionamento durante il lavoro, ha concesso di ridurre la sua occupazione del 20%. Cosa posso fare?<\/strong><\/h3>\n\n\n\n<p>L\u2019articolo 3 capoverso 1 della legge sulla parit\u00e0 dei sessi (LPar) vieta la discriminazione dei lavoratori sul posto di lavoro in base alla situazione familiare. Secondo l\u2019articolo 3 capoverso 2 LPar, questo divieto vale anche per l\u2019organizzazione delle condizioni di lavoro in cui rientra la desiderata riduzione del grado occupazionale. <\/p>\n\n\n\n<p>La discriminazione sul posto del lavoro nei confronti delle <a href=\"https:\/\/syndicom.ch\/it\/donne\/\" target=\"_blank\" rel=\"noreferrer noopener\">donne<\/a> non \u00e8 vietata solo durante la gravidanza, ma anche dopo il parto. Una volta rientrata al lavoro una donna non pu\u00f2 essere penalizzata per il fatto di essere madre. Il suo datore di lavoro ha pertanto violato la legge sulla parit\u00e0 dei sessi.<\/p>\n\n\n\n<h3 class=\"wp-block-heading\"><strong>Quali conseguenze giuridiche ha una violazione della legge sulla parit\u00e0 dei sessi? Come posso procedere nei confronti del mio datore di lavoro?<\/strong><\/h3>\n\n\n\n<p>Chi \u00e8 interessato da una discriminazione secondo l\u2019articolo 3 LPar, pu\u00f2 richiedere al tribunale di proibire una discriminazione imminente, di far cessare una discriminazione attuale oppure di accertare una discriminazione che continua a produrre effetti negativi.<\/p>\n\n\n\n<p>Qualora il suo datore di lavoro dovesse effettivamente rescindere il contratto di lavoro perch\u00e9 lei fa valere un diritto previsto dalla LPar, ha delle buone possibilit\u00e0 di ottenere un\u2019indennit\u00e0. Qualora si evinca un nesso tra maternit\u00e0, disparit\u00e0 di trattamento rispetto ai suoi colleghi uomini e licenziamento, un giudice qualificher\u00e0 tale licenziamento come illegittimo in applicazione dell\u2019articolo 5 capoverso 2 LPar. Attenzione: anche un licenziamento illegittimo produce effetti giuridici e pone fine al rapporto di lavoro.<\/p>\n\n\n\n<h3 class=\"wp-block-heading\"><strong>La mia situazione finanziaria \u00e8 attualmente un po\u2019 tesa. Quali costi ricadono su di me qualora facessi valere in tribunale una discriminazione dovuta alla maternit\u00e0?<\/strong><\/h3>\n\n\n\n<p>Il procedimento secondo la legge sulla parit\u00e0 dei sessi \u00e8 in linea di principio gratuito. Questo significa che le autorit\u00e0 di conciliazione e i tribunali non applicano spese procedurali. <\/p>\n\n\n\n<p>In caso di un\u2019eventuale rappresentanza legale sono tuttavia previsti dei costi per entrambe le parti. In caso di processo giudiziario, a differenza delle conciliazioni, la gratuit\u00e0 non \u00e8 pi\u00f9 prevista. Poich\u00e9, di norma, chi perde la causa deve sostenere le spese per la rappresentanza legale di entrambe le parti. <\/p>\n\n\n\n<p>Un\u2019assicurazione privata di protezione giuridica, un\u2019associazione professionale oppure un sindacato offrono in questi casi spesso <a href=\"https:\/\/syndicom.ch\/it\/protezione-giuridica\/\" target=\"_blank\" rel=\"noreferrer noopener\">assistenza giuridica<\/a> e si assumono anche il rischio dei costi in caso di situazioni promettenti.<\/p>\n<\/div>\n<\/div>\n","protected":false},"excerpt":{"rendered":"<p>Caro servizio di consulenza giuridica, lavoro come grafica in un\u2019agenzia pubblicitaria (grado di occupazione: 80%). Da novembre 2021 sono con orgoglio mamma di una bambina. Io e il mio compagno siamo d\u2019accordo di svolgere l\u2019attivit\u00e0 lavorativa, domestica e assistenziale possibilmente in parti uguali. Pertanto, ho voluto ridurre il mio grado di occupazione al 60%. Il [&hellip;]<\/p>\n","protected":false},"featured_media":0,"template":"","meta":{"_acf_changed":false,"inline_featured_image":false,"_coblocks_attr":"","_coblocks_dimensions":"","_coblocks_responsive_height":"","_coblocks_accordion_ie_support":"","footnotes":""},"article-category":[],"class_list":["post-4065","article","type-article","status-publish","hentry"],"acf":[],"yoast_head":"<!-- This site is optimized with the Yoast SEO plugin v27.3 - https:\/\/yoast.com\/product\/yoast-seo-wordpress\/ -->\n<title>Discriminazione sul lavoro - syndicom<\/title>\n<meta name=\"description\" content=\"Quali possibilit\u00e0 ho se vengo discriminata sul lavoro a causa del mio ruolo di madre o di donna? syndicom lo spiega.\" \/>\n<meta name=\"robots\" content=\"index, follow, max-snippet:-1, max-image-preview:large, max-video-preview:-1\" \/>\n<link rel=\"canonical\" href=\"https:\/\/syndicom.ch\/it\/articolo-guida\/discriminazione-sul-lavoro\/\" \/>\n<meta property=\"og:locale\" content=\"it_IT\" \/>\n<meta property=\"og:type\" content=\"article\" \/>\n<meta property=\"og:title\" content=\"Discriminazione sul lavoro - syndicom\" \/>\n<meta property=\"og:description\" content=\"Quali possibilit\u00e0 ho se vengo discriminata sul lavoro a causa del mio ruolo di madre o di donna? syndicom lo spiega.\" \/>\n<meta property=\"og:url\" content=\"https:\/\/syndicom.ch\/it\/articolo-guida\/discriminazione-sul-lavoro\/\" \/>\n<meta property=\"og:site_name\" content=\"syndicom\" \/>\n<meta property=\"article:modified_time\" content=\"2025-05-20T12:26:38+00:00\" \/>\n<meta name=\"twitter:card\" content=\"summary_large_image\" \/>\n<meta name=\"twitter:label1\" content=\"Tempo di lettura stimato\" \/>\n\t<meta name=\"twitter:data1\" content=\"3 minuti\" \/>\n<script type=\"application\/ld+json\" class=\"yoast-schema-graph\">{\"@context\":\"https:\\\/\\\/schema.org\",\"@graph\":[{\"@type\":\"WebPage\",\"@id\":\"https:\\\/\\\/syndicom.ch\\\/it\\\/articolo-guida\\\/discriminazione-sul-lavoro\\\/\",\"url\":\"https:\\\/\\\/syndicom.ch\\\/it\\\/articolo-guida\\\/discriminazione-sul-lavoro\\\/\",\"name\":\"Discriminazione sul lavoro - syndicom\",\"isPartOf\":{\"@id\":\"https:\\\/\\\/syndicom.ch\\\/it\\\/#website\"},\"datePublished\":\"2022-05-01T13:01:00+00:00\",\"dateModified\":\"2025-05-20T12:26:38+00:00\",\"description\":\"Quali possibilit\u00e0 ho se vengo discriminata sul lavoro a causa del mio ruolo di madre o di donna? syndicom lo spiega.\",\"breadcrumb\":{\"@id\":\"https:\\\/\\\/syndicom.ch\\\/it\\\/articolo-guida\\\/discriminazione-sul-lavoro\\\/#breadcrumb\"},\"inLanguage\":\"it-IT\",\"potentialAction\":[{\"@type\":\"ReadAction\",\"target\":[\"https:\\\/\\\/syndicom.ch\\\/it\\\/articolo-guida\\\/discriminazione-sul-lavoro\\\/\"]}]},{\"@type\":\"BreadcrumbList\",\"@id\":\"https:\\\/\\\/syndicom.ch\\\/it\\\/articolo-guida\\\/discriminazione-sul-lavoro\\\/#breadcrumb\",\"itemListElement\":[{\"@type\":\"ListItem\",\"position\":1,\"name\":\"Pagina iniziale\",\"item\":\"https:\\\/\\\/syndicom.ch\\\/it\\\/\"},{\"@type\":\"ListItem\",\"position\":2,\"name\":\"Discriminazione sul lavoro\"}]},{\"@type\":\"WebSite\",\"@id\":\"https:\\\/\\\/syndicom.ch\\\/it\\\/#website\",\"url\":\"https:\\\/\\\/syndicom.ch\\\/it\\\/\",\"name\":\"syndicom\",\"description\":\"\",\"publisher\":{\"@id\":\"https:\\\/\\\/syndicom.ch\\\/it\\\/#organization\"},\"potentialAction\":[{\"@type\":\"SearchAction\",\"target\":{\"@type\":\"EntryPoint\",\"urlTemplate\":\"https:\\\/\\\/syndicom.ch\\\/it\\\/?s={search_term_string}\"},\"query-input\":{\"@type\":\"PropertyValueSpecification\",\"valueRequired\":true,\"valueName\":\"search_term_string\"}}],\"inLanguage\":\"it-IT\"},{\"@type\":\"Organization\",\"@id\":\"https:\\\/\\\/syndicom.ch\\\/it\\\/#organization\",\"name\":\"syndicom\",\"url\":\"https:\\\/\\\/syndicom.ch\\\/it\\\/\",\"logo\":{\"@type\":\"ImageObject\",\"inLanguage\":\"it-IT\",\"@id\":\"https:\\\/\\\/syndicom.ch\\\/it\\\/#\\\/schema\\\/logo\\\/image\\\/\",\"url\":\"https:\\\/\\\/syndicom.ch\\\/app\\\/uploads\\\/2024\\\/06\\\/logo.svg\",\"contentUrl\":\"https:\\\/\\\/syndicom.ch\\\/app\\\/uploads\\\/2024\\\/06\\\/logo.svg\",\"width\":297,\"height\":51,\"caption\":\"syndicom\"},\"image\":{\"@id\":\"https:\\\/\\\/syndicom.ch\\\/it\\\/#\\\/schema\\\/logo\\\/image\\\/\"}}]}<\/script>\n<!-- \/ Yoast SEO plugin. -->","yoast_head_json":{"title":"Discriminazione sul lavoro - syndicom","description":"Quali possibilit\u00e0 ho se vengo discriminata sul lavoro a causa del mio ruolo di madre o di donna? syndicom lo spiega.","robots":{"index":"index","follow":"follow","max-snippet":"max-snippet:-1","max-image-preview":"max-image-preview:large","max-video-preview":"max-video-preview:-1"},"canonical":"https:\/\/syndicom.ch\/it\/articolo-guida\/discriminazione-sul-lavoro\/","og_locale":"it_IT","og_type":"article","og_title":"Discriminazione sul lavoro - syndicom","og_description":"Quali possibilit\u00e0 ho se vengo discriminata sul lavoro a causa del mio ruolo di madre o di donna? syndicom lo spiega.","og_url":"https:\/\/syndicom.ch\/it\/articolo-guida\/discriminazione-sul-lavoro\/","og_site_name":"syndicom","article_modified_time":"2025-05-20T12:26:38+00:00","twitter_card":"summary_large_image","twitter_misc":{"Tempo di lettura stimato":"3 minuti"},"schema":{"@context":"https:\/\/schema.org","@graph":[{"@type":"WebPage","@id":"https:\/\/syndicom.ch\/it\/articolo-guida\/discriminazione-sul-lavoro\/","url":"https:\/\/syndicom.ch\/it\/articolo-guida\/discriminazione-sul-lavoro\/","name":"Discriminazione sul lavoro - syndicom","isPartOf":{"@id":"https:\/\/syndicom.ch\/it\/#website"},"datePublished":"2022-05-01T13:01:00+00:00","dateModified":"2025-05-20T12:26:38+00:00","description":"Quali possibilit\u00e0 ho se vengo discriminata sul lavoro a causa del mio ruolo di madre o di donna? syndicom lo spiega.","breadcrumb":{"@id":"https:\/\/syndicom.ch\/it\/articolo-guida\/discriminazione-sul-lavoro\/#breadcrumb"},"inLanguage":"it-IT","potentialAction":[{"@type":"ReadAction","target":["https:\/\/syndicom.ch\/it\/articolo-guida\/discriminazione-sul-lavoro\/"]}]},{"@type":"BreadcrumbList","@id":"https:\/\/syndicom.ch\/it\/articolo-guida\/discriminazione-sul-lavoro\/#breadcrumb","itemListElement":[{"@type":"ListItem","position":1,"name":"Pagina iniziale","item":"https:\/\/syndicom.ch\/it\/"},{"@type":"ListItem","position":2,"name":"Discriminazione sul lavoro"}]},{"@type":"WebSite","@id":"https:\/\/syndicom.ch\/it\/#website","url":"https:\/\/syndicom.ch\/it\/","name":"syndicom","description":"","publisher":{"@id":"https:\/\/syndicom.ch\/it\/#organization"},"potentialAction":[{"@type":"SearchAction","target":{"@type":"EntryPoint","urlTemplate":"https:\/\/syndicom.ch\/it\/?s={search_term_string}"},"query-input":{"@type":"PropertyValueSpecification","valueRequired":true,"valueName":"search_term_string"}}],"inLanguage":"it-IT"},{"@type":"Organization","@id":"https:\/\/syndicom.ch\/it\/#organization","name":"syndicom","url":"https:\/\/syndicom.ch\/it\/","logo":{"@type":"ImageObject","inLanguage":"it-IT","@id":"https:\/\/syndicom.ch\/it\/#\/schema\/logo\/image\/","url":"https:\/\/syndicom.ch\/app\/uploads\/2024\/06\/logo.svg","contentUrl":"https:\/\/syndicom.ch\/app\/uploads\/2024\/06\/logo.svg","width":297,"height":51,"caption":"syndicom"},"image":{"@id":"https:\/\/syndicom.ch\/it\/#\/schema\/logo\/image\/"}}]}},"_links":{"self":[{"href":"https:\/\/syndicom.ch\/it\/wp-json\/wp\/v2\/article\/4065","targetHints":{"allow":["GET"]}}],"collection":[{"href":"https:\/\/syndicom.ch\/it\/wp-json\/wp\/v2\/article"}],"about":[{"href":"https:\/\/syndicom.ch\/it\/wp-json\/wp\/v2\/types\/article"}],"version-history":[{"count":3,"href":"https:\/\/syndicom.ch\/it\/wp-json\/wp\/v2\/article\/4065\/revisions"}],"predecessor-version":[{"id":37103,"href":"https:\/\/syndicom.ch\/it\/wp-json\/wp\/v2\/article\/4065\/revisions\/37103"}],"wp:attachment":[{"href":"https:\/\/syndicom.ch\/it\/wp-json\/wp\/v2\/media?parent=4065"}],"wp:term":[{"taxonomy":"article-category","embeddable":true,"href":"https:\/\/syndicom.ch\/it\/wp-json\/wp\/v2\/article-category?post=4065"}],"curies":[{"name":"wp","href":"https:\/\/api.w.org\/{rel}","templated":true}]}}