{"id":4105,"date":"2019-01-01T15:26:00","date_gmt":"2019-01-01T14:26:00","guid":{"rendered":"https:\/\/projects.atxeit.ch\/syndicom\/?post_type=article&#038;p=4105"},"modified":"2025-05-22T10:10:31","modified_gmt":"2025-05-22T08:10:31","slug":"disponibilita-durante-le-vacanze","status":"publish","type":"article","link":"https:\/\/syndicom.ch\/it\/articolo-guida\/disponibilita-durante-le-vacanze\/","title":{"rendered":"Disponibilit\u00e0 durante le vacanze"},"content":{"rendered":"\n<div class=\"wp-block-group alignfull has-background-color has-primary-background-color has-text-color has-background has-link-color wp-elements-409cc2073cbc6b13566cbed3165074e4 is-layout-constrained wp-block-group-is-layout-constrained\">\n<div class=\"wp-block-group is-style-narrow is-layout-constrained wp-block-group-is-layout-constrained\">\n<p class=\"is-style-lead\">Sono dirigente di una societ\u00e0 di comunicazione. Ho preso l\u2019abitudine di guardare le mie e-mail anche durante le vacanze, in modo da non essere troppo sotto stress una volta rientrato in ufficio.<\/p>\n<\/div>\n<\/div>\n\n\n\n<div class=\"wp-block-group alignfull has-background-background-color has-background is-layout-constrained wp-block-group-is-layout-constrained\">\n<div class=\"wp-block-group is-style-narrow is-layout-constrained wp-block-group-is-layout-constrained\">\n<h3 class=\"wp-block-heading\"><strong><strong>Alcuni colleghi se ne sono accorti e ne approfittano, ma io non oso dir loro che mi d\u00e0 fastidio. Che cosa posso fare?<\/strong><\/strong><\/h3>\n\n\n\n<p>Lo scopo principale delle vacanze \u00e8 quello di riposarsi, per il bene della dipendente ma anche del datore di lavoro. \u00c8 dunque sconsigliato evadere le proprie e-mail durante questo periodo. <\/p>\n\n\n\n<p>Alcune persone desiderano tuttavia essere sempre al corrente di quello che succede in azienda e\/o, come nel vostro caso, evitare di trovarsi sovraccaricate quando fanno rientro in ufficio, ci\u00f2 che \u00e8 perfettamente comprensibile. <\/p>\n\n\n\n<p>Vi suggeriamo di parlarne apertamente con i vostri colleghi e di preparare un messaggio automatico che indichi chiaramente che non risponderete ad alcuna sollecitazione durante il periodo di assenza.<\/p>\n\n\n\n<h3 class=\"wp-block-heading\"><strong>La sera il mio capo mi invia regolarmente degli SMS facendomi sentire obbligato a rispondergli subito nonostante io sia reticente. Tutto ci\u00f2 rovina la mia vita familiare poich\u00e9 mi innervosisco ogni volta che ricevo un SMS.<\/strong><\/h3>\n\n\n\n<p>Anche in questo caso, al di fuori degli orari ufficiali di lavoro, l\u2019obiettivo \u00e8 di avere una vita sociale e di riposare, cosa che con l\u2019avanzata delle nuove tecnologie diventa sempre pi\u00f9 difficile. <\/p>\n\n\n\n<ul class=\"wp-block-list\">\n<li>Alcuni politici svizzeri vogliono quindi che sia ufficialmente riconosciuto un \u00ab<strong>diritto all\u2019essere disconnessi<\/strong>\u00bb. <\/li>\n\n\n\n<li>Esiste gi\u00e0 una <strong>base legale<\/strong> nel diritto svizzero che protegge la personalit\u00e0 dei\/delle lavoratori\/trici: si tratta dell\u2019art. 328 CO, che dispone che il datore di lavoro \u2013 e per delega i suoi ausiliari \u2013 debba avere il dovuto riguardo per la salute dei propri dipendenti. <\/li>\n\n\n\n<li>Inoltre, alcuni <a href=\"https:\/\/syndicom.ch\/it\/contratti-collettivi-di-lavoro-ccl\/\" target=\"_blank\" rel=\"noreferrer noopener\"><strong>contratti collettivi di lavoro (CCL)<\/strong><\/a> comprendono un \u00abdiritto a non essere raggiungibili\u00bb al di fuori delle ore di lavoro.<\/li>\n<\/ul>\n\n\n\n<h3 class=\"wp-block-heading\"><strong>Che cosa succederebbe se io decidessi di non pi\u00f9 rispondere?<\/strong><\/h3>\n\n\n\n<p>Nessuno potr\u00e0 in ogni caso rimproverarvi. Se non fosse il caso, potrete allora rivolgervi alla direzione. <\/p>\n\n\n\n<p>Il nostro consiglio \u00e8 inoltre quello di avere due telefoni ben distinti, uno privato e l\u2019altro professionale, e di spegnere quest\u2019ultimo la sera. \u00abDisconnettendovi\u00bb preserverete la vostra sfera privata e, soprattutto, la vostra salute.<\/p>\n<\/div>\n<\/div>\n","protected":false},"excerpt":{"rendered":"<p>Sono dirigente di una societ\u00e0 di comunicazione. Ho preso l\u2019abitudine di guardare le mie e-mail anche durante le vacanze, in modo da non essere troppo sotto stress una volta rientrato in ufficio. Alcuni colleghi se ne sono accorti e ne approfittano, ma io non oso dir loro che mi d\u00e0 fastidio. Che cosa posso fare? [&hellip;]<\/p>\n","protected":false},"featured_media":0,"template":"","meta":{"_acf_changed":false,"inline_featured_image":false,"_coblocks_attr":"","_coblocks_dimensions":"","_coblocks_responsive_height":"","_coblocks_accordion_ie_support":"","footnotes":""},"article-category":[310],"class_list":["post-4105","article","type-article","status-publish","hentry","article-category-vacanze-libero"],"acf":[],"yoast_head":"<!-- This site is optimized with the Yoast SEO plugin v27.3 - https:\/\/yoast.com\/product\/yoast-seo-wordpress\/ -->\n<title>Disponibilit\u00e0 durante le vacanze - syndicom<\/title>\n<meta name=\"description\" content=\"Come funziona la disponibilit\u00e0 durante le vacanze? Il capo pu\u00f2 contattarti? Il sindacato syndicom ti spiega la situazione legale.\" \/>\n<meta name=\"robots\" content=\"index, follow, max-snippet:-1, max-image-preview:large, max-video-preview:-1\" \/>\n<link rel=\"canonical\" href=\"https:\/\/syndicom.ch\/it\/articolo-guida\/disponibilita-durante-le-vacanze\/\" \/>\n<meta property=\"og:locale\" content=\"it_IT\" \/>\n<meta property=\"og:type\" content=\"article\" \/>\n<meta property=\"og:title\" content=\"Disponibilit\u00e0 durante le vacanze - syndicom\" \/>\n<meta property=\"og:description\" content=\"Come funziona la disponibilit\u00e0 durante le vacanze? Il capo pu\u00f2 contattarti? Il sindacato syndicom ti spiega la situazione legale.\" \/>\n<meta property=\"og:url\" content=\"https:\/\/syndicom.ch\/it\/articolo-guida\/disponibilita-durante-le-vacanze\/\" \/>\n<meta property=\"og:site_name\" content=\"syndicom\" \/>\n<meta property=\"article:modified_time\" content=\"2025-05-22T08:10:31+00:00\" \/>\n<meta name=\"twitter:card\" content=\"summary_large_image\" \/>\n<meta name=\"twitter:label1\" content=\"Tempo di lettura stimato\" \/>\n\t<meta name=\"twitter:data1\" content=\"2 minuti\" \/>\n<script type=\"application\/ld+json\" class=\"yoast-schema-graph\">{\"@context\":\"https:\\\/\\\/schema.org\",\"@graph\":[{\"@type\":\"WebPage\",\"@id\":\"https:\\\/\\\/syndicom.ch\\\/it\\\/articolo-guida\\\/disponibilita-durante-le-vacanze\\\/\",\"url\":\"https:\\\/\\\/syndicom.ch\\\/it\\\/articolo-guida\\\/disponibilita-durante-le-vacanze\\\/\",\"name\":\"Disponibilit\u00e0 durante le vacanze - syndicom\",\"isPartOf\":{\"@id\":\"https:\\\/\\\/syndicom.ch\\\/it\\\/#website\"},\"datePublished\":\"2019-01-01T14:26:00+00:00\",\"dateModified\":\"2025-05-22T08:10:31+00:00\",\"description\":\"Come funziona la disponibilit\u00e0 durante le vacanze? Il capo pu\u00f2 contattarti? Il sindacato syndicom ti spiega la situazione legale.\",\"breadcrumb\":{\"@id\":\"https:\\\/\\\/syndicom.ch\\\/it\\\/articolo-guida\\\/disponibilita-durante-le-vacanze\\\/#breadcrumb\"},\"inLanguage\":\"it-IT\",\"potentialAction\":[{\"@type\":\"ReadAction\",\"target\":[\"https:\\\/\\\/syndicom.ch\\\/it\\\/articolo-guida\\\/disponibilita-durante-le-vacanze\\\/\"]}]},{\"@type\":\"BreadcrumbList\",\"@id\":\"https:\\\/\\\/syndicom.ch\\\/it\\\/articolo-guida\\\/disponibilita-durante-le-vacanze\\\/#breadcrumb\",\"itemListElement\":[{\"@type\":\"ListItem\",\"position\":1,\"name\":\"Pagina iniziale\",\"item\":\"https:\\\/\\\/syndicom.ch\\\/it\\\/\"},{\"@type\":\"ListItem\",\"position\":2,\"name\":\"Disponibilit\u00e0 durante le vacanze\"}]},{\"@type\":\"WebSite\",\"@id\":\"https:\\\/\\\/syndicom.ch\\\/it\\\/#website\",\"url\":\"https:\\\/\\\/syndicom.ch\\\/it\\\/\",\"name\":\"syndicom\",\"description\":\"\",\"publisher\":{\"@id\":\"https:\\\/\\\/syndicom.ch\\\/it\\\/#organization\"},\"potentialAction\":[{\"@type\":\"SearchAction\",\"target\":{\"@type\":\"EntryPoint\",\"urlTemplate\":\"https:\\\/\\\/syndicom.ch\\\/it\\\/?s={search_term_string}\"},\"query-input\":{\"@type\":\"PropertyValueSpecification\",\"valueRequired\":true,\"valueName\":\"search_term_string\"}}],\"inLanguage\":\"it-IT\"},{\"@type\":\"Organization\",\"@id\":\"https:\\\/\\\/syndicom.ch\\\/it\\\/#organization\",\"name\":\"syndicom\",\"url\":\"https:\\\/\\\/syndicom.ch\\\/it\\\/\",\"logo\":{\"@type\":\"ImageObject\",\"inLanguage\":\"it-IT\",\"@id\":\"https:\\\/\\\/syndicom.ch\\\/it\\\/#\\\/schema\\\/logo\\\/image\\\/\",\"url\":\"https:\\\/\\\/syndicom.ch\\\/app\\\/uploads\\\/2024\\\/06\\\/logo.svg\",\"contentUrl\":\"https:\\\/\\\/syndicom.ch\\\/app\\\/uploads\\\/2024\\\/06\\\/logo.svg\",\"width\":297,\"height\":51,\"caption\":\"syndicom\"},\"image\":{\"@id\":\"https:\\\/\\\/syndicom.ch\\\/it\\\/#\\\/schema\\\/logo\\\/image\\\/\"}}]}<\/script>\n<!-- \/ Yoast SEO plugin. -->","yoast_head_json":{"title":"Disponibilit\u00e0 durante le vacanze - syndicom","description":"Come funziona la disponibilit\u00e0 durante le vacanze? Il capo pu\u00f2 contattarti? Il sindacato syndicom ti spiega la situazione legale.","robots":{"index":"index","follow":"follow","max-snippet":"max-snippet:-1","max-image-preview":"max-image-preview:large","max-video-preview":"max-video-preview:-1"},"canonical":"https:\/\/syndicom.ch\/it\/articolo-guida\/disponibilita-durante-le-vacanze\/","og_locale":"it_IT","og_type":"article","og_title":"Disponibilit\u00e0 durante le vacanze - syndicom","og_description":"Come funziona la disponibilit\u00e0 durante le vacanze? Il capo pu\u00f2 contattarti? Il sindacato syndicom ti spiega la situazione legale.","og_url":"https:\/\/syndicom.ch\/it\/articolo-guida\/disponibilita-durante-le-vacanze\/","og_site_name":"syndicom","article_modified_time":"2025-05-22T08:10:31+00:00","twitter_card":"summary_large_image","twitter_misc":{"Tempo di lettura stimato":"2 minuti"},"schema":{"@context":"https:\/\/schema.org","@graph":[{"@type":"WebPage","@id":"https:\/\/syndicom.ch\/it\/articolo-guida\/disponibilita-durante-le-vacanze\/","url":"https:\/\/syndicom.ch\/it\/articolo-guida\/disponibilita-durante-le-vacanze\/","name":"Disponibilit\u00e0 durante le vacanze - syndicom","isPartOf":{"@id":"https:\/\/syndicom.ch\/it\/#website"},"datePublished":"2019-01-01T14:26:00+00:00","dateModified":"2025-05-22T08:10:31+00:00","description":"Come funziona la disponibilit\u00e0 durante le vacanze? Il capo pu\u00f2 contattarti? Il sindacato syndicom ti spiega la situazione legale.","breadcrumb":{"@id":"https:\/\/syndicom.ch\/it\/articolo-guida\/disponibilita-durante-le-vacanze\/#breadcrumb"},"inLanguage":"it-IT","potentialAction":[{"@type":"ReadAction","target":["https:\/\/syndicom.ch\/it\/articolo-guida\/disponibilita-durante-le-vacanze\/"]}]},{"@type":"BreadcrumbList","@id":"https:\/\/syndicom.ch\/it\/articolo-guida\/disponibilita-durante-le-vacanze\/#breadcrumb","itemListElement":[{"@type":"ListItem","position":1,"name":"Pagina iniziale","item":"https:\/\/syndicom.ch\/it\/"},{"@type":"ListItem","position":2,"name":"Disponibilit\u00e0 durante le vacanze"}]},{"@type":"WebSite","@id":"https:\/\/syndicom.ch\/it\/#website","url":"https:\/\/syndicom.ch\/it\/","name":"syndicom","description":"","publisher":{"@id":"https:\/\/syndicom.ch\/it\/#organization"},"potentialAction":[{"@type":"SearchAction","target":{"@type":"EntryPoint","urlTemplate":"https:\/\/syndicom.ch\/it\/?s={search_term_string}"},"query-input":{"@type":"PropertyValueSpecification","valueRequired":true,"valueName":"search_term_string"}}],"inLanguage":"it-IT"},{"@type":"Organization","@id":"https:\/\/syndicom.ch\/it\/#organization","name":"syndicom","url":"https:\/\/syndicom.ch\/it\/","logo":{"@type":"ImageObject","inLanguage":"it-IT","@id":"https:\/\/syndicom.ch\/it\/#\/schema\/logo\/image\/","url":"https:\/\/syndicom.ch\/app\/uploads\/2024\/06\/logo.svg","contentUrl":"https:\/\/syndicom.ch\/app\/uploads\/2024\/06\/logo.svg","width":297,"height":51,"caption":"syndicom"},"image":{"@id":"https:\/\/syndicom.ch\/it\/#\/schema\/logo\/image\/"}}]}},"_links":{"self":[{"href":"https:\/\/syndicom.ch\/it\/wp-json\/wp\/v2\/article\/4105","targetHints":{"allow":["GET"]}}],"collection":[{"href":"https:\/\/syndicom.ch\/it\/wp-json\/wp\/v2\/article"}],"about":[{"href":"https:\/\/syndicom.ch\/it\/wp-json\/wp\/v2\/types\/article"}],"version-history":[{"count":7,"href":"https:\/\/syndicom.ch\/it\/wp-json\/wp\/v2\/article\/4105\/revisions"}],"predecessor-version":[{"id":37494,"href":"https:\/\/syndicom.ch\/it\/wp-json\/wp\/v2\/article\/4105\/revisions\/37494"}],"wp:attachment":[{"href":"https:\/\/syndicom.ch\/it\/wp-json\/wp\/v2\/media?parent=4105"}],"wp:term":[{"taxonomy":"article-category","embeddable":true,"href":"https:\/\/syndicom.ch\/it\/wp-json\/wp\/v2\/article-category?post=4105"}],"curies":[{"name":"wp","href":"https:\/\/api.w.org\/{rel}","templated":true}]}}