{"id":4138,"date":"2018-03-01T15:34:18","date_gmt":"2018-03-01T14:34:18","guid":{"rendered":"https:\/\/projects.atxeit.ch\/syndicom\/?post_type=article&#038;p=4138"},"modified":"2025-05-22T11:41:31","modified_gmt":"2025-05-22T09:41:31","slug":"compensazione-per-i-giorni-festivi","status":"publish","type":"article","link":"https:\/\/syndicom.ch\/it\/articolo-guida\/compensazione-per-i-giorni-festivi\/","title":{"rendered":"Compensazione dei giorni festivi nel lavoro part-time"},"content":{"rendered":"\n<div class=\"wp-block-group alignfull has-background-color has-primary-background-color has-text-color has-background has-link-color wp-elements-cef6c069d62cd550f7563298c4e83737 is-layout-constrained wp-block-group-is-layout-constrained\">\n<div class=\"wp-block-group is-style-narrow is-layout-constrained wp-block-group-is-layout-constrained\">\n<p class=\"is-style-lead\">Quando i giorni festivi cadono in un giorno non lavorativo, spesso ci si chiede come compensarli. Questo pu\u00f2 creare confusione, soprattutto per chi lavora part-time e non tutti i giorni della settimana.<\/p>\n<\/div>\n<\/div>\n\n\n\n<div class=\"wp-block-group alignfull has-background-background-color has-background is-layout-constrained wp-block-group-is-layout-constrained\">\n<div class=\"wp-block-group is-style-narrow is-layout-constrained wp-block-group-is-layout-constrained\">\n<h3 class=\"wp-block-heading\"><strong>Da poco lavoro infatti al 60%, ossia tre giorni fissi a settimana: 8 ore il luned\u00ec, il marted\u00ec e i gioved\u00ec. Ma sono appena venuto a sapere che il prossimo giorno festivo, vale a dire il Venerd\u00ec Santo, non sar\u00e0 compensato perch\u00e9 quel giorno della settimana non lavoro. \u00c8 legale?<\/strong><\/h3>\n\n\n\n<p>Esistono due metodi per il calcolo delle ore in un contratto part-time. <\/p>\n\n\n\n<div class=\"wp-block-columns is-layout-flex wp-container-core-columns-is-layout-9d6595d7 wp-block-columns-is-layout-flex\">\n<div class=\"wp-block-column is-layout-flow wp-block-column-is-layout-flow\">\n<p class=\"has-text-align-center has-tertiary-background-color has-background\"><strong>1. Lavoro viene effettuato durante giorni fissi.<\/strong><br><br><\/p>\n\n\n\n<ul class=\"wp-block-list\">\n<li>Se il festivo cade in un <strong>giorno si sarebbe lavorato<\/strong>, si tiene conto del numero di ore generalmente rese.<\/li>\n\n\n\n<li>Se il festivo cade in un <strong>giorno non si sarebbe lavorato<\/strong>, non ha luogo alcuna compensazione. <\/li>\n<\/ul>\n\n\n\n<p>Ci\u00f2 non \u00e8 considerato una disparit\u00e0 di trattamento dalla giurisprudenza rispetto alle persone che lavorano al 100%. La situazione si equilibra nel corso dell\u2019anno: tutti i giorni festivi non cadono nello stesso giorno della settimana.<\/p>\n<\/div>\n\n\n\n<div class=\"wp-block-column is-layout-flow wp-block-column-is-layout-flow\">\n<p class=\"has-text-align-center has-tertiary-background-color has-background\"><strong>2. Le ore settimanali vengono suddivise per il numero di giorni di lavoro.<\/strong><\/p>\n\n\n\n<ol class=\"wp-block-list\"><\/ol>\n\n\n\n<p>Da ci\u00f2 si ottiene un totale quotidiano identico (al 60%, devi dunque effettuare 4h50\/giorno). <\/p>\n\n\n\n<p>Perci\u00f2, in presenza di un festivo, \u00e8 questo totale a essere determinante (dal momento che tu lavori 8 ore il luned\u00ec, solamente 4h50 saranno prese in considerazione a Pasqua ad es.). <\/p>\n\n\n\n<p>Anche in questo caso, non si ritiene che sussista una disparit\u00e0 di trattamento, poich\u00e9 la situazione si equilibra sull\u2019anno.<\/p>\n<\/div>\n<\/div>\n\n\n\n<p>Il tuo datore di lavoro applica il primo metodo e non agisce quindi in modo illegale.<\/p>\n\n\n\n<h3 class=\"wp-block-heading\"><strong>Desidererei avere maggiori ragguagli per le vacanze. Saranno calcolate in funzione del mio part-time?<\/strong><\/h3>\n\n\n\n<p>Il fatto che una persona lavori part-time o a tempo pieno non modifica il suo diritto alle vacanze. Non \u00e8 che lavorando al 60% potrai godere solo di 12 giorni di vacanza sulle quattro settimane annuali previste. Hai dunque pieno diritto a 20 giorni effettivi di vacanza all\u2019anno<\/p>\n\n\n\n<h3 class=\"wp-block-heading\"><strong>Il mio datore di lavoro insiste sul fatto che, se devo effettuare una visita medica, lo debba fare un giorno in cui non lavoro. \u00c8 normale?<\/strong><\/h3>\n\n\n\n<p>Il dipendente ha un dovere di diligenza e di fedelt\u00e0 verso il suo datore di lavoro ai sensi dell\u2019art. 321a CO. Ci\u00f2 implica, tra l\u2019altro, che egli\/ella limiti il pi\u00f9 possibile le sue assenze. <\/p>\n\n\n\n<p>Ma se un datore di lavoro esige dal suo personale part-time che quest\u2019ultimo non effettui visite mediche durante l\u2019orario di lavoro, va oltre i suoi diritti. Infatti, si pu\u00f2 ritenere che sussista una disparit\u00e0 di trattamento rispetto ai dipendenti a tempo pieno.<\/p>\n<\/div>\n<\/div>\n","protected":false},"excerpt":{"rendered":"<p>Quando i giorni festivi cadono in un giorno non lavorativo, spesso ci si chiede come compensarli. Questo pu\u00f2 creare confusione, soprattutto per chi lavora part-time e non tutti i giorni della settimana. Da poco lavoro infatti al 60%, ossia tre giorni fissi a settimana: 8 ore il luned\u00ec, il marted\u00ec e i gioved\u00ec. Ma sono [&hellip;]<\/p>\n","protected":false},"featured_media":0,"template":"","meta":{"_acf_changed":false,"inline_featured_image":false,"_coblocks_attr":"","_coblocks_dimensions":"","_coblocks_responsive_height":"","_coblocks_accordion_ie_support":"","footnotes":""},"article-category":[310],"class_list":["post-4138","article","type-article","status-publish","hentry","article-category-vacanze-libero"],"acf":[],"yoast_head":"<!-- This site is optimized with the Yoast SEO plugin v27.3 - https:\/\/yoast.com\/product\/yoast-seo-wordpress\/ -->\n<title>Compensazione dei giorni festivi nel lavoro part-time - syndicom<\/title>\n<meta name=\"description\" content=\"Avete domande sul calcolo dell&#039;orario di lavoro per il lavoro a tempo parziale e sulla compensazione dei giorni festivi? syndicom informa.\" \/>\n<meta name=\"robots\" content=\"index, follow, max-snippet:-1, max-image-preview:large, max-video-preview:-1\" \/>\n<link rel=\"canonical\" href=\"https:\/\/syndicom.ch\/it\/articolo-guida\/compensazione-per-i-giorni-festivi\/\" \/>\n<meta property=\"og:locale\" content=\"it_IT\" \/>\n<meta property=\"og:type\" content=\"article\" \/>\n<meta property=\"og:title\" content=\"Compensazione dei giorni festivi nel lavoro part-time - syndicom\" \/>\n<meta property=\"og:description\" content=\"Avete domande sul calcolo dell&#039;orario di lavoro per il lavoro a tempo parziale e sulla compensazione dei giorni festivi? syndicom informa.\" \/>\n<meta property=\"og:url\" content=\"https:\/\/syndicom.ch\/it\/articolo-guida\/compensazione-per-i-giorni-festivi\/\" \/>\n<meta property=\"og:site_name\" content=\"syndicom\" \/>\n<meta property=\"article:modified_time\" content=\"2025-05-22T09:41:31+00:00\" \/>\n<meta name=\"twitter:card\" content=\"summary_large_image\" \/>\n<meta name=\"twitter:label1\" content=\"Tempo di lettura stimato\" \/>\n\t<meta name=\"twitter:data1\" content=\"3 minuti\" \/>\n<script type=\"application\/ld+json\" class=\"yoast-schema-graph\">{\"@context\":\"https:\\\/\\\/schema.org\",\"@graph\":[{\"@type\":\"WebPage\",\"@id\":\"https:\\\/\\\/syndicom.ch\\\/it\\\/articolo-guida\\\/compensazione-per-i-giorni-festivi\\\/\",\"url\":\"https:\\\/\\\/syndicom.ch\\\/it\\\/articolo-guida\\\/compensazione-per-i-giorni-festivi\\\/\",\"name\":\"Compensazione dei giorni festivi nel lavoro part-time - syndicom\",\"isPartOf\":{\"@id\":\"https:\\\/\\\/syndicom.ch\\\/it\\\/#website\"},\"datePublished\":\"2018-03-01T14:34:18+00:00\",\"dateModified\":\"2025-05-22T09:41:31+00:00\",\"description\":\"Avete domande sul calcolo dell'orario di lavoro per il lavoro a tempo parziale e sulla compensazione dei giorni festivi? syndicom informa.\",\"breadcrumb\":{\"@id\":\"https:\\\/\\\/syndicom.ch\\\/it\\\/articolo-guida\\\/compensazione-per-i-giorni-festivi\\\/#breadcrumb\"},\"inLanguage\":\"it-IT\",\"potentialAction\":[{\"@type\":\"ReadAction\",\"target\":[\"https:\\\/\\\/syndicom.ch\\\/it\\\/articolo-guida\\\/compensazione-per-i-giorni-festivi\\\/\"]}]},{\"@type\":\"BreadcrumbList\",\"@id\":\"https:\\\/\\\/syndicom.ch\\\/it\\\/articolo-guida\\\/compensazione-per-i-giorni-festivi\\\/#breadcrumb\",\"itemListElement\":[{\"@type\":\"ListItem\",\"position\":1,\"name\":\"Pagina iniziale\",\"item\":\"https:\\\/\\\/syndicom.ch\\\/it\\\/\"},{\"@type\":\"ListItem\",\"position\":2,\"name\":\"Compensazione dei giorni festivi nel lavoro part-time\"}]},{\"@type\":\"WebSite\",\"@id\":\"https:\\\/\\\/syndicom.ch\\\/it\\\/#website\",\"url\":\"https:\\\/\\\/syndicom.ch\\\/it\\\/\",\"name\":\"syndicom\",\"description\":\"\",\"publisher\":{\"@id\":\"https:\\\/\\\/syndicom.ch\\\/it\\\/#organization\"},\"potentialAction\":[{\"@type\":\"SearchAction\",\"target\":{\"@type\":\"EntryPoint\",\"urlTemplate\":\"https:\\\/\\\/syndicom.ch\\\/it\\\/?s={search_term_string}\"},\"query-input\":{\"@type\":\"PropertyValueSpecification\",\"valueRequired\":true,\"valueName\":\"search_term_string\"}}],\"inLanguage\":\"it-IT\"},{\"@type\":\"Organization\",\"@id\":\"https:\\\/\\\/syndicom.ch\\\/it\\\/#organization\",\"name\":\"syndicom\",\"url\":\"https:\\\/\\\/syndicom.ch\\\/it\\\/\",\"logo\":{\"@type\":\"ImageObject\",\"inLanguage\":\"it-IT\",\"@id\":\"https:\\\/\\\/syndicom.ch\\\/it\\\/#\\\/schema\\\/logo\\\/image\\\/\",\"url\":\"https:\\\/\\\/syndicom.ch\\\/app\\\/uploads\\\/2024\\\/06\\\/logo.svg\",\"contentUrl\":\"https:\\\/\\\/syndicom.ch\\\/app\\\/uploads\\\/2024\\\/06\\\/logo.svg\",\"width\":297,\"height\":51,\"caption\":\"syndicom\"},\"image\":{\"@id\":\"https:\\\/\\\/syndicom.ch\\\/it\\\/#\\\/schema\\\/logo\\\/image\\\/\"}}]}<\/script>\n<!-- \/ Yoast SEO plugin. -->","yoast_head_json":{"title":"Compensazione dei giorni festivi nel lavoro part-time - syndicom","description":"Avete domande sul calcolo dell'orario di lavoro per il lavoro a tempo parziale e sulla compensazione dei giorni festivi? syndicom informa.","robots":{"index":"index","follow":"follow","max-snippet":"max-snippet:-1","max-image-preview":"max-image-preview:large","max-video-preview":"max-video-preview:-1"},"canonical":"https:\/\/syndicom.ch\/it\/articolo-guida\/compensazione-per-i-giorni-festivi\/","og_locale":"it_IT","og_type":"article","og_title":"Compensazione dei giorni festivi nel lavoro part-time - syndicom","og_description":"Avete domande sul calcolo dell'orario di lavoro per il lavoro a tempo parziale e sulla compensazione dei giorni festivi? syndicom informa.","og_url":"https:\/\/syndicom.ch\/it\/articolo-guida\/compensazione-per-i-giorni-festivi\/","og_site_name":"syndicom","article_modified_time":"2025-05-22T09:41:31+00:00","twitter_card":"summary_large_image","twitter_misc":{"Tempo di lettura stimato":"3 minuti"},"schema":{"@context":"https:\/\/schema.org","@graph":[{"@type":"WebPage","@id":"https:\/\/syndicom.ch\/it\/articolo-guida\/compensazione-per-i-giorni-festivi\/","url":"https:\/\/syndicom.ch\/it\/articolo-guida\/compensazione-per-i-giorni-festivi\/","name":"Compensazione dei giorni festivi nel lavoro part-time - syndicom","isPartOf":{"@id":"https:\/\/syndicom.ch\/it\/#website"},"datePublished":"2018-03-01T14:34:18+00:00","dateModified":"2025-05-22T09:41:31+00:00","description":"Avete domande sul calcolo dell'orario di lavoro per il lavoro a tempo parziale e sulla compensazione dei giorni festivi? syndicom informa.","breadcrumb":{"@id":"https:\/\/syndicom.ch\/it\/articolo-guida\/compensazione-per-i-giorni-festivi\/#breadcrumb"},"inLanguage":"it-IT","potentialAction":[{"@type":"ReadAction","target":["https:\/\/syndicom.ch\/it\/articolo-guida\/compensazione-per-i-giorni-festivi\/"]}]},{"@type":"BreadcrumbList","@id":"https:\/\/syndicom.ch\/it\/articolo-guida\/compensazione-per-i-giorni-festivi\/#breadcrumb","itemListElement":[{"@type":"ListItem","position":1,"name":"Pagina iniziale","item":"https:\/\/syndicom.ch\/it\/"},{"@type":"ListItem","position":2,"name":"Compensazione dei giorni festivi nel lavoro part-time"}]},{"@type":"WebSite","@id":"https:\/\/syndicom.ch\/it\/#website","url":"https:\/\/syndicom.ch\/it\/","name":"syndicom","description":"","publisher":{"@id":"https:\/\/syndicom.ch\/it\/#organization"},"potentialAction":[{"@type":"SearchAction","target":{"@type":"EntryPoint","urlTemplate":"https:\/\/syndicom.ch\/it\/?s={search_term_string}"},"query-input":{"@type":"PropertyValueSpecification","valueRequired":true,"valueName":"search_term_string"}}],"inLanguage":"it-IT"},{"@type":"Organization","@id":"https:\/\/syndicom.ch\/it\/#organization","name":"syndicom","url":"https:\/\/syndicom.ch\/it\/","logo":{"@type":"ImageObject","inLanguage":"it-IT","@id":"https:\/\/syndicom.ch\/it\/#\/schema\/logo\/image\/","url":"https:\/\/syndicom.ch\/app\/uploads\/2024\/06\/logo.svg","contentUrl":"https:\/\/syndicom.ch\/app\/uploads\/2024\/06\/logo.svg","width":297,"height":51,"caption":"syndicom"},"image":{"@id":"https:\/\/syndicom.ch\/it\/#\/schema\/logo\/image\/"}}]}},"_links":{"self":[{"href":"https:\/\/syndicom.ch\/it\/wp-json\/wp\/v2\/article\/4138","targetHints":{"allow":["GET"]}}],"collection":[{"href":"https:\/\/syndicom.ch\/it\/wp-json\/wp\/v2\/article"}],"about":[{"href":"https:\/\/syndicom.ch\/it\/wp-json\/wp\/v2\/types\/article"}],"version-history":[{"count":15,"href":"https:\/\/syndicom.ch\/it\/wp-json\/wp\/v2\/article\/4138\/revisions"}],"predecessor-version":[{"id":37597,"href":"https:\/\/syndicom.ch\/it\/wp-json\/wp\/v2\/article\/4138\/revisions\/37597"}],"wp:attachment":[{"href":"https:\/\/syndicom.ch\/it\/wp-json\/wp\/v2\/media?parent=4138"}],"wp:term":[{"taxonomy":"article-category","embeddable":true,"href":"https:\/\/syndicom.ch\/it\/wp-json\/wp\/v2\/article-category?post=4138"}],"curies":[{"name":"wp","href":"https:\/\/api.w.org\/{rel}","templated":true}]}}