{"id":4145,"date":"2018-01-01T15:32:00","date_gmt":"2018-01-01T14:32:00","guid":{"rendered":"https:\/\/projects.atxeit.ch\/syndicom\/?post_type=article&#038;p=4145"},"modified":"2025-05-22T12:18:22","modified_gmt":"2025-05-22T10:18:22","slug":"partecipazione-evento-di-team","status":"publish","type":"article","link":"https:\/\/syndicom.ch\/it\/articolo-guida\/partecipazione-evento-di-team\/","title":{"rendered":"Partecipazione all&#8217;evento di team"},"content":{"rendered":"\n<div class=\"wp-block-group alignfull has-background-color has-primary-background-color has-text-color has-background has-link-color wp-elements-1eb583e5172255b49d1c40e5a50e4163 is-layout-constrained wp-block-group-is-layout-constrained\">\n<div class=\"wp-block-group is-style-narrow is-layout-constrained wp-block-group-is-layout-constrained\">\n<p class=\"is-style-lead\">Mi rivolgo a voi poich\u00e9 il mio datore di lavoro, ogni anno, organizza un evento di perfezionamento e di formazione per i team, seguito da un aperitivo comune. L\u2019evento ha luogo sempre di sabato, affinch\u00e9 il normale processo lavorativo non venga disturbato.<\/p>\n<\/div>\n<\/div>\n\n\n\n<div class=\"wp-block-group alignfull has-background-background-color has-background is-layout-constrained wp-block-group-is-layout-constrained\">\n<div class=\"wp-block-group is-style-narrow is-layout-constrained wp-block-group-is-layout-constrained\">\n<h3 class=\"wp-block-heading\"><strong>Sull\u2019invito all\u2019evento c\u2019\u00e8 scritto che la partecipazione \u00e8 volontaria e che non rientra nell\u2019orario di lavoro. Tuttavia, il datore di lavoro si attende che tutti vi partecipino ed esige una disdetta motivata per iscritto. Devo prendere parte all\u2019evento?<\/strong><\/h3>\n\n\n\n<p>Un evento aziendale definito volontario non \u00e8 fondamentalmente un problema. Se interessati, i dipendenti possono prendervi parte o no. <\/p>\n\n\n\n<p>Tuttavia, a causa della differenza di potere presente nel rapporto di lavoro, l\u2019invito, considerate le aspettative del datore di lavoro, \u00e8 in una zona grigia tra desiderio e ordine. Ci si trova invece di fronte a un ordine se un\u2019eventuale disdetta non viene accettata. <\/p>\n\n\n\n<p class=\"has-foreground-color has-text-color has-link-color wp-elements-2ee2b669460b57743f2a5c57abfe25be\">In nessun caso ti raccomando pertanto di non partecipare all\u2019evento senza una motivazione, ma piuttosto disdici come richiesto o prendi parte all\u2019evento.<\/p>\n\n\n\n<h3 class=\"wp-block-heading\"><strong>Il mio datore di lavoro sostiene che l\u2019evento non debba essere considerato come orario lavorativo dal momento che la partecipazione \u00e8 volontaria. Ci\u00f2 \u00e8 ammissibile sul piano giuridico?<\/strong><\/h3>\n\n\n\n<p>Il punto saliente \u00e8 la libera volont\u00e0: la partecipazione non dev\u2019essere considerata come orario lavorativo. Nella misura in cui i dipendenti sono liberi di non partecipare all\u2019evento. <\/p>\n\n\n\n<p>Laddove il datore di lavoro non accettasse la disdetta, non si pu\u00f2 pi\u00f9 parlare di libera volont\u00e0. L\u2019invito diventa un ordine ai sensi del diritto in materia di lavoro e il relativo tempo dev\u2019essere considerato orario lavorativo. <\/p>\n\n\n\n<p class=\"has-tertiary-background-color has-background\"><strong>Ordinanza 1 relativa alla legge sul lavoro:<\/strong> Ci\u00f2 lo si evince dalla disposizione di cui all\u2019art. 13 cpv. 1. Al capoverso 4 si afferma inoltre che si proceder\u00e0 a un calcolo come orario di lavoro se un dipendente deve conseguire un ulteriore perfezionamento professionale o una formazione continua su ordine del datore di lavoro.<\/p>\n\n\n\n<h3 class=\"wp-block-heading\"><strong>Nel caso in cui il datore di lavoro non dovesse accettare la mia disdetta, desidererei sapere in che modo devo procedere affinch\u00e9 l\u2019intera durata dell\u2019evento venga accreditato come orario di lavoro.<\/strong><\/h3>\n\n\n\n<p>Se non dovesse accettare la tua disdetta, fagli presente che la partecipazione, in questo caso, non \u00e8 pi\u00f9 volontaria, bens\u00ec obbligatoria. Indicagli le disposizioni succitate dell\u2019ordinanza 1 concernente la legge sul lavoro. <\/p>\n\n\n\n<p>Qualora il datore di lavoro si dovesse tuttora rifiutare di accreditarti l\u2019orario di lavoro, mettiti in contatto con syndicom: ti sosteniamo e ti rappresentiamo volentieri!<\/p>\n<\/div>\n<\/div>\n","protected":false},"excerpt":{"rendered":"<p>Mi rivolgo a voi poich\u00e9 il mio datore di lavoro, ogni anno, organizza un evento di perfezionamento e di formazione per i team, seguito da un aperitivo comune. L\u2019evento ha luogo sempre di sabato, affinch\u00e9 il normale processo lavorativo non venga disturbato. Sull\u2019invito all\u2019evento c\u2019\u00e8 scritto che la partecipazione \u00e8 volontaria e che non rientra [&hellip;]<\/p>\n","protected":false},"featured_media":0,"template":"","meta":{"_acf_changed":false,"inline_featured_image":false,"_coblocks_attr":"","_coblocks_dimensions":"","_coblocks_responsive_height":"","_coblocks_accordion_ie_support":"","footnotes":""},"article-category":[],"class_list":["post-4145","article","type-article","status-publish","hentry"],"acf":[],"yoast_head":"<!-- This site is optimized with the Yoast SEO plugin v27.3 - https:\/\/yoast.com\/product\/yoast-seo-wordpress\/ -->\n<title>Partecipazione all&#039;evento di team - syndicom<\/title>\n<meta name=\"description\" content=\"Devi partecipare agli eventi di team al lavoro? Il tuo sindacato syndicom sa come aiutarti e ti d\u00e0 una mano dal punto di vista legale.\" \/>\n<meta name=\"robots\" content=\"index, follow, max-snippet:-1, max-image-preview:large, max-video-preview:-1\" \/>\n<link rel=\"canonical\" href=\"https:\/\/syndicom.ch\/it\/articolo-guida\/partecipazione-evento-di-team\/\" \/>\n<meta property=\"og:locale\" content=\"it_IT\" \/>\n<meta property=\"og:type\" content=\"article\" \/>\n<meta property=\"og:title\" content=\"Partecipazione all&#039;evento di team - syndicom\" \/>\n<meta property=\"og:description\" content=\"Devi partecipare agli eventi di team al lavoro? Il tuo sindacato syndicom sa come aiutarti e ti d\u00e0 una mano dal punto di vista legale.\" \/>\n<meta property=\"og:url\" content=\"https:\/\/syndicom.ch\/it\/articolo-guida\/partecipazione-evento-di-team\/\" \/>\n<meta property=\"og:site_name\" content=\"syndicom\" \/>\n<meta property=\"article:modified_time\" content=\"2025-05-22T10:18:22+00:00\" \/>\n<meta name=\"twitter:card\" content=\"summary_large_image\" \/>\n<meta name=\"twitter:label1\" content=\"Tempo di lettura stimato\" \/>\n\t<meta name=\"twitter:data1\" content=\"3 minuti\" \/>\n<script type=\"application\/ld+json\" class=\"yoast-schema-graph\">{\"@context\":\"https:\\\/\\\/schema.org\",\"@graph\":[{\"@type\":\"WebPage\",\"@id\":\"https:\\\/\\\/syndicom.ch\\\/it\\\/articolo-guida\\\/partecipazione-evento-di-team\\\/\",\"url\":\"https:\\\/\\\/syndicom.ch\\\/it\\\/articolo-guida\\\/partecipazione-evento-di-team\\\/\",\"name\":\"Partecipazione all'evento di team - syndicom\",\"isPartOf\":{\"@id\":\"https:\\\/\\\/syndicom.ch\\\/it\\\/#website\"},\"datePublished\":\"2018-01-01T14:32:00+00:00\",\"dateModified\":\"2025-05-22T10:18:22+00:00\",\"description\":\"Devi partecipare agli eventi di team al lavoro? Il tuo sindacato syndicom sa come aiutarti e ti d\u00e0 una mano dal punto di vista legale.\",\"breadcrumb\":{\"@id\":\"https:\\\/\\\/syndicom.ch\\\/it\\\/articolo-guida\\\/partecipazione-evento-di-team\\\/#breadcrumb\"},\"inLanguage\":\"it-IT\",\"potentialAction\":[{\"@type\":\"ReadAction\",\"target\":[\"https:\\\/\\\/syndicom.ch\\\/it\\\/articolo-guida\\\/partecipazione-evento-di-team\\\/\"]}]},{\"@type\":\"BreadcrumbList\",\"@id\":\"https:\\\/\\\/syndicom.ch\\\/it\\\/articolo-guida\\\/partecipazione-evento-di-team\\\/#breadcrumb\",\"itemListElement\":[{\"@type\":\"ListItem\",\"position\":1,\"name\":\"Pagina iniziale\",\"item\":\"https:\\\/\\\/syndicom.ch\\\/it\\\/\"},{\"@type\":\"ListItem\",\"position\":2,\"name\":\"Partecipazione all&#8217;evento di team\"}]},{\"@type\":\"WebSite\",\"@id\":\"https:\\\/\\\/syndicom.ch\\\/it\\\/#website\",\"url\":\"https:\\\/\\\/syndicom.ch\\\/it\\\/\",\"name\":\"syndicom\",\"description\":\"\",\"publisher\":{\"@id\":\"https:\\\/\\\/syndicom.ch\\\/it\\\/#organization\"},\"potentialAction\":[{\"@type\":\"SearchAction\",\"target\":{\"@type\":\"EntryPoint\",\"urlTemplate\":\"https:\\\/\\\/syndicom.ch\\\/it\\\/?s={search_term_string}\"},\"query-input\":{\"@type\":\"PropertyValueSpecification\",\"valueRequired\":true,\"valueName\":\"search_term_string\"}}],\"inLanguage\":\"it-IT\"},{\"@type\":\"Organization\",\"@id\":\"https:\\\/\\\/syndicom.ch\\\/it\\\/#organization\",\"name\":\"syndicom\",\"url\":\"https:\\\/\\\/syndicom.ch\\\/it\\\/\",\"logo\":{\"@type\":\"ImageObject\",\"inLanguage\":\"it-IT\",\"@id\":\"https:\\\/\\\/syndicom.ch\\\/it\\\/#\\\/schema\\\/logo\\\/image\\\/\",\"url\":\"https:\\\/\\\/syndicom.ch\\\/app\\\/uploads\\\/2024\\\/06\\\/logo.svg\",\"contentUrl\":\"https:\\\/\\\/syndicom.ch\\\/app\\\/uploads\\\/2024\\\/06\\\/logo.svg\",\"width\":297,\"height\":51,\"caption\":\"syndicom\"},\"image\":{\"@id\":\"https:\\\/\\\/syndicom.ch\\\/it\\\/#\\\/schema\\\/logo\\\/image\\\/\"}}]}<\/script>\n<!-- \/ Yoast SEO plugin. -->","yoast_head_json":{"title":"Partecipazione all'evento di team - syndicom","description":"Devi partecipare agli eventi di team al lavoro? Il tuo sindacato syndicom sa come aiutarti e ti d\u00e0 una mano dal punto di vista legale.","robots":{"index":"index","follow":"follow","max-snippet":"max-snippet:-1","max-image-preview":"max-image-preview:large","max-video-preview":"max-video-preview:-1"},"canonical":"https:\/\/syndicom.ch\/it\/articolo-guida\/partecipazione-evento-di-team\/","og_locale":"it_IT","og_type":"article","og_title":"Partecipazione all'evento di team - syndicom","og_description":"Devi partecipare agli eventi di team al lavoro? Il tuo sindacato syndicom sa come aiutarti e ti d\u00e0 una mano dal punto di vista legale.","og_url":"https:\/\/syndicom.ch\/it\/articolo-guida\/partecipazione-evento-di-team\/","og_site_name":"syndicom","article_modified_time":"2025-05-22T10:18:22+00:00","twitter_card":"summary_large_image","twitter_misc":{"Tempo di lettura stimato":"3 minuti"},"schema":{"@context":"https:\/\/schema.org","@graph":[{"@type":"WebPage","@id":"https:\/\/syndicom.ch\/it\/articolo-guida\/partecipazione-evento-di-team\/","url":"https:\/\/syndicom.ch\/it\/articolo-guida\/partecipazione-evento-di-team\/","name":"Partecipazione all'evento di team - syndicom","isPartOf":{"@id":"https:\/\/syndicom.ch\/it\/#website"},"datePublished":"2018-01-01T14:32:00+00:00","dateModified":"2025-05-22T10:18:22+00:00","description":"Devi partecipare agli eventi di team al lavoro? Il tuo sindacato syndicom sa come aiutarti e ti d\u00e0 una mano dal punto di vista legale.","breadcrumb":{"@id":"https:\/\/syndicom.ch\/it\/articolo-guida\/partecipazione-evento-di-team\/#breadcrumb"},"inLanguage":"it-IT","potentialAction":[{"@type":"ReadAction","target":["https:\/\/syndicom.ch\/it\/articolo-guida\/partecipazione-evento-di-team\/"]}]},{"@type":"BreadcrumbList","@id":"https:\/\/syndicom.ch\/it\/articolo-guida\/partecipazione-evento-di-team\/#breadcrumb","itemListElement":[{"@type":"ListItem","position":1,"name":"Pagina iniziale","item":"https:\/\/syndicom.ch\/it\/"},{"@type":"ListItem","position":2,"name":"Partecipazione all&#8217;evento di team"}]},{"@type":"WebSite","@id":"https:\/\/syndicom.ch\/it\/#website","url":"https:\/\/syndicom.ch\/it\/","name":"syndicom","description":"","publisher":{"@id":"https:\/\/syndicom.ch\/it\/#organization"},"potentialAction":[{"@type":"SearchAction","target":{"@type":"EntryPoint","urlTemplate":"https:\/\/syndicom.ch\/it\/?s={search_term_string}"},"query-input":{"@type":"PropertyValueSpecification","valueRequired":true,"valueName":"search_term_string"}}],"inLanguage":"it-IT"},{"@type":"Organization","@id":"https:\/\/syndicom.ch\/it\/#organization","name":"syndicom","url":"https:\/\/syndicom.ch\/it\/","logo":{"@type":"ImageObject","inLanguage":"it-IT","@id":"https:\/\/syndicom.ch\/it\/#\/schema\/logo\/image\/","url":"https:\/\/syndicom.ch\/app\/uploads\/2024\/06\/logo.svg","contentUrl":"https:\/\/syndicom.ch\/app\/uploads\/2024\/06\/logo.svg","width":297,"height":51,"caption":"syndicom"},"image":{"@id":"https:\/\/syndicom.ch\/it\/#\/schema\/logo\/image\/"}}]}},"_links":{"self":[{"href":"https:\/\/syndicom.ch\/it\/wp-json\/wp\/v2\/article\/4145","targetHints":{"allow":["GET"]}}],"collection":[{"href":"https:\/\/syndicom.ch\/it\/wp-json\/wp\/v2\/article"}],"about":[{"href":"https:\/\/syndicom.ch\/it\/wp-json\/wp\/v2\/types\/article"}],"version-history":[{"count":11,"href":"https:\/\/syndicom.ch\/it\/wp-json\/wp\/v2\/article\/4145\/revisions"}],"predecessor-version":[{"id":37629,"href":"https:\/\/syndicom.ch\/it\/wp-json\/wp\/v2\/article\/4145\/revisions\/37629"}],"wp:attachment":[{"href":"https:\/\/syndicom.ch\/it\/wp-json\/wp\/v2\/media?parent=4145"}],"wp:term":[{"taxonomy":"article-category","embeddable":true,"href":"https:\/\/syndicom.ch\/it\/wp-json\/wp\/v2\/article-category?post=4145"}],"curies":[{"name":"wp","href":"https:\/\/api.w.org\/{rel}","templated":true}]}}