{"id":41103,"date":"2025-06-25T12:17:31","date_gmt":"2025-06-25T10:17:31","guid":{"rendered":"https:\/\/syndicom.ch\/?post_type=pressrelease&#038;p=41103"},"modified":"2025-08-19T18:53:23","modified_gmt":"2025-08-19T16:53:23","slug":"posta-nuovo-ceo","status":"publish","type":"pressrelease","link":"https:\/\/syndicom.ch\/it\/comunicato-stampa\/posta-nuovo-ceo\/","title":{"rendered":"Posta: nuovo CEO"},"content":{"rendered":"\n<div class=\"wp-block-group alignfull has-background-color has-primary-background-color has-text-color has-background has-link-color wp-elements-3313531ade330781bdb675aae361ed9f is-layout-constrained wp-block-group-is-layout-constrained\">\n<div class=\"wp-block-group is-style-narrow is-layout-constrained wp-block-group-is-layout-constrained\">\n<div class=\"wp-block-group pressrelease-meta is-nowrap is-layout-flex wp-container-core-group-is-layout-ad2f72ca wp-block-group-is-layout-flex\"><div class=\"wp-block-post-date\"><time datetime=\"2025-06-25T12:17:31+02:00\">25 Giugno 2025<\/time><\/div><\/div>\n\n\n\n<h1 class=\"wp-block-heading\" style=\"font-size:53px\">Posta: nuovo CEO<\/h1>\n\n\n\n<div class=\"wp-block-columns is-layout-flex wp-container-core-columns-is-layout-9d6595d7 wp-block-columns-is-layout-flex\">\n<div class=\"wp-block-column is-layout-flow wp-block-column-is-layout-flow\" style=\"flex-basis:70%\">\n<p class=\"is-style-lead\">A novembre entrer\u00e0 in carica Pascal Grieder, designato CEO della Posta Svizzera SA. syndicom si aspetta che il nuovo responsabile del gruppo metta al centro dell\u2019attenzione il benessere del personale, si impegni chiaramente a favore del partenariato sociale e agisca con determinazione contro la diminuzione dei salari reali e la soppressione di posti di lavoro.<\/p>\n<\/div>\n<\/div>\n<\/div>\n<\/div>\n\n\n\n<div class=\"wp-block-group alignfull has-background-background-color has-background is-layout-constrained wp-block-group-is-layout-constrained\">\n<div class=\"wp-block-group is-style-narrow is-layout-constrained wp-block-group-is-layout-constrained\">\n<p>Con la nomina di Pascal Grieder finalmente c&#8217;\u00e8 chiarezza ai vertici della Posta. Dal punto di vista del <a href=\"https:\/\/syndicom.ch\/it\/offerte-di-lavoro\/personale-della-posta\/\" target=\"_blank\" rel=\"noreferrer noopener\">personale<\/a> \u00e8 positivo che questa questione sia stata chiarita. La Posta \u00e8 un pilastro fondamentale della Svizzera, dal punto di vista economico, sociale e democratico.<\/p>\n\n\n\n<h2 class=\"wp-block-heading\"><strong>La Posta e il suo nuovo CEO devono affrontare grandi sfide<\/strong><\/h2>\n\n\n\n<p>Matteo Antonini, presidente del sindacato syndicom, formula le sue prime aspettative:<\/p>\n\n\n<div class=\"wp-block-quote-wrapper\">\n<blockquote class=\"wp-block-quote is-layout-flow wp-block-quote-is-layout-flow\">\n<p>Ci aspettiamo che il nuovo CEO della Posta prenda sul serio le preoccupazioni del personale e si impegni chiaramente a favore del partenariato sociale. Il futuro della Posta pu\u00f2 essere plasmato solo insieme al personale, con buone condizioni di lavoro e un servizio pubblico forte. Il nuovo CEO deve riconoscere i contratti collettivi di lavoro esistenti come base del partenariato sociale e impegnarsi per il loro ulteriore sviluppo.<\/p>\n<\/blockquote>\n<\/div>\n\n\n<h2 class=\"wp-block-heading\"><strong>Contrastare la carenza di personale qualificato con buone condizioni di lavoro e salari adeguati<\/strong><\/h2>\n\n\n\n<p>Le sfide che il gruppo Posta deve affrontare sono enormi, soprattutto in termini di politica del personale. La Posta ha difficolt\u00e0 a trovare personale nella logistica e nel trasporto di persone. La soluzione sta nel fornire migliori condizioni di lavoro. Il crollo dei salari nel settore della logistica deve finalmente essere fermato. Nel 2024 i salari reali nel settore postale sono diminuiti di 3,7 punti percentuali rispetto al 2015. In questo contesto, la Posta ha una responsabilit\u00e0 particolare, data la sua forte posizione sul mercato, di recuperare le perdite di salario reale (<a href=\"https:\/\/odoo.syndicom.ch\/r\/hBei\/m\/2753074\" target=\"_blank\" rel=\"noreferrer noopener\">cfr. qui<\/a>). Allo stesso modo, la promessa della Posta di ridurre il numero di dipendenti temporanei deve essere attuata con coerenza.<\/p>\n\n\n\n<h2 class=\"wp-block-heading\"><strong>Innovazione e motivazione invece di tagli ai servizi di base<\/strong><\/h2>\n\n\n\n<p>Anche la fornitura di servizi postali di base alla popolazione e il traffico dei pagamenti richiedono un&#8217;attenzione particolare. Invece di chiudere un ufficio postale dopo l&#8217;altro, occorre una reale motivazione per portare avanti la strategia di apertura della rete. \u00c8 necessario coinvolgere attivamente i possibili partner, come ad esempio i comuni. Il sindacato syndicom sostiene l&#8217;intenzione di rafforzare il settore digitale, ma ci\u00f2 non deve avvenire a scapito delle prestazioni nei servizi di base principali. Le nuove attivit\u00e0 digitali devono essere rapidamente portate in attivo per non gravare sull&#8217;attivit\u00e0 tradizionale. Anche i servizi di base principali (lettere e pacchi) hanno bisogno di innovazione per rimanere competitivi. \u00c8 inoltre necessario prendere una posizione chiara contro il DETEC del consigliere federale R\u00f6sti, che vuole riportare il servizio pubblico alle attivit\u00e0 non redditizie per i privati, trasformando cos\u00ec la Posta in un caso da sovvenzioni.<\/p>\n\n\n\n<p>Il sindacato syndicom tende la mano al nuovo CEO Pascal Grieder affinch\u00e9 si possa garantire insieme un servizio postale di base e del traffico pagamenti ben sviluppato in Svizzera. Ridimensionare il servizio pubblico \u00e8 la strada sbagliata.<\/p>\n<\/div>\n<\/div>\n","protected":false},"excerpt":{"rendered":"<p>Pascal Grieder diventer\u00e0 CEO della Posta a novembre. syndicom chiede che ci si metta al centro dell\u2019attenzione il benessere del personale.<\/p>\n","protected":false},"author":3,"featured_media":43734,"template":"","meta":{"_acf_changed":false,"inline_featured_image":false,"_coblocks_attr":"","_coblocks_dimensions":"","_coblocks_responsive_height":"","_coblocks_accordion_ie_support":"","footnotes":""},"pressrelease-category":[121,114],"class_list":["post-41103","pressrelease","type-pressrelease","status-publish","has-post-thumbnail","hentry","pressrelease-category-medienmitteilung-it","pressrelease-category-logistik-it"],"acf":[],"yoast_head":"<!-- This site is optimized with the Yoast SEO plugin v27.3 - https:\/\/yoast.com\/product\/yoast-seo-wordpress\/ -->\n<title>Posta: nuovo CEO - syndicom<\/title>\n<meta name=\"description\" content=\"Pascal Grieder diventer\u00e0 CEO della Posta a novembre. syndicom chiede che ci si metta al centro dell\u2019attenzione il benessere del personale.\" \/>\n<meta name=\"robots\" content=\"index, follow, max-snippet:-1, max-image-preview:large, max-video-preview:-1\" \/>\n<link rel=\"canonical\" href=\"https:\/\/syndicom.ch\/it\/comunicato-stampa\/posta-nuovo-ceo\/\" \/>\n<meta property=\"og:locale\" content=\"it_IT\" \/>\n<meta property=\"og:type\" content=\"article\" \/>\n<meta property=\"og:title\" content=\"Posta: nuovo CEO - syndicom\" \/>\n<meta property=\"og:description\" content=\"Pascal Grieder diventer\u00e0 CEO della Posta a novembre. syndicom chiede che ci si metta al centro dell\u2019attenzione il benessere del personale.\" \/>\n<meta property=\"og:url\" content=\"https:\/\/syndicom.ch\/it\/comunicato-stampa\/posta-nuovo-ceo\/\" \/>\n<meta property=\"og:site_name\" content=\"syndicom\" \/>\n<meta property=\"article:modified_time\" content=\"2025-08-19T16:53:23+00:00\" \/>\n<meta property=\"og:image\" content=\"https:\/\/syndicom.ch\/app\/uploads\/2025\/06\/gewerkschaft-syndicom-post-pascal-grieder-scaled.jpg\" \/>\n\t<meta property=\"og:image:width\" content=\"2560\" \/>\n\t<meta property=\"og:image:height\" content=\"1708\" \/>\n\t<meta property=\"og:image:type\" content=\"image\/jpeg\" \/>\n<meta name=\"twitter:card\" content=\"summary_large_image\" \/>\n<meta name=\"twitter:label1\" content=\"Tempo di lettura stimato\" \/>\n\t<meta name=\"twitter:data1\" content=\"1 minuto\" \/>\n<script type=\"application\/ld+json\" class=\"yoast-schema-graph\">{\"@context\":\"https:\\\/\\\/schema.org\",\"@graph\":[{\"@type\":\"WebPage\",\"@id\":\"https:\\\/\\\/syndicom.ch\\\/it\\\/comunicato-stampa\\\/posta-nuovo-ceo\\\/\",\"url\":\"https:\\\/\\\/syndicom.ch\\\/it\\\/comunicato-stampa\\\/posta-nuovo-ceo\\\/\",\"name\":\"Posta: nuovo CEO - syndicom\",\"isPartOf\":{\"@id\":\"https:\\\/\\\/syndicom.ch\\\/it\\\/#website\"},\"primaryImageOfPage\":{\"@id\":\"https:\\\/\\\/syndicom.ch\\\/it\\\/comunicato-stampa\\\/posta-nuovo-ceo\\\/#primaryimage\"},\"image\":{\"@id\":\"https:\\\/\\\/syndicom.ch\\\/it\\\/comunicato-stampa\\\/posta-nuovo-ceo\\\/#primaryimage\"},\"thumbnailUrl\":\"https:\\\/\\\/syndicom.ch\\\/app\\\/uploads\\\/2025\\\/06\\\/gewerkschaft-syndicom-post-pascal-grieder-scaled.jpg\",\"datePublished\":\"2025-06-25T10:17:31+00:00\",\"dateModified\":\"2025-08-19T16:53:23+00:00\",\"description\":\"Pascal Grieder diventer\u00e0 CEO della Posta a novembre. syndicom chiede che ci si metta al centro dell\u2019attenzione il benessere del personale.\",\"breadcrumb\":{\"@id\":\"https:\\\/\\\/syndicom.ch\\\/it\\\/comunicato-stampa\\\/posta-nuovo-ceo\\\/#breadcrumb\"},\"inLanguage\":\"it-IT\",\"potentialAction\":[{\"@type\":\"ReadAction\",\"target\":[\"https:\\\/\\\/syndicom.ch\\\/it\\\/comunicato-stampa\\\/posta-nuovo-ceo\\\/\"]}]},{\"@type\":\"ImageObject\",\"inLanguage\":\"it-IT\",\"@id\":\"https:\\\/\\\/syndicom.ch\\\/it\\\/comunicato-stampa\\\/posta-nuovo-ceo\\\/#primaryimage\",\"url\":\"https:\\\/\\\/syndicom.ch\\\/app\\\/uploads\\\/2025\\\/06\\\/gewerkschaft-syndicom-post-pascal-grieder-scaled.jpg\",\"contentUrl\":\"https:\\\/\\\/syndicom.ch\\\/app\\\/uploads\\\/2025\\\/06\\\/gewerkschaft-syndicom-post-pascal-grieder-scaled.jpg\",\"width\":2560,\"height\":1708},{\"@type\":\"BreadcrumbList\",\"@id\":\"https:\\\/\\\/syndicom.ch\\\/it\\\/comunicato-stampa\\\/posta-nuovo-ceo\\\/#breadcrumb\",\"itemListElement\":[{\"@type\":\"ListItem\",\"position\":1,\"name\":\"Pagina iniziale\",\"item\":\"https:\\\/\\\/syndicom.ch\\\/it\\\/\"},{\"@type\":\"ListItem\",\"position\":2,\"name\":\"Posta: nuovo CEO\"}]},{\"@type\":\"WebSite\",\"@id\":\"https:\\\/\\\/syndicom.ch\\\/it\\\/#website\",\"url\":\"https:\\\/\\\/syndicom.ch\\\/it\\\/\",\"name\":\"syndicom\",\"description\":\"\",\"publisher\":{\"@id\":\"https:\\\/\\\/syndicom.ch\\\/it\\\/#organization\"},\"potentialAction\":[{\"@type\":\"SearchAction\",\"target\":{\"@type\":\"EntryPoint\",\"urlTemplate\":\"https:\\\/\\\/syndicom.ch\\\/it\\\/?s={search_term_string}\"},\"query-input\":{\"@type\":\"PropertyValueSpecification\",\"valueRequired\":true,\"valueName\":\"search_term_string\"}}],\"inLanguage\":\"it-IT\"},{\"@type\":\"Organization\",\"@id\":\"https:\\\/\\\/syndicom.ch\\\/it\\\/#organization\",\"name\":\"syndicom\",\"url\":\"https:\\\/\\\/syndicom.ch\\\/it\\\/\",\"logo\":{\"@type\":\"ImageObject\",\"inLanguage\":\"it-IT\",\"@id\":\"https:\\\/\\\/syndicom.ch\\\/it\\\/#\\\/schema\\\/logo\\\/image\\\/\",\"url\":\"https:\\\/\\\/syndicom.ch\\\/app\\\/uploads\\\/2024\\\/06\\\/logo.svg\",\"contentUrl\":\"https:\\\/\\\/syndicom.ch\\\/app\\\/uploads\\\/2024\\\/06\\\/logo.svg\",\"width\":297,\"height\":51,\"caption\":\"syndicom\"},\"image\":{\"@id\":\"https:\\\/\\\/syndicom.ch\\\/it\\\/#\\\/schema\\\/logo\\\/image\\\/\"}}]}<\/script>\n<!-- \/ Yoast SEO plugin. -->","yoast_head_json":{"title":"Posta: nuovo CEO - syndicom","description":"Pascal Grieder diventer\u00e0 CEO della Posta a novembre. syndicom chiede che ci si metta al centro dell\u2019attenzione il benessere del personale.","robots":{"index":"index","follow":"follow","max-snippet":"max-snippet:-1","max-image-preview":"max-image-preview:large","max-video-preview":"max-video-preview:-1"},"canonical":"https:\/\/syndicom.ch\/it\/comunicato-stampa\/posta-nuovo-ceo\/","og_locale":"it_IT","og_type":"article","og_title":"Posta: nuovo CEO - syndicom","og_description":"Pascal Grieder diventer\u00e0 CEO della Posta a novembre. syndicom chiede che ci si metta al centro dell\u2019attenzione il benessere del personale.","og_url":"https:\/\/syndicom.ch\/it\/comunicato-stampa\/posta-nuovo-ceo\/","og_site_name":"syndicom","article_modified_time":"2025-08-19T16:53:23+00:00","og_image":[{"width":2560,"height":1708,"url":"https:\/\/syndicom.ch\/app\/uploads\/2025\/06\/gewerkschaft-syndicom-post-pascal-grieder-scaled.jpg","type":"image\/jpeg"}],"twitter_card":"summary_large_image","twitter_misc":{"Tempo di lettura stimato":"1 minuto"},"schema":{"@context":"https:\/\/schema.org","@graph":[{"@type":"WebPage","@id":"https:\/\/syndicom.ch\/it\/comunicato-stampa\/posta-nuovo-ceo\/","url":"https:\/\/syndicom.ch\/it\/comunicato-stampa\/posta-nuovo-ceo\/","name":"Posta: nuovo CEO - syndicom","isPartOf":{"@id":"https:\/\/syndicom.ch\/it\/#website"},"primaryImageOfPage":{"@id":"https:\/\/syndicom.ch\/it\/comunicato-stampa\/posta-nuovo-ceo\/#primaryimage"},"image":{"@id":"https:\/\/syndicom.ch\/it\/comunicato-stampa\/posta-nuovo-ceo\/#primaryimage"},"thumbnailUrl":"https:\/\/syndicom.ch\/app\/uploads\/2025\/06\/gewerkschaft-syndicom-post-pascal-grieder-scaled.jpg","datePublished":"2025-06-25T10:17:31+00:00","dateModified":"2025-08-19T16:53:23+00:00","description":"Pascal Grieder diventer\u00e0 CEO della Posta a novembre. syndicom chiede che ci si metta al centro dell\u2019attenzione il benessere del personale.","breadcrumb":{"@id":"https:\/\/syndicom.ch\/it\/comunicato-stampa\/posta-nuovo-ceo\/#breadcrumb"},"inLanguage":"it-IT","potentialAction":[{"@type":"ReadAction","target":["https:\/\/syndicom.ch\/it\/comunicato-stampa\/posta-nuovo-ceo\/"]}]},{"@type":"ImageObject","inLanguage":"it-IT","@id":"https:\/\/syndicom.ch\/it\/comunicato-stampa\/posta-nuovo-ceo\/#primaryimage","url":"https:\/\/syndicom.ch\/app\/uploads\/2025\/06\/gewerkschaft-syndicom-post-pascal-grieder-scaled.jpg","contentUrl":"https:\/\/syndicom.ch\/app\/uploads\/2025\/06\/gewerkschaft-syndicom-post-pascal-grieder-scaled.jpg","width":2560,"height":1708},{"@type":"BreadcrumbList","@id":"https:\/\/syndicom.ch\/it\/comunicato-stampa\/posta-nuovo-ceo\/#breadcrumb","itemListElement":[{"@type":"ListItem","position":1,"name":"Pagina iniziale","item":"https:\/\/syndicom.ch\/it\/"},{"@type":"ListItem","position":2,"name":"Posta: nuovo CEO"}]},{"@type":"WebSite","@id":"https:\/\/syndicom.ch\/it\/#website","url":"https:\/\/syndicom.ch\/it\/","name":"syndicom","description":"","publisher":{"@id":"https:\/\/syndicom.ch\/it\/#organization"},"potentialAction":[{"@type":"SearchAction","target":{"@type":"EntryPoint","urlTemplate":"https:\/\/syndicom.ch\/it\/?s={search_term_string}"},"query-input":{"@type":"PropertyValueSpecification","valueRequired":true,"valueName":"search_term_string"}}],"inLanguage":"it-IT"},{"@type":"Organization","@id":"https:\/\/syndicom.ch\/it\/#organization","name":"syndicom","url":"https:\/\/syndicom.ch\/it\/","logo":{"@type":"ImageObject","inLanguage":"it-IT","@id":"https:\/\/syndicom.ch\/it\/#\/schema\/logo\/image\/","url":"https:\/\/syndicom.ch\/app\/uploads\/2024\/06\/logo.svg","contentUrl":"https:\/\/syndicom.ch\/app\/uploads\/2024\/06\/logo.svg","width":297,"height":51,"caption":"syndicom"},"image":{"@id":"https:\/\/syndicom.ch\/it\/#\/schema\/logo\/image\/"}}]}},"_links":{"self":[{"href":"https:\/\/syndicom.ch\/it\/wp-json\/wp\/v2\/pressrelease\/41103","targetHints":{"allow":["GET"]}}],"collection":[{"href":"https:\/\/syndicom.ch\/it\/wp-json\/wp\/v2\/pressrelease"}],"about":[{"href":"https:\/\/syndicom.ch\/it\/wp-json\/wp\/v2\/types\/pressrelease"}],"author":[{"embeddable":true,"href":"https:\/\/syndicom.ch\/it\/wp-json\/wp\/v2\/users\/3"}],"version-history":[{"count":5,"href":"https:\/\/syndicom.ch\/it\/wp-json\/wp\/v2\/pressrelease\/41103\/revisions"}],"predecessor-version":[{"id":44924,"href":"https:\/\/syndicom.ch\/it\/wp-json\/wp\/v2\/pressrelease\/41103\/revisions\/44924"}],"wp:featuredmedia":[{"embeddable":true,"href":"https:\/\/syndicom.ch\/it\/wp-json\/wp\/v2\/media\/43734"}],"wp:attachment":[{"href":"https:\/\/syndicom.ch\/it\/wp-json\/wp\/v2\/media?parent=41103"}],"wp:term":[{"taxonomy":"pressrelease-category","embeddable":true,"href":"https:\/\/syndicom.ch\/it\/wp-json\/wp\/v2\/pressrelease-category?post=41103"}],"curies":[{"name":"wp","href":"https:\/\/api.w.org\/{rel}","templated":true}]}}