{"id":61980,"date":"2026-04-29T10:54:19","date_gmt":"2026-04-29T08:54:19","guid":{"rendered":"https:\/\/syndicom.ch\/?post_type=pressrelease&#038;p=61980"},"modified":"2026-04-29T11:19:31","modified_gmt":"2026-04-29T09:19:31","slug":"syndicom-dice-si-allaccordo-di-settore-per-la-stampa","status":"publish","type":"pressrelease","link":"https:\/\/syndicom.ch\/it\/comunicato-stampa\/syndicom-dice-si-allaccordo-di-settore-per-la-stampa\/","title":{"rendered":"syndicom dice S\u00ec all\u2019accordo di settore per la stampa"},"content":{"rendered":"\n<div class=\"wp-block-group alignfull has-background-color has-primary-background-color has-text-color has-background has-link-color wp-elements-3313531ade330781bdb675aae361ed9f is-layout-constrained wp-block-group-is-layout-constrained\">\n<div class=\"wp-block-group is-style-narrow is-layout-constrained wp-block-group-is-layout-constrained\">\n<div class=\"wp-block-group pressrelease-meta is-nowrap is-layout-flex wp-container-core-group-is-layout-ad2f72ca wp-block-group-is-layout-flex\"><div class=\"wp-block-post-date\"><time datetime=\"2026-04-29T10:54:19+02:00\">29 Aprile 2026<\/time><\/div><\/div>\n\n\n\n<h1 class=\"wp-block-heading\" style=\"font-size:53px\">syndicom dice S\u00ec all\u2019accordo di settore per la stampa<\/h1>\n\n\n\n<div class=\"wp-block-columns is-layout-flex wp-container-core-columns-is-layout-9d6595d7 wp-block-columns-is-layout-flex\">\n<div class=\"wp-block-column is-layout-flow wp-block-column-is-layout-flow\" style=\"flex-basis:70%\">\n<p class=\"is-style-lead\">Il 28 aprile 2026 syndicom ha approvato l\u2019accordo di settore per la regolamentazione delle condizioni minime di lavoro nella stampa. L\u2019accordo di settore introduce standard minimi urgentemente necessari per gli operatori dei media della Svizzera tedesca e del Ticino. Si tratta di un primo passo dopo un lungo periodo senza contratto. L\u2019obiettivo resta quello di migliorare ulteriormente le condizioni di lavoro grazie a un\u2019evoluzione del partenariato sociale.\u00a0<\/p>\n<\/div>\n<\/div>\n<\/div>\n<\/div>\n\n\n\n<div class=\"wp-block-group alignfull has-background-background-color has-background is-layout-constrained wp-block-group-is-layout-constrained\">\n<div class=\"wp-block-group is-style-narrow is-layout-constrained wp-block-group-is-layout-constrained\">\n<p>In un contesto rimasto privo di regolamentazione da due decenni e segnato da piani di risparmio e licenziamenti collettivi, i membri di syndicom hanno adottato, in occasione della conferenza di settore degli operatori dei media, l\u2019accordo di settore per la regolamentazione delle condizioni minime di lavoro. L\u2019accordo collettivo \u00e8 un compromesso raggiunto attraverso numerose tornate negoziali con l\u2019Associazione degli editori VSM.<\/p>\n\n\n\n<h2 class=\"wp-block-heading\"><strong>Standard minimi al posto di uno spazio \u00abprivo di regole\u00bb<\/strong><\/h2>\n\n\n\n<p>L\u2019accordo di settore obbliga per la prima volta da decenni le case editrici firmatarie a rispettare standard minimi vincolanti. In un mercato del lavoro finora caratterizzato da pressione salariale, precariet\u00e0 e continui tagli del personale, si tratta di un passo importante per uscire da una situazione di assenza di contratto.<br><br>I miglioramenti sono particolarmente percepibili per chi entra nella professione. I salari d\u2019ingresso concordati sono superiori al livello precedente e correggono in parte la sottoretribuzione strutturale dei giovani operatori dei media.<br><br>Stephanie Vonarburg,\u00a0responsabile del settore media e vicepresidente di syndicom, afferma:<\/p>\n\n\n<div class=\"wp-block-quote-wrapper\">\n<blockquote class=\"wp-block-quote is-layout-flow wp-block-quote-is-layout-flow\">\n<p>Un contratto collettivo deve intervenire prima di tutto laddove la pressione \u00e8 pi\u00f9 forte: sui salari pi\u00f9 bassi e sui rapporti di lavoro pi\u00f9 precari. Un settore ha futuro solo se rimane attraente per le nuove leve. Con l\u2019accordo di settore ci attendiamo, per circa il 20 per cento del personale potenzialmente assoggettato, miglioramenti concreti dei salari d\u2019ingresso.<\/p>\n<\/blockquote>\n<\/div>\n\n\n<p>L\u2019accordo crea cos\u00ec le basi su cui costruire ulteriori miglioramenti e impedisce nuovi passi indietro sulle condizioni di lavoro. Offre al settore la possibilit\u00e0 di uscire dalla modalit\u00e0 di crisi che dura da anni.<\/p>\n\n\n\n<h2 class=\"wp-block-heading\"><strong>Punti critici per gli operatori dei media indipendenti<\/strong><\/h2>\n\n\n\n<p>Per quanto importante, su un punto centrale l\u2019accordo di settore resta indietro rispetto alle rivendicazioni di syndicom. La principale critica riguarda gli onorari degli operatori dei media indipendenti. Nell\u2019accordo di settore questi non sono fissati in modo vincolante, ma devono semplicemente essere adeguati. Considerato che gli operatori dei media indipendenti hanno subito in modo particolarmente marcato le conseguenze dell\u2019assenza di contratto, ci\u00f2 \u00e8 insufficiente. Tuttavia syndicom \u00e8 riuscito a far riconoscere la necessit\u00e0 di onorari adeguati.<br><br>Stephanie Vonarburg,\u00a0responsabile del settore media e vicepresidente di syndicom, sottolinea:<\/p>\n\n\n<div class=\"wp-block-quote-wrapper\">\n<blockquote class=\"wp-block-quote is-layout-flow wp-block-quote-is-layout-flow\">\n<p>Gli onorari degli indipendenti devono essere regolati e migliorati. Una tariffa giornaliera inferiore a 550 franchi non \u00e8 adeguata, con questa cifra non si pu\u00f2 vivere. \u00c8 un principio riconosciuto in qualunque professione artigianale e deve tornare a essere lo standard minimo anche nel settore dei media. Per ottenerlo serve per\u00f2 ancora molto lavoro di informazione e sensibilizzazione.<\/p>\n<\/blockquote>\n<\/div>\n\n\n<h2 class=\"wp-block-heading\"><strong>Dopo la decisione, ora tocca agli editori<\/strong><\/h2>\n\n\n\n<p>Dopo la decisione di syndicom, ora spetta alla VSM decidere in merito alla propria adesione il 7 maggio. Con il comunicato pubblico del 22 aprile, la presidenza della VSM ha spianato la strada a tale decisione. Anche impressum ha dichiarato di volersi unire all\u2019iniziativa. Affinch\u00e9 l\u2019accordo di categoria entri in vigore, \u00e8 necessario che un numero sufficiente di case editrici lo sottoscriva, in modo che almeno 3\u2019000 dipendenti siano soggetti al contratto. Si tratta, secondo il quorum concordato, dei tre quarti dei potenziali soggetti al contratto.<\/p>\n\n\n\n<h2 class=\"wp-block-heading\"><strong>Impegno per un CCL forte<\/strong><\/h2>\n\n\n\n<p>L\u2019accordo di settore ha una durata di tre anni dall\u2019entrata in vigore, quindi fino al 2029. Ogni anno le parti sociali ne verificheranno congiuntamente l\u2019attuazione. Esse intendono inoltre svilupparlo ulteriormente in modo congiunto. L\u2019accordo di settore \u00e8 quindi un primo passo verso un vero e proprio contratto collettivo di lavoro.\u00a0<br><br>Stephanie Vonarburg, a capo dei negoziati\u00a0di syndicom, \u00e8 convinta:<\/p>\n\n\n<div class=\"wp-block-quote-wrapper\">\n<blockquote class=\"wp-block-quote is-layout-flow wp-block-quote-is-layout-flow\">\n<p>Un nuovo CCL deve intervenire laddove l\u2019accordo attuale non porta progressi n\u00e9 soluzioni: su onorari minimi vincolanti, su un\u2019evoluzione salariale per tutti, sulla protezione contro i licenziamenti e su condizioni di lavoro eque e durature per tutti gli operatori dei media, sia per quelli assunti a tempo indeterminato sia per gli indipendenti.<\/p>\n<\/blockquote>\n<\/div>\n\n\n<p>syndicom \u00e8 la voce di tutto il personale dei media e si impegna, insieme ai propri membri, a favore di condizioni di lavoro e condizioni quadro vincolanti nel settore dei media.<\/p>\n<\/div>\n<\/div>\n","protected":false},"excerpt":{"rendered":"<p>Il 28 aprile 2026 syndicom ha approvato l\u2019accordo di settore per la regolamentazione delle condizioni minime di lavoro nella stampa. <\/p>\n","protected":false},"author":3,"featured_media":0,"template":"","meta":{"_acf_changed":false,"inline_featured_image":false,"_coblocks_attr":"","_coblocks_dimensions":"","_coblocks_responsive_height":"","_coblocks_accordion_ie_support":"","footnotes":""},"pressrelease-category":[],"class_list":["post-61980","pressrelease","type-pressrelease","status-publish","hentry"],"acf":[],"yoast_head":"<!-- This site is optimized with the Yoast SEO plugin v27.3 - https:\/\/yoast.com\/product\/yoast-seo-wordpress\/ -->\n<title>syndicom dice S\u00ec all\u2019accordo di settore per la stampa - syndicom<\/title>\n<meta name=\"description\" content=\"Il 28 aprile 2026 syndicom ha approvato l\u2019accordo di settore per la regolamentazione delle condizioni minime di lavoro nella stampa.\" \/>\n<meta name=\"robots\" content=\"index, follow, max-snippet:-1, max-image-preview:large, max-video-preview:-1\" \/>\n<link rel=\"canonical\" href=\"https:\/\/syndicom.ch\/it\/comunicato-stampa\/syndicom-dice-si-allaccordo-di-settore-per-la-stampa\/\" \/>\n<meta property=\"og:locale\" content=\"it_IT\" \/>\n<meta property=\"og:type\" content=\"article\" \/>\n<meta property=\"og:title\" content=\"syndicom dice S\u00ec all\u2019accordo di settore per la stampa - syndicom\" \/>\n<meta property=\"og:description\" content=\"Il 28 aprile 2026 syndicom ha approvato l\u2019accordo di settore per la regolamentazione delle condizioni minime di lavoro nella stampa.\" \/>\n<meta property=\"og:url\" content=\"https:\/\/syndicom.ch\/it\/comunicato-stampa\/syndicom-dice-si-allaccordo-di-settore-per-la-stampa\/\" \/>\n<meta property=\"og:site_name\" content=\"syndicom\" \/>\n<meta property=\"article:modified_time\" content=\"2026-04-29T09:19:31+00:00\" \/>\n<meta name=\"twitter:card\" content=\"summary_large_image\" \/>\n<meta name=\"twitter:label1\" content=\"Tempo di lettura stimato\" \/>\n\t<meta name=\"twitter:data1\" content=\"3 minuti\" \/>\n<script type=\"application\/ld+json\" class=\"yoast-schema-graph\">{\"@context\":\"https:\\\/\\\/schema.org\",\"@graph\":[{\"@type\":\"WebPage\",\"@id\":\"https:\\\/\\\/syndicom.ch\\\/it\\\/comunicato-stampa\\\/syndicom-dice-si-allaccordo-di-settore-per-la-stampa\\\/\",\"url\":\"https:\\\/\\\/syndicom.ch\\\/it\\\/comunicato-stampa\\\/syndicom-dice-si-allaccordo-di-settore-per-la-stampa\\\/\",\"name\":\"syndicom dice S\u00ec all\u2019accordo di settore per la stampa - syndicom\",\"isPartOf\":{\"@id\":\"https:\\\/\\\/syndicom.ch\\\/it\\\/#website\"},\"datePublished\":\"2026-04-29T08:54:19+00:00\",\"dateModified\":\"2026-04-29T09:19:31+00:00\",\"description\":\"Il 28 aprile 2026 syndicom ha approvato l\u2019accordo di settore per la regolamentazione delle condizioni minime di lavoro nella stampa.\",\"breadcrumb\":{\"@id\":\"https:\\\/\\\/syndicom.ch\\\/it\\\/comunicato-stampa\\\/syndicom-dice-si-allaccordo-di-settore-per-la-stampa\\\/#breadcrumb\"},\"inLanguage\":\"it-IT\",\"potentialAction\":[{\"@type\":\"ReadAction\",\"target\":[\"https:\\\/\\\/syndicom.ch\\\/it\\\/comunicato-stampa\\\/syndicom-dice-si-allaccordo-di-settore-per-la-stampa\\\/\"]}]},{\"@type\":\"BreadcrumbList\",\"@id\":\"https:\\\/\\\/syndicom.ch\\\/it\\\/comunicato-stampa\\\/syndicom-dice-si-allaccordo-di-settore-per-la-stampa\\\/#breadcrumb\",\"itemListElement\":[{\"@type\":\"ListItem\",\"position\":1,\"name\":\"Pagina iniziale\",\"item\":\"https:\\\/\\\/syndicom.ch\\\/it\\\/\"},{\"@type\":\"ListItem\",\"position\":2,\"name\":\"syndicom dice S\u00ec all\u2019accordo di settore per la stampa\"}]},{\"@type\":\"WebSite\",\"@id\":\"https:\\\/\\\/syndicom.ch\\\/it\\\/#website\",\"url\":\"https:\\\/\\\/syndicom.ch\\\/it\\\/\",\"name\":\"syndicom\",\"description\":\"\",\"publisher\":{\"@id\":\"https:\\\/\\\/syndicom.ch\\\/it\\\/#organization\"},\"potentialAction\":[{\"@type\":\"SearchAction\",\"target\":{\"@type\":\"EntryPoint\",\"urlTemplate\":\"https:\\\/\\\/syndicom.ch\\\/it\\\/?s={search_term_string}\"},\"query-input\":{\"@type\":\"PropertyValueSpecification\",\"valueRequired\":true,\"valueName\":\"search_term_string\"}}],\"inLanguage\":\"it-IT\"},{\"@type\":\"Organization\",\"@id\":\"https:\\\/\\\/syndicom.ch\\\/it\\\/#organization\",\"name\":\"syndicom\",\"url\":\"https:\\\/\\\/syndicom.ch\\\/it\\\/\",\"logo\":{\"@type\":\"ImageObject\",\"inLanguage\":\"it-IT\",\"@id\":\"https:\\\/\\\/syndicom.ch\\\/it\\\/#\\\/schema\\\/logo\\\/image\\\/\",\"url\":\"https:\\\/\\\/syndicom.ch\\\/app\\\/uploads\\\/2024\\\/06\\\/logo.svg\",\"contentUrl\":\"https:\\\/\\\/syndicom.ch\\\/app\\\/uploads\\\/2024\\\/06\\\/logo.svg\",\"width\":297,\"height\":51,\"caption\":\"syndicom\"},\"image\":{\"@id\":\"https:\\\/\\\/syndicom.ch\\\/it\\\/#\\\/schema\\\/logo\\\/image\\\/\"}}]}<\/script>\n<!-- \/ Yoast SEO plugin. -->","yoast_head_json":{"title":"syndicom dice S\u00ec all\u2019accordo di settore per la stampa - syndicom","description":"Il 28 aprile 2026 syndicom ha approvato l\u2019accordo di settore per la regolamentazione delle condizioni minime di lavoro nella stampa.","robots":{"index":"index","follow":"follow","max-snippet":"max-snippet:-1","max-image-preview":"max-image-preview:large","max-video-preview":"max-video-preview:-1"},"canonical":"https:\/\/syndicom.ch\/it\/comunicato-stampa\/syndicom-dice-si-allaccordo-di-settore-per-la-stampa\/","og_locale":"it_IT","og_type":"article","og_title":"syndicom dice S\u00ec all\u2019accordo di settore per la stampa - syndicom","og_description":"Il 28 aprile 2026 syndicom ha approvato l\u2019accordo di settore per la regolamentazione delle condizioni minime di lavoro nella stampa.","og_url":"https:\/\/syndicom.ch\/it\/comunicato-stampa\/syndicom-dice-si-allaccordo-di-settore-per-la-stampa\/","og_site_name":"syndicom","article_modified_time":"2026-04-29T09:19:31+00:00","twitter_card":"summary_large_image","twitter_misc":{"Tempo di lettura stimato":"3 minuti"},"schema":{"@context":"https:\/\/schema.org","@graph":[{"@type":"WebPage","@id":"https:\/\/syndicom.ch\/it\/comunicato-stampa\/syndicom-dice-si-allaccordo-di-settore-per-la-stampa\/","url":"https:\/\/syndicom.ch\/it\/comunicato-stampa\/syndicom-dice-si-allaccordo-di-settore-per-la-stampa\/","name":"syndicom dice S\u00ec all\u2019accordo di settore per la stampa - syndicom","isPartOf":{"@id":"https:\/\/syndicom.ch\/it\/#website"},"datePublished":"2026-04-29T08:54:19+00:00","dateModified":"2026-04-29T09:19:31+00:00","description":"Il 28 aprile 2026 syndicom ha approvato l\u2019accordo di settore per la regolamentazione delle condizioni minime di lavoro nella stampa.","breadcrumb":{"@id":"https:\/\/syndicom.ch\/it\/comunicato-stampa\/syndicom-dice-si-allaccordo-di-settore-per-la-stampa\/#breadcrumb"},"inLanguage":"it-IT","potentialAction":[{"@type":"ReadAction","target":["https:\/\/syndicom.ch\/it\/comunicato-stampa\/syndicom-dice-si-allaccordo-di-settore-per-la-stampa\/"]}]},{"@type":"BreadcrumbList","@id":"https:\/\/syndicom.ch\/it\/comunicato-stampa\/syndicom-dice-si-allaccordo-di-settore-per-la-stampa\/#breadcrumb","itemListElement":[{"@type":"ListItem","position":1,"name":"Pagina iniziale","item":"https:\/\/syndicom.ch\/it\/"},{"@type":"ListItem","position":2,"name":"syndicom dice S\u00ec all\u2019accordo di settore per la stampa"}]},{"@type":"WebSite","@id":"https:\/\/syndicom.ch\/it\/#website","url":"https:\/\/syndicom.ch\/it\/","name":"syndicom","description":"","publisher":{"@id":"https:\/\/syndicom.ch\/it\/#organization"},"potentialAction":[{"@type":"SearchAction","target":{"@type":"EntryPoint","urlTemplate":"https:\/\/syndicom.ch\/it\/?s={search_term_string}"},"query-input":{"@type":"PropertyValueSpecification","valueRequired":true,"valueName":"search_term_string"}}],"inLanguage":"it-IT"},{"@type":"Organization","@id":"https:\/\/syndicom.ch\/it\/#organization","name":"syndicom","url":"https:\/\/syndicom.ch\/it\/","logo":{"@type":"ImageObject","inLanguage":"it-IT","@id":"https:\/\/syndicom.ch\/it\/#\/schema\/logo\/image\/","url":"https:\/\/syndicom.ch\/app\/uploads\/2024\/06\/logo.svg","contentUrl":"https:\/\/syndicom.ch\/app\/uploads\/2024\/06\/logo.svg","width":297,"height":51,"caption":"syndicom"},"image":{"@id":"https:\/\/syndicom.ch\/it\/#\/schema\/logo\/image\/"}}]}},"_links":{"self":[{"href":"https:\/\/syndicom.ch\/it\/wp-json\/wp\/v2\/pressrelease\/61980","targetHints":{"allow":["GET"]}}],"collection":[{"href":"https:\/\/syndicom.ch\/it\/wp-json\/wp\/v2\/pressrelease"}],"about":[{"href":"https:\/\/syndicom.ch\/it\/wp-json\/wp\/v2\/types\/pressrelease"}],"author":[{"embeddable":true,"href":"https:\/\/syndicom.ch\/it\/wp-json\/wp\/v2\/users\/3"}],"version-history":[{"count":1,"href":"https:\/\/syndicom.ch\/it\/wp-json\/wp\/v2\/pressrelease\/61980\/revisions"}],"predecessor-version":[{"id":61981,"href":"https:\/\/syndicom.ch\/it\/wp-json\/wp\/v2\/pressrelease\/61980\/revisions\/61981"}],"wp:attachment":[{"href":"https:\/\/syndicom.ch\/it\/wp-json\/wp\/v2\/media?parent=61980"}],"wp:term":[{"taxonomy":"pressrelease-category","embeddable":true,"href":"https:\/\/syndicom.ch\/it\/wp-json\/wp\/v2\/pressrelease-category?post=61980"}],"curies":[{"name":"wp","href":"https:\/\/api.w.org\/{rel}","templated":true}]}}